{"id":17502,"date":"2026-09-01T23:08:41","date_gmt":"2026-09-01T23:08:41","guid":{"rendered":"https:\/\/news-fm.ro\/index.php\/2026\/09\/01\/maneskin-reuniune-speciala-la-sanremo-2027\/"},"modified":"2026-09-01T23:08:41","modified_gmt":"2026-09-01T23:08:41","slug":"maneskin-reuniune-speciala-la-sanremo-2027","status":"publish","type":"post","link":"https:\/\/news-fm.ro\/index.php\/2026\/09\/01\/maneskin-reuniune-speciala-la-sanremo-2027\/","title":{"rendered":"Maneskin, reuniune special\u0103 la Sanremo 2027"},"content":{"rendered":"<p>Cei patru arti\u0219ti sunt adu\u0219i \u00een calitate de invita\u021bi speciali la cea de-a 77-a edi\u021bie a festivalului Sanremo, programat\u0103 pentru 16-20 februarie 2027, la Teatro Ariston. Informa\u021bia a fost dezv\u0103luit\u0103 de Stefano De Martino, prezentatorul \u0219i directorul artistic al edi\u021biei Sanremo 2027, citat\u0103 de mai multe publica\u021bii de profil, precum <a href=\"https:\/\/www.rollingstone.it\/musica\/news-musica\/i-maneskin-si-riuniranno-a-sanremo\/1038213\/\" target=\"_blank\" rel=\"noopener\">Rolling Stone Italia<\/a> \u0219i <a href=\"https:\/\/billboard.it\/news\/maneskin-ospiti-sanremo-2027\/2026\/08\/31209305\/\" target=\"_blank\" rel=\"noopener\">Billboard Italia<\/a>. Mai mult, direc\u021bia muzical\u0103 a festivalului va fi realizat\u0103 \u00een colaborare cu Fabrizio Ferraguzzo, managerul Maneskin. Implicarea lui \u00een show face \u0219i mai posibil\u0103 revenirea forma\u021biei \u00een lumina reflectoarelor.<\/p>\n<p>Mai multe detalii despre recitalul trupei nu au fost \u00eenc\u0103 dezv\u0103luite. Nici membrii Maneskin nu au comentat public informa\u021bia.<\/p>\n<p>Maneskin a devenit cunoscut\u0103 \u00een Italia dup\u0103 participarea la X Factor. Momentul decisiv a venit \u00een 2021, c\u00e2nd forma\u021bia a c\u00e2\u0219tigat Festivalul de la Sanremo cu piesa &#8220;Zitti e buoni&#8221;. Victoria le-a oferit dreptul de a reprezenta Italia la Eurovision Song Contest 2021. Trupa a c\u00e2\u0219tigat competi\u021bia de la Rotterdam \u0219i a devenit rapid unul dintre cele mai cunoscute nume ale rock-ului italian la nivel interna\u021bional.<\/p>\n<\/p>\n<p>Succesul a continuat cu albumul &#8220;Rush!&#8221;, lansat \u00een ianuarie 2023. Materialul a ajuns \u00een fruntea clasamentelor din mai multe \u021b\u0103ri. Maneskin a ob\u021binut, de asemenea, dou\u0103 trofee MTV Video Music Awards \u0219i o nominalizare la Grammy la categoria Best New Artist.<\/p>\n<p>Membrii Maneskin s-au concentrat pe cariere solo<\/p>\n<p>\u00cen 2024, Maneskin a anun\u021bat c\u0103 ia o pauz\u0103 pentru ca membrii forma\u021biei s\u0103 se poat\u0103 concentra pe proiecte personale. Damiano David \u0219i-a construit \u00eentre timp o carier\u0103 solo \u0219i a lansat albumul &#8220;Funny Little Fears&#8221;.<\/p>\n<p>Victoria De Angelis s-a concentrat pe produc\u021bii muzicale interna\u021bionale \u0219i pe activitatea de DJ. Thomas Raggi \u0219i Ethan Torchio au continuat, la r\u00e2ndul lor, s\u0103 lucreze la proiecte individuale.<\/p>\n<p>Prezen\u021ba la Sanremo 2027 nu \u00eenseamn\u0103 neap\u0103rat o reuniune permanent\u0103<\/p>\n<p>Participarea la Sanremo 2027 ar trebui privit\u0103, cel pu\u021bin deocamdat\u0103, ca o apari\u021bie live special\u0103. Nu exist\u0103 informa\u021bii oficiale potrivit c\u0103rora reuniunea ar marca lansarea unui nou album sau reluarea permanent\u0103 a activit\u0103\u021bii Maneskin.<\/p>\n<p>R\u0103m\u00e2i al\u0103turi de noi, <a href=\"https:\/\/www.infomusic.ro\/newsletter\/\" rel=\"bookmark\" title=\"Aboneaz\u0103-te la newsletter\">aboneaz\u0103-te la newsletterul cu \u0219tiri \u0219i evenimente!<\/a><\/p>\n<p> \u00ce\u021bi recomand\u0103m aceste videoclipuri <\/p>\n<p><img decoding=\"async\" src=\"https:\/\/static.infomusic.ro\/logo-slogan.svg\" alt=\"INFOMUSIC\" width=\"150\" height=\"150\"\/><\/p>\n<p> <a href=\"https:\/\/www.infomusic.ro\/stiri\/muzica\/industria-muzicala\/\">Industria muzicala<\/a>Dolly Parton \u0219i colabor\u0103ri muzicale surprinz\u0103toare: de la Sabrina Carpenter \u0219i Miley Cyrus la M\u00e5neskin \u0219i Beyonc\u00e9 <\/p>\n<p>Dolly Parton \u0219i-a demonstrat constant creativitatea \u00een muzica country, dar a \u0219i dep\u0103\u0219it limitele impuse de acest gen. A colaborat cu arti\u0219ti pop, rock \u0219i chiar cu produc\u0103tori de muzic\u0103 electronic\u0103, ajung\u00e2nd s\u0103 fie prezent\u0103 \u00een proiecte care, la prima vedere, p\u0103reau s\u0103 nu aib\u0103 prea multe \u00een comun cu universul ei muzical.\u00a0<\/p>\n<p><img loading=\"lazy\" alt src=\"https:\/\/secure.gravatar.com\/avatar\/a088e08883d33ed9770d266ee8cf1b04789e2ef9e93eeeb1a3535dce2090b113?s=46&#038;d=blank&#038;r=g\"  height=\"46\" width=\"46\" loading=\"lazy\" decoding=\"async\"\/><\/p>\n<p>Publicat<\/p>\n<p>acum 7 zile<\/p>\n<p>pe<\/p>\n<p>26\/08\/2026<\/p>\n<p><img loading=\"lazy\" width=\"1000\" height=\"667\" src=\"https:\/\/static.infomusic.ro\/media\/2026\/08\/dolly-parton-miley-cyrus-live-2023-1000x667.jpg\" alt=\"Dolly Parton \u0219i Miley Cyrus live\" decoding=\"async\" loading=\"lazy\"\/><\/p>\n<p> Dolly Parton \u0219i Miley Cyrus live \u2502 FOTO: Cover Nation <a href=\"https:\/\/www.youtube.com\/watch?v=cR4EQ_dI1BM\" rel=\"nofollow\" target=\"_blank\">www.youtube.com<\/a> <\/p>\n<p>Unele dintre aceste \u00eent\u00e2lniri muzicale au fost cu adev\u0103rat surprinz\u0103toare. De la Sabrina Carpenter \u0219i Beyonc\u00e9 p\u00e2n\u0103 la M\u00e5neskin \u0219i Galantis, Dolly Parton a demonstrat c\u0103 o voce \u0219i o personalitate puternic\u0103 pot traversa genera\u021bii \u0219i genuri f\u0103r\u0103 s\u0103-\u0219i piard\u0103 identitatea. \u00cen aceast\u0103 categorie intr\u0103 o versiune \u00een duet a piesei <a href=\"https:\/\/www.infomusic.ro\/videoclip\/sabrina-carpenter-please-please-please-dolly-parton\/\" target=\"_blank\" rel=\"noopener\">&#8220;Please Please Please&#8221;<\/a>, lansat\u0103 de Sabrina Carpenter pe edi\u021bia deluxe a albumului &#8220;Short n&#8217; Sweet&#8221;. C\u00e2ntecul, ini\u021bial un hit pop, a primit o produc\u021bie mai acustic\u0103 \u0219i o nuan\u021b\u0103 country, potrivit\u0103 pentru vocea lui Dolly. Duetul a ajuns p\u00e2n\u0103 pe locul 17 \u00een Billboard Hot Country Songs.<\/p>\n<p>Mai mult dec\u00e2t o lansare muzical\u0103, colaborarea spune, de fapt, multe despre felul \u00een care Dolly Parton a reu\u0219it s\u0103 r\u0103m\u00e2n\u0103 relevant\u0103 pentru publicul t\u00e2n\u0103r.<\/p>\n<p> <a class=\"echo_read_more\" href=\"https:\/\/www.infomusic.ro\/2026\/09\/maneskin-reuniune-sanremo-2027\/\" target=\"_blank\">\u00a0\u00bb\u00a0Cite\u0219te continuarea pe pagina autorului<\/a><\/p>\n","protected":false},"excerpt":{"rendered":"<p>Cei patru arti\u0219ti sunt adu\u0219i \u00een calitate de invita\u021bi speciali la cea de-a 77-a edi\u021bie a festivalului Sanremo, programat\u0103 pentru 16-20 februarie 2027, la Teatro Ariston. Informa\u021bia a fost dezv\u0103luit\u0103 de Stefano De Martino, prezentatorul \u0219i directorul artistic al edi\u021biei Sanremo 2027, citat\u0103 de mai multe publica\u021bii de profil, precum Rolling Stone Italia \u0219i Billboard [&hellip;]<\/p>\n","protected":false},"author":1,"featured_media":17503,"comment_status":"open","ping_status":"open","sticky":false,"template":"","format":"standard","meta":{"footnotes":""},"categories":[4],"tags":[],"class_list":["post-17502","post","type-post","status-publish","format-standard","has-post-thumbnail","hentry","category-noutati"],"_links":{"self":[{"href":"https:\/\/news-fm.ro\/index.php\/wp-json\/wp\/v2\/posts\/17502","targetHints":{"allow":["GET"]}}],"collection":[{"href":"https:\/\/news-fm.ro\/index.php\/wp-json\/wp\/v2\/posts"}],"about":[{"href":"https:\/\/news-fm.ro\/index.php\/wp-json\/wp\/v2\/types\/post"}],"author":[{"embeddable":true,"href":"https:\/\/news-fm.ro\/index.php\/wp-json\/wp\/v2\/users\/1"}],"replies":[{"embeddable":true,"href":"https:\/\/news-fm.ro\/index.php\/wp-json\/wp\/v2\/comments?post=17502"}],"version-history":[{"count":0,"href":"https:\/\/news-fm.ro\/index.php\/wp-json\/wp\/v2\/posts\/17502\/revisions"}],"wp:featuredmedia":[{"embeddable":true,"href":"https:\/\/news-fm.ro\/index.php\/wp-json\/wp\/v2\/media\/17503"}],"wp:attachment":[{"href":"https:\/\/news-fm.ro\/index.php\/wp-json\/wp\/v2\/media?parent=17502"}],"wp:term":[{"taxonomy":"category","embeddable":true,"href":"https:\/\/news-fm.ro\/index.php\/wp-json\/wp\/v2\/categories?post=17502"},{"taxonomy":"post_tag","embeddable":true,"href":"https:\/\/news-fm.ro\/index.php\/wp-json\/wp\/v2\/tags?post=17502"}],"curies":[{"name":"wp","href":"https:\/\/api.w.org\/{rel}","templated":true}]}}