{"id":17498,"date":"2026-09-01T15:09:40","date_gmt":"2026-09-01T15:09:40","guid":{"rendered":"https:\/\/news-fm.ro\/index.php\/2026\/09\/01\/ce-cred-irina-rimes-si-tudor-chirila-despre-butonul-a-doua-sansa-de-la-vocea-romaniei-2026\/"},"modified":"2026-09-01T15:09:40","modified_gmt":"2026-09-01T15:09:40","slug":"ce-cred-irina-rimes-si-tudor-chirila-despre-butonul-a-doua-sansa-de-la-vocea-romaniei-2026","status":"publish","type":"post","link":"https:\/\/news-fm.ro\/index.php\/2026\/09\/01\/ce-cred-irina-rimes-si-tudor-chirila-despre-butonul-a-doua-sansa-de-la-vocea-romaniei-2026\/","title":{"rendered":"Ce cred Irina Rimes \u0219i Tudor Chiril\u0103 despre Butonul a doua \u0219ans\u0103 de la Vocea Rom\u00e2niei 2026"},"content":{"rendered":"<p><a href=\"https:\/\/www.infomusic.ro\/stiri\/muzica\/emisiuni-muzica\/\">Emisiuni radio-tv<\/a> <\/p>\n<p>\u00cen 2026, Vocea Rom\u00e2niei introduce Butonul a doua \u0219ans\u0103, menit s\u0103 le ofere concuren\u021bilor ocazia de a r\u0103m\u00e2ne \u00een competi\u021bie, chiar dac\u0103 nu au \u00eentors niciun scaun. Irina Rimes \u0219i Tudor Chiril\u0103 cred c\u0103 aceast\u0103 nou\u0103 regul\u0103 este binevenit\u0103, detaliind fiecare ce ar putea s\u0103 ofere \u00een plus un concurent readus \u00een platou.<\/p>\n<p><img alt src=\"https:\/\/secure.gravatar.com\/avatar\/fc95fe2baff59157fc4a45c2420b12012132afaad378497b27770f2e04b630ac?s=46&#038;d=blank&#038;r=g\"  height=\"46\" width=\"46\" decoding=\"async\"\/><\/p>\n<p>Publicat<\/p>\n<p>acum o or\u0103<\/p>\n<p>pe<\/p>\n<p>01\/09\/2026<\/p>\n<p><img fetchpriority=\"high\" width=\"1000\" height=\"667\" src=\"https:\/\/static.infomusic.ro\/media\/2026\/09\/irina-rimes-tudor-chirila-vocea-romaniei-2026-1000x667.jpg\" alt=\"Irina Rimes \/ Tudor Chiril\u0103\" decoding=\"async\" fetchpriority=\"high\"\/><\/p>\n<p> Irina Rimes \/ Tudor Chiril\u0103 \u2502 FOTO: Colaj capturi Facebook\t<\/p>\n<p>Cel de-al 14-lea sezon aduce reguli noi la Vocea Rom\u00e2niei. Pe l\u00e2ng\u0103 deja cunoscutele butoane Mute \u0219i Block, edi\u021bia din 2026 vine cu Butonul a doua \u0219ans\u0103. Dac\u0103 antrenorii consider\u0103 la audi\u021bii c\u0103 au l\u0103sat s\u0103 le scape o voce pe care \u0219i-ar fi dorit-o \u00een echip\u0103, pot folosi acest buton. Cel care l-a ap\u0103sat salveaz\u0103 concurentul chiar \u0219i dup\u0103 \u00eencheierea presta\u021biei.<\/p>\n<p>Irina Rimes: &#8220;S-a sim\u021bit de foarte multe ori nevoia de o a doua \u0219ans\u0103&#8221;<\/p>\n<p>Din perspectiva Irinei Rimes, acest buton poate rectifica o gre\u0219eal\u0103 a antrenorilor. Concurentul a meritat \u0219ansa, dar, dintr-un motiv greu de explicat, nu a reu\u0219it s\u0103 \u00eentoarc\u0103 niciun scaun.<\/p>\n<p>&#8220;Am zis de nenum\u0103rate ori c\u0103 muzica este subiectiv\u0103 \u0219i exist\u0103 concuren\u021bi care c\u00e2nt\u0103 foarte bine \u0219i nu ne \u00eentoarcem, ceva nu ne convinge. N-am putea s\u0103 punem degetul pe ceva. S-a sim\u021bit de foarte multe ori nevoia de o a doua \u0219ans\u0103. Pentru cazurile astea, exist\u0103 acest buton de a doua \u0219ans\u0103, pe care putem s\u0103 o acord\u0103m unui concurent la care ne pare r\u0103u c\u0103 nu ne-am \u00eentors. Sau care a reu\u0219it s\u0103 ne conving\u0103 ulterior&#8221;, a detaliat Irina.<\/p>\n<p>Tudor Chiril\u0103: &#8220;Dac\u0103-l vezi (pe concurent) \u0219i cum g\u00e2nde\u0219te, te apropii dintr-o dat\u0103&#8221;<\/p>\n<p>Pentru Tudor Chiril\u0103, butonul \u00eei ofer\u0103 concurentului ocazia de a le ar\u0103ta antrenorilor cum g\u00e2nde\u0219te, dincolo de un moment bun la audi\u021bii. Iar aceast\u0103 \u0219ans\u0103 de a se exprima \u0219i altfel dec\u00e2t printr-un scurt moment artistic poate crea o leg\u0103tur\u0103 cu jura\u021bii.<\/p>\n<p>&#8220;Au fost momente \u00een care chiar to\u021bi patru ne-am \u00eentrebat: &#8220;B\u0103, da de ce nu ne-am \u00eentors&#8221; (&#8230;). Pentru mine conteaz\u0103 foarte mult \u0219i cum g\u00e2ndesc concuren\u021bii. Asta n-apuci s\u0103 vezi c\u00e2nd el c\u00e2nt\u0103. C\u00e2nt\u0103 impecabil. Dar dup\u0103 aia dac\u0103-l vezi \u0219i cum g\u00e2nde\u0219te, te apropii dintr-o dat\u0103, e o chestie instantanee. Pentru c\u0103 el, g\u00e2ndind \u00eentr-un fel, \u00ee\u021bi d\u0103 sentimentul c\u0103 te po\u021bi baza pe felul \u00een care g\u00e2nde\u0219te el ca s\u0103 faci un parcurs cu el ulterior, \u00een show. E bine venit\u0103 a doua \u0219ans\u0103. Tu nu crezi la fel?&#8221;, a spus <a href=\"https:\/\/www.facebook.com\/reel\/28079968684958158\" target=\"_blank\" rel=\"noopener\">Tudor \u00eentr-un scurt interviu promo\u021bional<\/a>.<\/p>\n<p>C\u00e2nd \u00eencepe Vocea Rom\u00e2niei 2026 &#8211; &#8220;Se aude cine e\u0219ti&#8221;<\/p>\n<p>Cel de-al 14-lea sezon Vocea Rom\u00e2niei \u00eencepe <a href=\"https:\/\/www.infomusic.ro\/2026\/08\/4-septembrie-incepe-vocea-romaniei-2026-video-teaser\/\">vineri, pe 4 septembrie<\/a>. Show-ul se difuzeaz\u0103 de la 20:30 pe PRO TV. Cel mai recent teaser poate fi urm\u0103rit mai jos.<\/p>\n<p>R\u0103m\u00e2i al\u0103turi de noi, <a href=\"https:\/\/www.infomusic.ro\/newsletter\/\" rel=\"bookmark\" title=\"Aboneaz\u0103-te la newsletter\">aboneaz\u0103-te la newsletterul cu \u0219tiri \u0219i evenimente!<\/a><\/p>\n<p> \u00ce\u021bi recomand\u0103m aceste videoclipuri <\/p>\n<p><img decoding=\"async\" src=\"https:\/\/static.infomusic.ro\/logo-slogan.svg\" alt=\"INFOMUSIC\" width=\"150\" height=\"150\"\/><\/p>\n<p> <a href=\"https:\/\/www.infomusic.ro\/stiri\/muzica\/muzica-film\/\">Muzic\u0103 \u0219i film<\/a>Ultimul episod din &#8220;Trafic&#8221; vine cu momentul confrunt\u0103rii finale <\/p>\n<p>Personajele centrale din &#8220;Trafic&#8221; ajung s\u0103 se confrunte \u00een ultimul episod al serialului. Doru, Lauren\u021biu, Bogdan \u0219i Marius au intrat \u00eentr-un joc riscant din care nimeni nu va ie\u0219i la fel cum a intrat.<\/p>\n<p><img loading=\"lazy\" alt src=\"https:\/\/secure.gravatar.com\/avatar\/fc95fe2baff59157fc4a45c2420b12012132afaad378497b27770f2e04b630ac?s=46&#038;d=blank&#038;r=g\"  height=\"46\" width=\"46\" loading=\"lazy\" decoding=\"async\"\/><\/p>\n<p>Publicat<\/p>\n<p>acum o zi<\/p>\n<p>pe<\/p>\n<p>31\/08\/2026<\/p>\n<p><img loading=\"lazy\" width=\"1000\" height=\"667\" src=\"https:\/\/static.infomusic.ro\/media\/2026\/08\/tudor-chirila-serial-trafic-pro-tv-1000x667.jpg\" alt=\"Tudor Chiril\u0103 \u00een serialul \"Trafic\"\" decoding=\"async\" loading=\"lazy\"\/><\/p>\n<p> Tudor Chiril\u0103 \u00een serialul &#8220;Trafic&#8221; \u2502 FOTO: PRO TV <\/p>\n<p>Toate deciziile de p\u00e2n\u0103 acum i-au adus \u00eentr-un punct critic pe Doru,<\/p>\n<p> <a class=\"echo_read_more\" href=\"https:\/\/www.infomusic.ro\/2026\/09\/irina-rimes-tudor-chirila-butonul-a-doua-sansa-vocea-romaniei-2026\/\" target=\"_blank\">\u00a0\u00bb\u00a0Cite\u0219te continuarea pe pagina autorului<\/a><\/p>\n","protected":false},"excerpt":{"rendered":"<p>Emisiuni radio-tv \u00cen 2026, Vocea Rom\u00e2niei introduce Butonul a doua \u0219ans\u0103, menit s\u0103 le ofere concuren\u021bilor ocazia de a r\u0103m\u00e2ne \u00een competi\u021bie, chiar dac\u0103 nu au \u00eentors niciun scaun. Irina Rimes \u0219i Tudor Chiril\u0103 cred c\u0103 aceast\u0103 nou\u0103 regul\u0103 este binevenit\u0103, detaliind fiecare ce ar putea s\u0103 ofere \u00een plus un concurent readus \u00een platou. [&hellip;]<\/p>\n","protected":false},"author":1,"featured_media":17499,"comment_status":"open","ping_status":"open","sticky":false,"template":"","format":"standard","meta":{"footnotes":""},"categories":[4],"tags":[],"class_list":["post-17498","post","type-post","status-publish","format-standard","has-post-thumbnail","hentry","category-noutati"],"_links":{"self":[{"href":"https:\/\/news-fm.ro\/index.php\/wp-json\/wp\/v2\/posts\/17498","targetHints":{"allow":["GET"]}}],"collection":[{"href":"https:\/\/news-fm.ro\/index.php\/wp-json\/wp\/v2\/posts"}],"about":[{"href":"https:\/\/news-fm.ro\/index.php\/wp-json\/wp\/v2\/types\/post"}],"author":[{"embeddable":true,"href":"https:\/\/news-fm.ro\/index.php\/wp-json\/wp\/v2\/users\/1"}],"replies":[{"embeddable":true,"href":"https:\/\/news-fm.ro\/index.php\/wp-json\/wp\/v2\/comments?post=17498"}],"version-history":[{"count":0,"href":"https:\/\/news-fm.ro\/index.php\/wp-json\/wp\/v2\/posts\/17498\/revisions"}],"wp:featuredmedia":[{"embeddable":true,"href":"https:\/\/news-fm.ro\/index.php\/wp-json\/wp\/v2\/media\/17499"}],"wp:attachment":[{"href":"https:\/\/news-fm.ro\/index.php\/wp-json\/wp\/v2\/media?parent=17498"}],"wp:term":[{"taxonomy":"category","embeddable":true,"href":"https:\/\/news-fm.ro\/index.php\/wp-json\/wp\/v2\/categories?post=17498"},{"taxonomy":"post_tag","embeddable":true,"href":"https:\/\/news-fm.ro\/index.php\/wp-json\/wp\/v2\/tags?post=17498"}],"curies":[{"name":"wp","href":"https:\/\/api.w.org\/{rel}","templated":true}]}}