{"id":17496,"date":"2026-09-01T15:09:41","date_gmt":"2026-09-01T15:09:41","guid":{"rendered":"https:\/\/news-fm.ro\/index.php\/2026\/09\/01\/intre-2-si-4-septembrie-tvr-difuzeaza-festivalul-strugurele-de-aur-2026\/"},"modified":"2026-09-01T15:09:41","modified_gmt":"2026-09-01T15:09:41","slug":"intre-2-si-4-septembrie-tvr-difuzeaza-festivalul-strugurele-de-aur-2026","status":"publish","type":"post","link":"https:\/\/news-fm.ro\/index.php\/2026\/09\/01\/intre-2-si-4-septembrie-tvr-difuzeaza-festivalul-strugurele-de-aur-2026\/","title":{"rendered":"\u00centre 2 \u0219i 4 septembrie, TVR difuzeaz\u0103 Festivalul &#8220;Strugurele de Aur&#8221; 2026"},"content":{"rendered":"<p>Ajuns la cea de-a XXII-a edi\u021bie, Festivalul Na\u021bional de Folclor &#8220;Strugurele de Aur&#8221; continu\u0103 s\u0103 fie o punte \u00eentre genera\u021bii. Tinerii interpre\u021bi \u00ee\u0219i g\u0103sesc locul pe aceea\u0219i scen\u0103 cu arti\u0219ti consacra\u021bi, \u00eentr-un eveniment dedicat c\u00e2ntecului popular, portului tradi\u021bional \u0219i valorilor care definesc patrimoniul cultural rom\u00e2nesc. \u00centre 2 &#8211; 4 septembrie, de la ora 17:00, Festivalul Na\u021bional de Folclor &#8220;Strugurele de Aur&#8221; se vede \u00een direct la TVR 3, TVR Cluj \u0219i TVR Folclor.<\/p>\n<p>Miruna Ionescu: &#8220;Ne a\u0219teapt\u0103 trei seri \u00een care c\u00e2ntecul va spune pove\u0219ti, iar pove\u0219tile vor deveni emo\u021bie&#8221;<\/p>\n<p>Festivalul Na\u021bional de Folclor &#8220;Strugurele de Aur&#8221; va fi prezentat de Andreea Bogdan \u0219i Miruna Ionescu. Produc\u0103tor al transmisiunilor TVR este Roxana Pletea.<\/p>\n<p>&#8220;&#8221;Strugurele de Aur&#8221; este un festival de anvergur\u0103, care \u0219i-a c\u00e2\u0219tigat prestigiul f\u0103r\u0103 s\u0103 piard\u0103 nimic din noble\u021bea, elegan\u021ba \u0219i rafinamentul pe care le cere folclorul adev\u0103rat. Este o s\u0103rb\u0103toare a c\u00e2ntecului rom\u00e2nesc, dar \u0219i a memoriei, a tradi\u021biei \u0219i a oamenilor care au \u0219tiut s\u0103 p\u0103streze acest tezaur. Ne a\u0219teapt\u0103 trei seri \u00een care c\u00e2ntecul va spune pove\u0219ti, iar pove\u0219tile vor deveni emo\u021bie. Recitalurile vor putea fi urm\u0103rite de c\u0103tre telespectatorii TVR \u00een cadrul edi\u021biilor emisiunii Tezaur folcloric dedicate acestui festival&#8221;, a declarat Miruna Ionescu.<\/p>\n<p>Cine urc\u0103 pe scen\u0103 la Festivalul &#8220;Strugurele de Aur&#8221; 2026<\/p>\n<p>Dou\u0103zeci de tineri interpre\u021bi vor urca pe scena Palatului Cultural din Blaj \u0219i vor concura pentru Marele Premiu al Festivalului Na\u021bional de Folclor &#8220;Strugurele de Aur&#8221;. \u00cen fa\u021ba unui juriu de specialitate, concuren\u021bii vor pune \u00een valoare repertoriul zonei pe care o reprezint\u0103 \u0219i portul popular, aduc\u00e2nd astfel un omagiu culturii tradi\u021bionale rom\u00e2ne\u0219ti.<\/p>\n<p>&#8220;Strugurele de Aur&#8221;, \u00eent\u00e2lnirea dintre tradi\u021bie \u0219i noua genera\u021bie<\/p>\n<p>Telespectatorii se vor bucura \u0219i de prezen\u021ba unora dintre cei mai \u00eendr\u0103gi\u021bi arti\u0219ti consacra\u021bi ai folclorului rom\u00e2nesc. \u00cei vom putea urm\u0103ri \u00een recital pe Matilda Pascal Cojoc\u0103ri\u021ba, Nicolae Furdui Iancu, Maria Murgoci, Gelu Voicu, Mariana \u0219i Adriana Anghel, Antonela \u0219i Liviu Bu\u021biu, Eugenia \u0219i Anda Horoba, al\u0103turi de Ansamblul Jidvei Rom\u00e2nia \u0219i de laurea\u021bi ai edi\u021biilor precedente ale festivalului. Un moment aparte al festivalului va fi recitalul &#8230;<\/p>\n<p> <a class=\"echo_read_more\" href=\"https:\/\/www.infomusic.ro\/2026\/09\/intre-2-si-4-septembrie-tvr-strugurele-de-aur\/\" target=\"_blank\">\u00a0\u00bb\u00a0Cite\u0219te continuarea pe pagina autorului<\/a><\/p>\n","protected":false},"excerpt":{"rendered":"<p>Ajuns la cea de-a XXII-a edi\u021bie, Festivalul Na\u021bional de Folclor &#8220;Strugurele de Aur&#8221; continu\u0103 s\u0103 fie o punte \u00eentre genera\u021bii. Tinerii interpre\u021bi \u00ee\u0219i g\u0103sesc locul pe aceea\u0219i scen\u0103 cu arti\u0219ti consacra\u021bi, \u00eentr-un eveniment dedicat c\u00e2ntecului popular, portului tradi\u021bional \u0219i valorilor care definesc patrimoniul cultural rom\u00e2nesc. \u00centre 2 &#8211; 4 septembrie, de la ora 17:00, Festivalul [&hellip;]<\/p>\n","protected":false},"author":1,"featured_media":17497,"comment_status":"open","ping_status":"open","sticky":false,"template":"","format":"standard","meta":{"footnotes":""},"categories":[4],"tags":[],"class_list":["post-17496","post","type-post","status-publish","format-standard","has-post-thumbnail","hentry","category-noutati"],"_links":{"self":[{"href":"https:\/\/news-fm.ro\/index.php\/wp-json\/wp\/v2\/posts\/17496","targetHints":{"allow":["GET"]}}],"collection":[{"href":"https:\/\/news-fm.ro\/index.php\/wp-json\/wp\/v2\/posts"}],"about":[{"href":"https:\/\/news-fm.ro\/index.php\/wp-json\/wp\/v2\/types\/post"}],"author":[{"embeddable":true,"href":"https:\/\/news-fm.ro\/index.php\/wp-json\/wp\/v2\/users\/1"}],"replies":[{"embeddable":true,"href":"https:\/\/news-fm.ro\/index.php\/wp-json\/wp\/v2\/comments?post=17496"}],"version-history":[{"count":0,"href":"https:\/\/news-fm.ro\/index.php\/wp-json\/wp\/v2\/posts\/17496\/revisions"}],"wp:featuredmedia":[{"embeddable":true,"href":"https:\/\/news-fm.ro\/index.php\/wp-json\/wp\/v2\/media\/17497"}],"wp:attachment":[{"href":"https:\/\/news-fm.ro\/index.php\/wp-json\/wp\/v2\/media?parent=17496"}],"wp:term":[{"taxonomy":"category","embeddable":true,"href":"https:\/\/news-fm.ro\/index.php\/wp-json\/wp\/v2\/categories?post=17496"},{"taxonomy":"post_tag","embeddable":true,"href":"https:\/\/news-fm.ro\/index.php\/wp-json\/wp\/v2\/tags?post=17496"}],"curies":[{"name":"wp","href":"https:\/\/api.w.org\/{rel}","templated":true}]}}