{"id":17494,"date":"2026-09-01T07:09:02","date_gmt":"2026-09-01T07:09:02","guid":{"rendered":"https:\/\/news-fm.ro\/index.php\/2026\/09\/01\/cazinoul-din-constanta-gazduieste-un-eveniment-de-exceptie-prima-editie-cazino-music-festival-aduce-in-sala-de-bal-muzica-de-camera-si-jazz-ul\/"},"modified":"2026-09-01T07:09:02","modified_gmt":"2026-09-01T07:09:02","slug":"cazinoul-din-constanta-gazduieste-un-eveniment-de-exceptie-prima-editie-cazino-music-festival-aduce-in-sala-de-bal-muzica-de-camera-si-jazz-ul","status":"publish","type":"post","link":"https:\/\/news-fm.ro\/index.php\/2026\/09\/01\/cazinoul-din-constanta-gazduieste-un-eveniment-de-exceptie-prima-editie-cazino-music-festival-aduce-in-sala-de-bal-muzica-de-camera-si-jazz-ul\/","title":{"rendered":"Cazinoul din Constan\u021ba g\u0103zduie\u0219te un eveniment de excep\u021bie; Prima edi\u021bie Cazino Music Festival aduce \u00een Sala de Bal muzica de camer\u0103 \u0219i jazz-ul"},"content":{"rendered":"<p>Redeschis publicului dup\u0103 restaurare, Cazinoul din Constan\u021ba \u00eencepe s\u0103 func\u021bioneze \u0219i ca spa\u021biu cultural. \u00cen 2026, monumentul Art Nouveau g\u0103zduie\u0219te prima edi\u021bie Cazino Music Festival, un eveniment organizat cu inten\u021bia de a pune Constan\u021ba pe harta arti\u0219tilor cu circuit interna\u021bional \u0219i de a extinde vacan\u021ba pe litoralul rom\u00e2nesc \u0219i \u00een lunile de toamn\u0103.<\/p>\n<p>Astfel, \u00eentre 12 septembrie \u0219i 22 noiembrie 2026, vreme de 11 weekend-uri consecutive, Sala de Bal a cazinoului va deveni spa\u021biu de \u00eent\u00e2lnire cultural. Arti\u0219ti \u0219i ansambluri interna\u021bionale vor sus\u021bine concerte care vor acoperi o arie larg\u0103 de stiluri muzicale. Programul va include muzic\u0103 de camer\u0103, recital vocal, jazz \u0219i crossover, festivalul desf\u0103\u0219oar\u00e2ndu-se sub direc\u021bia artistic\u0103 a lui Ioan Holender, fost director al Operei de Stat din Viena timp de aproape dou\u0103 decenii. Evenimentul este organizat de Cazinoul Constan\u021ba \u00een parteneriat cu Organiza\u021bia de Management al Destina\u021biei (OMD) Mamaia-Constan\u021ba.<\/p>\n<p>&#8220;Ani la r\u00e2nd, pentru a asculta astfel de arti\u0219ti, publicul rom\u00e2n se uita firesc spre Viena \u0219i spre marile capitale culturale ale Europei. \u00cen aceast\u0103 toamn\u0103, \u00eei avem la Constan\u021ba, \u00eentr-un program care se \u00eentinde p\u00e2n\u0103 la sf\u00e2r\u0219itul lunii noiembrie \u0219i \u00eentr-un spa\u021biu cu o identitate extraordinar\u0103&#8221;, spune George M\u0103ndil\u0103, pre\u0219edintele OMD .<\/p>\n<p>Programul Cazino Music Festival 2026:Weekendul 12 \u0219i 13 septembrie:<\/p>\n<ul>\n<li>Este dedicat Janoska Ensemble, format din fra\u021bii Ondrej, Roman \u0219i Franti\u0161ek Janoska \u0219i contrabasistul Julius Darvas. Ansamblul concerteaz\u0103 \u00een mod regulat la Carnegie Hall din New York, Musikverein \u0219i Konzerthaus din Viena sau Seoul Arts Center \u0219i a colaborat cu arti\u0219ti precum El\u012bna Garan\u010da \u0219i Rolando Villaz\u00f3n.<\/li>\n<\/ul>\n<p>Weeekendul 19 \u0219i 20 septembrie:<\/p>\n<ul>\n<li>La Cazinoul din Constan\u021ba va concerta I Solisti Veneti, ansamblu italian fondat \u00een 1959. Programul este dedicat Barocului italian \u0219i european \u0219i include lucr\u0103ri de Albinoni, H\u00e4ndel, Vivaldi \u0219i Tartini.<\/li>\n<\/ul>\n<p>Weeekendul 26 \u0219i 27 septembrie:<\/p>\n<ul>\n<li>Baritonul austriac Liviu Holender \u0219i soprana Adriana Gonz\u00e1lez vor sus\u021bine un program care porne\u0219te de la Mozart, Verdi \u0219i Leoncavallo \u0219i ajunge la Bernstein, Gershwin \u0219i musicalul american.<\/li>\n<\/ul>\n<p>Weeekendul 3 \u0219i 4 octombrie:<\/p>\n<ul>\n<li>Cel de-al patrulea weekend al Cazino Music Festival aduce pe scen\u0103 CrossNova, un ansamblu care redefine\u0219te grani\u021bele muzicii de camer\u0103. Format din Sabine Nova (vioar\u0103), Hubert Kerschbaumer (clarinet), Leonard Er\u00f6d (fagot) \u0219i Rainer Nova (pian), ansamblul se remarc\u0103 prin formula sa instrumental\u0103 inedit\u0103.<\/li>\n<\/ul>\n<p>Weeekendul 10 \u0219i 11 octombrie:<\/p>\n<ul>\n<li>Soprana vienez\u0103 Romana Amerling \u0219i The Henry Love Group readuc la via\u021b\u0103 atmosfera cosmopolit\u0103 a Vienei \u0219i Parisului interbelic. Programul \u00eembin\u0103 chansonul, jazzul, opereta \u0219i musicalul.<\/li>\n<\/ul>\n<p>Weeekendul 17 \u0219i 18 octombrie:<\/p>\n<ul>\n<li>Weekendul este dedicat unuia dintre cele mai apreciate ansambluri camerale austriece, Hugo Wolf Quartett. Acesta propune un program construit \u00een jurul rela\u021biei dintre tradi\u021bia muzicii culte \u0219i patrimoniul muzical popular.<\/li>\n<\/ul>\n<p>Weeekendul 24 \u0219i 25 octombrie:<\/p>\n<ul>\n<li>Urc\u0103 pe scen\u0103 Eddie Luis 5 (EL5), un ansamblu care transform\u0103 diversitatea muzical\u0103 \u00eentr-o experien\u021b\u0103 spectaculoas\u0103. Jazzul, muzica clasic\u0103, folclorul \u0219i ritmurile tradi\u021bionale din diferite col\u021buri ale lumii se \u00eent\u00e2lnesc \u00eentr-un program plin de energie.<\/li>\n<\/ul>\n<p>Weeekendul 31 octombrie \u0219i 1 noiembrie:<\/p>\n<ul>\n<li>Duo-ul Druml Sisters, format din violonista Sophie Druml \u0219i violoncelista \u0219i pianista Ania Druml, dou\u0103 dintre cele mai promi\u021b\u0103toare artiste ale noii genera\u021bii austriece, propune un program care traverseaz\u0103 aproape dou\u0103 secole de muzic\u0103 european\u0103.<\/li>\n<\/ul>\n<p>Weeekendul 7 \u0219i 8 noiembrie:<\/p>\n<ul>\n<li>Urc\u0103 pe scen\u0103 Arcadia Quartet, un cvartet care \u0219i-a construit o reputa\u021bie solid\u0103 pe marile scene ale muzicii clasice interna\u021bionale. Ansamblul fondat la Cluj-Napoca a concertat \u00een unele dintre cele mai prestigioase s\u0103li \u0219i festivaluri ale lumii.<\/li>\n<\/ul>\n<p>Weeekendul 14 \u0219i 15 noiembrie:<\/p>\n<ul>\n<li>Soprana Adela Zaharia va oferi un recital special prezentat \u00een dialog cu Ioan Holender,<\/li>\n<\/ul>\n<p> <a class=\"echo_read_more\" href=\"https:\/\/www.infomusic.ro\/2026\/08\/cazinoul-din-constanta-eveniment-cazino-music-festival-jazz\/\" target=\"_blank\">\u00a0\u00bb\u00a0Cite\u0219te continuarea pe pagina autorului<\/a><\/p>\n","protected":false},"excerpt":{"rendered":"<p>Redeschis publicului dup\u0103 restaurare, Cazinoul din Constan\u021ba \u00eencepe s\u0103 func\u021bioneze \u0219i ca spa\u021biu cultural. \u00cen 2026, monumentul Art Nouveau g\u0103zduie\u0219te prima edi\u021bie Cazino Music Festival, un eveniment organizat cu inten\u021bia de a pune Constan\u021ba pe harta arti\u0219tilor cu circuit interna\u021bional \u0219i de a extinde vacan\u021ba pe litoralul rom\u00e2nesc \u0219i \u00een lunile de toamn\u0103. Astfel, \u00eentre [&hellip;]<\/p>\n","protected":false},"author":1,"featured_media":17495,"comment_status":"open","ping_status":"open","sticky":false,"template":"","format":"standard","meta":{"footnotes":""},"categories":[4],"tags":[],"class_list":["post-17494","post","type-post","status-publish","format-standard","has-post-thumbnail","hentry","category-noutati"],"_links":{"self":[{"href":"https:\/\/news-fm.ro\/index.php\/wp-json\/wp\/v2\/posts\/17494","targetHints":{"allow":["GET"]}}],"collection":[{"href":"https:\/\/news-fm.ro\/index.php\/wp-json\/wp\/v2\/posts"}],"about":[{"href":"https:\/\/news-fm.ro\/index.php\/wp-json\/wp\/v2\/types\/post"}],"author":[{"embeddable":true,"href":"https:\/\/news-fm.ro\/index.php\/wp-json\/wp\/v2\/users\/1"}],"replies":[{"embeddable":true,"href":"https:\/\/news-fm.ro\/index.php\/wp-json\/wp\/v2\/comments?post=17494"}],"version-history":[{"count":0,"href":"https:\/\/news-fm.ro\/index.php\/wp-json\/wp\/v2\/posts\/17494\/revisions"}],"wp:featuredmedia":[{"embeddable":true,"href":"https:\/\/news-fm.ro\/index.php\/wp-json\/wp\/v2\/media\/17495"}],"wp:attachment":[{"href":"https:\/\/news-fm.ro\/index.php\/wp-json\/wp\/v2\/media?parent=17494"}],"wp:term":[{"taxonomy":"category","embeddable":true,"href":"https:\/\/news-fm.ro\/index.php\/wp-json\/wp\/v2\/categories?post=17494"},{"taxonomy":"post_tag","embeddable":true,"href":"https:\/\/news-fm.ro\/index.php\/wp-json\/wp\/v2\/tags?post=17494"}],"curies":[{"name":"wp","href":"https:\/\/api.w.org\/{rel}","templated":true}]}}