{"id":17482,"date":"2026-08-31T14:12:39","date_gmt":"2026-08-31T14:12:39","guid":{"rendered":"https:\/\/news-fm.ro\/index.php\/2026\/08\/31\/ultimul-episod-din-trafic-vine-cu-momentul-confruntarii-finale\/"},"modified":"2026-08-31T14:12:39","modified_gmt":"2026-08-31T14:12:39","slug":"ultimul-episod-din-trafic-vine-cu-momentul-confruntarii-finale","status":"publish","type":"post","link":"https:\/\/news-fm.ro\/index.php\/2026\/08\/31\/ultimul-episod-din-trafic-vine-cu-momentul-confruntarii-finale\/","title":{"rendered":"Ultimul episod din &#8220;Trafic&#8221; vine cu momentul confrunt\u0103rii finale"},"content":{"rendered":"<p><a href=\"https:\/\/www.infomusic.ro\/stiri\/muzica\/muzica-film\/\">Muzic\u0103 \u0219i film<\/a> <\/p>\n<p>Personajele centrale din &#8220;Trafic&#8221; ajung s\u0103 se confrunte \u00een ultimul episod al serialului. Doru, Lauren\u021biu, Bogdan \u0219i Marius au intrat \u00eentr-un joc riscant din care nimeni nu va ie\u0219i la fel cum a intrat.<\/p>\n<p><img alt src=\"https:\/\/secure.gravatar.com\/avatar\/fc95fe2baff59157fc4a45c2420b12012132afaad378497b27770f2e04b630ac?s=46&#038;d=blank&#038;r=g\"  height=\"46\" width=\"46\" decoding=\"async\"\/><\/p>\n<p>Publicat<\/p>\n<p>acum 2 secunde<\/p>\n<p>pe<\/p>\n<p>31\/08\/2026<\/p>\n<p><img fetchpriority=\"high\" width=\"1000\" height=\"667\" src=\"https:\/\/static.infomusic.ro\/media\/2026\/08\/tudor-chirila-serial-trafic-pro-tv-1000x667.jpg\" alt=\"Tudor Chiril\u0103 \u00een serialul \"Trafic\"\" decoding=\"async\" fetchpriority=\"high\"\/><\/p>\n<p> Tudor Chiril\u0103 \u00een serialul &#8220;Trafic&#8221; \u2502 FOTO: PRO TV\t<\/p>\n<p>Toate deciziile de p\u00e2n\u0103 acum i-au adus \u00eentr-un punct critic pe Doru, Lauren\u021biu, Bogdan \u0219i Marius. Destinele lor sunt pe cale s\u0103 se intersecteze violent, iar c\u00e2nd toate firele pove\u0219tii se vor lega, nimic nu va mai putea fi \u021binut sub control.<\/p>\n<p><em>&#8220;\u00cen urm\u0103 cu mai pu\u021bin de 24 ore s-a desf\u0103\u0219urat o opera\u021biune ampl\u0103 de destructurare a unei re\u021bele interna\u021bionale de trafic de droguri&#8221;<\/em>, a\u0219a va rezuma Lauren\u021biu Cre\u021bu \u00een fa\u021ba presei confruntarea violent\u0103 dintre echipa lui \u0219i gruparea infrac\u021bional\u0103 a familiei Musta\u021b\u0103. \u00cen mijlocul ei, Doru \u0219i Bogdan se trezesc prin\u0219i, f\u0103r\u0103 nicio cale simpl\u0103 de ie\u0219ire. Aceast\u0103 opera\u021biune va r\u0103sturna complet jocul, \u00eentr-un mod nea\u0219teptat.<\/p>\n<p>\u00centrebat de gre\u0219elile comise de fiul s\u0103u, Don Dumitru va avea un r\u0103spuns concis \u0219i ferm.<\/p>\n<p>&#8220;Oric\u00e2t de multe gre\u0219eli \u0219i prostii ar face copilul t\u0103u, p\u00e2n\u0103 la urm\u0103, rolul unui p\u0103rinte e s\u0103-l c\u0103l\u0103uzeasc\u0103 s\u0103 fac\u0103 bine. \u0218i dac\u0103 nu face, atunci trebuie s\u0103-l ier\u021bi \u0219i s\u0103-l sprijini, a\u0219a-i uman. A\u0219a-i cre\u0219tine\u0219te.&#8221;<\/p>\n<p>\u00cen acest ultim episod, limitele dintre bine \u0219i r\u0103u vor deveni tot mai greu de trasat, iar fiecare personaj va fi pus \u00een fa\u021ba propriilor alegeri \u0219i a consecin\u021belor lor. Pentru unii, lupta va fi despre dreptate, pentru al\u021bii despre supravie\u021buire, dar pentru Doru \u0219i Lauren\u021biu miza va r\u0103m\u00e2ne aceea\u0219i p\u00e2n\u0103 la cap\u0103t: c\u00e2t de departe poate merge un p\u0103rinte pentru a-\u0219i salva copilul.<\/p>\n<p>Ultimul episod al serialului &#8220;Trafic&#8221; va fi unul exploziv. PRO TV \u00eel va difuza \u00een aceast\u0103 sear\u0103, de la ora 21:30.<\/p>\n<p>Despre &#8220;Trafic&#8221;<\/p>\n<p>&#8220;<a href=\"https:\/\/www.infomusic.ro\/2026\/07\/trailer-serial-tudor-chirila-trafic-video\/\">Trafic<\/a>&#8221; aduce pe micile ecrane o poveste despre crim\u0103 organizat\u0103.\u00a0Tudor Chiril\u0103 \u00eel interpreteaz\u0103 pe Lauren\u021biu Cre\u021bu, un procuror al c\u0103rui scop este s\u0103 prind\u0103 o familie de criminali temut\u0103 \u00een \u00eentreg Bucure\u0219tiul. Al\u0103turi de el,\u00a0Adela Popescu, Irina \u0218tefan, Adriana Irimescu \u0219i Ioana Brumar\u00a0 portretizeaz\u0103 personaje feminine puternice.<\/p>\n<p>Protagonist \u00een aceast\u0103 produc\u021bie este \u0219i\u00a0Drago\u0219 Bucur. Acesta \u00eel interpreteaz\u0103 pe Doru Alexe, un curier obi\u0219nuit a c\u0103rui via\u021b\u0103 se schimb\u0103 complet c\u00e2nd fiul s\u0103u ajunge implicat \u00een periculoasa lume a crimei organizate.<\/p>\n<p>R\u0103m\u00e2i al\u0103turi de noi, <a href=\"https:\/\/www.infomusic.ro\/newsletter\/\" rel=\"bookmark\" title=\"Aboneaz\u0103-te la newsletter\">aboneaz\u0103-te la newsletterul cu \u0219tiri \u0219i evenimente!<\/a><\/p>\n<p> \u00ce\u021bi recomand\u0103m aceste videoclipuri <\/p>\n<p><img decoding=\"async\" src=\"https:\/\/static.infomusic.ro\/logo-slogan.svg\" alt=\"INFOMUSIC\" width=\"150\" height=\"150\"\/><\/p>\n<p> <a href=\"https:\/\/www.infomusic.ro\/stiri\/muzica\/emisiuni-muzica\/\">Emisiuni radio-tv<\/a>Tudor Chiril\u0103 \u0219i Horia Brenciu \u00eemp\u0103rt\u0103\u0219esc aceea\u0219i opinie la Vocea Rom\u00e2niei 2026 <\/p>\n<p>Noul sezon de la Vocea Rom\u00e2niei, a\u0219teptat s\u0103 \u00eenceap\u0103 vineri, 4 septembrie, vine cu mai multe schimb\u0103ri, nu doar de regulament. Cei doi antrenori care au fost mereu \u00een opozi\u021bie au ajuns \u00een 2026 s\u0103 aib\u0103 aceea\u0219i opinie. Ne referim, desigur, la Tudor Chiril\u0103 \u0219i Horia Brenciu.<\/p>\n<p><img loading=\"lazy\" alt src=\"https:\/\/secure.gravatar.com\/avatar\/fc95fe2baff59157fc4a45c2420b12012132afaad378497b27770f2e04b630ac?s=46&#038;d=blank&#038;r=g\"  height=\"46\" width=\"46\" loading=\"lazy\" decoding=\"async\"\/><\/p>\n<p>Publicat<\/p>\n<p>acum 5 zile<\/p>\n<p>pe<\/p>\n<p>26\/08\/2026<\/p>\n<p><img loading=\"lazy\" width=\"1000\" height=\"667\" src=\"https:\/\/static.infomusic.ro\/media\/2026\/08\/tudor-chirila-horia-brenciu-vocea-romaniei-1000x667.jpg\" alt=\"Tudor Chiril\u0103 \u0219i Horia Brenciu la Vocea Rom\u00e2niei\" decoding=\"async\" loading=\"lazy\"\/><\/p>\n<p> Tudor Chiril\u0103 \u0219i Horia Brenciu la Vocea Rom\u00e2niei \u2502 FOTO: Colaj de capturi <\/p>\n<p>Cu doar c\u00e2teva zile r\u0103mase p\u00e2n\u0103 la debutul celui de-al 14-lea sezon al show-ului Vocea Rom\u00e2niei, jura\u021bii emisiunii r\u0103spund curiozit\u0103\u021bilor preg\u0103tite de echipa din online. Cea mai recent\u0103 \u00eentrebare s-a referit la departamentul show-ului care munce\u0219te cel mai mult. Spre surprinderea tuturor, mai \u00een glum\u0103, mai \u00een serios, Horia Brenciu \u0219i Tudor Chiril\u0103 au oferit acela\u0219i r\u0103spuns.<\/p>\n<p> <a class=\"echo_read_more\" href=\"https:\/\/www.infomusic.ro\/2026\/08\/ultimul-episod-trafic-momentul-confruntarii-finale\/\" target=\"_blank\">\u00a0\u00bb\u00a0Cite\u0219te continuarea pe pagina autorului<\/a><\/p>\n","protected":false},"excerpt":{"rendered":"<p>Muzic\u0103 \u0219i film Personajele centrale din &#8220;Trafic&#8221; ajung s\u0103 se confrunte \u00een ultimul episod al serialului. Doru, Lauren\u021biu, Bogdan \u0219i Marius au intrat \u00eentr-un joc riscant din care nimeni nu va ie\u0219i la fel cum a intrat. Publicat acum 2 secunde pe 31\/08\/2026 Tudor Chiril\u0103 \u00een serialul &#8220;Trafic&#8221; \u2502 FOTO: PRO TV Toate deciziile de [&hellip;]<\/p>\n","protected":false},"author":1,"featured_media":17483,"comment_status":"open","ping_status":"open","sticky":false,"template":"","format":"standard","meta":{"footnotes":""},"categories":[4],"tags":[],"class_list":["post-17482","post","type-post","status-publish","format-standard","has-post-thumbnail","hentry","category-noutati"],"_links":{"self":[{"href":"https:\/\/news-fm.ro\/index.php\/wp-json\/wp\/v2\/posts\/17482","targetHints":{"allow":["GET"]}}],"collection":[{"href":"https:\/\/news-fm.ro\/index.php\/wp-json\/wp\/v2\/posts"}],"about":[{"href":"https:\/\/news-fm.ro\/index.php\/wp-json\/wp\/v2\/types\/post"}],"author":[{"embeddable":true,"href":"https:\/\/news-fm.ro\/index.php\/wp-json\/wp\/v2\/users\/1"}],"replies":[{"embeddable":true,"href":"https:\/\/news-fm.ro\/index.php\/wp-json\/wp\/v2\/comments?post=17482"}],"version-history":[{"count":0,"href":"https:\/\/news-fm.ro\/index.php\/wp-json\/wp\/v2\/posts\/17482\/revisions"}],"wp:featuredmedia":[{"embeddable":true,"href":"https:\/\/news-fm.ro\/index.php\/wp-json\/wp\/v2\/media\/17483"}],"wp:attachment":[{"href":"https:\/\/news-fm.ro\/index.php\/wp-json\/wp\/v2\/media?parent=17482"}],"wp:term":[{"taxonomy":"category","embeddable":true,"href":"https:\/\/news-fm.ro\/index.php\/wp-json\/wp\/v2\/categories?post=17482"},{"taxonomy":"post_tag","embeddable":true,"href":"https:\/\/news-fm.ro\/index.php\/wp-json\/wp\/v2\/tags?post=17482"}],"curies":[{"name":"wp","href":"https:\/\/api.w.org\/{rel}","templated":true}]}}