{"id":1674,"date":"2019-09-17T11:43:19","date_gmt":"2019-09-17T11:43:19","guid":{"rendered":"http:\/\/news-fm.ro\/?p=1674"},"modified":"2019-09-17T11:43:21","modified_gmt":"2019-09-17T11:43:21","slug":"videoclip-oficial-3-sud-est-prietenia","status":"publish","type":"post","link":"https:\/\/news-fm.ro\/index.php\/2019\/09\/17\/videoclip-oficial-3-sud-est-prietenia\/","title":{"rendered":"Videoclip oficial: 3 Sud Est &#8211; Prietenia"},"content":{"rendered":"\n<p class=\"wp-block-paragraph\"><strong>3 Sud Est aniverseaz\u0103 22 de ani de la \u00eenfiin\u0163are, lans\u00e2nd imnul muzical &#8220;Prietenia&#8221;, care prime\u015fte un videoclip special. Materialul video este regizat de Iura Lunca\u015fu \u015fi este filmat pe malul lacului Snagov, al\u0103turi de apropia\u0163ii trupei. V\u0103 invit\u0103m s\u0103 \u00eel viziona\u0163i \u00een articol.<\/strong><\/p>\n\n\n\n<figure><iframe width=\"805\" height=\"453\" src=\"https:\/\/www.youtube.com\/embed\/-g_O0cKgtBk?version=3&amp;rel=1&amp;fs=1&amp;autohide=2&amp;showsearch=0&amp;showinfo=1&amp;iv_load_policy=1&amp;wmode=transparent\" allowfullscreen=\"true\"><\/iframe><\/figure>\n\n\n\n<p class=\"wp-block-paragraph\"><strong>&#8220;Prietenia&#8221;<\/strong>&nbsp;\u00eencepe cu un acord de chitar\u0103 melancolic \u015fi imagini cu nuferi de pe bra\u0163ele Dun\u0103rii. B\u0103rba\u0163ii de acum sunt prezenta\u0163i \u00een paralel cu adolescen\u0163ii care au pornit proiectul muzical 3 Sud Est. Cu chitara acustic\u0103 \u00een m\u00e2n\u0103 \u015fi o percu\u0163ie light, componen\u0163ii celui mai de succes boy band de la noi c\u00e2nt\u0103 despre unitate, fr\u0103\u0163ie \u015fi maturizare. Avem \u015fi o apari\u0163ie surpriz\u0103 a fetelor de la Andre la final de clip.<\/p>\n\n\n\n<p class=\"wp-block-paragraph\">Schimbul de valori la trecerea dintre genera\u0163ii este ilustrat \u00een versuri. Plute\u015fte un sentiment de \u00eemp\u0103care \u015fi optimism \u00een cadrele filmate la apus. Sunt jocuri de prieteni, cineva cade \u00een jacuzzi \u015fi toat\u0103 lumea \u00eemparte \u015fampanie \u015fi danseaz\u0103. Adolescen\u0163ii, copii \u015fi rude ale arti\u015ftilor privesc fotografii cu\u00a0<strong>3 Sud Est<\/strong>\u00a0la \u00eenceput de carier\u0103, subliniind metamorfozele celor peste 2 decenii de carier\u0103.<\/p>\n\n\n\n<figure class=\"wp-block-image\"><img decoding=\"async\" src=\"https:\/\/news-fm.ro\/wp-content\/uploads\/2019\/09\/3-sud-est.jpg\" alt=\"\" class=\"wp-image-1675\"\/><\/figure>\n\n\n\n<p class=\"wp-block-paragraph\"><a href=\"https:\/\/www.infomusic.ro\/2018\/11\/laurentiu-duta-silvia-dumitrescu-si-adrian-romcescu-sunt-noii-jurati-de-la-provocarea-starurilor\/\">Lauren\u0163iu Du\u0163\u0103<\/a>&nbsp;a declarat urm\u0103toarele despre noul single:<\/p>\n\n\n\n<blockquote class=\"wp-block-quote is-layout-flow wp-block-quote-is-layout-flow\"><p>\u00abPrietenia\u00bb este o piatr\u0103 rar\u0103, a\u015fa cum spunem \u00een noul nostru single. Suntem foarte buni prieteni, dar suntem colegi \u00een primul r\u00e2nd, pentru c\u0103 muzica este foarte important\u0103 pentru to\u0163i trei. Ne bucur\u0103m foarte mult c\u0103 lansarea piesei \u00abPrietenia\u00bb corespunde cu aniversarea a 22 de ani de c\u00e2nd c\u00e2nt\u0103m \u00eempreun\u0103.<\/p><p>Single-ul nu este despre noi, ci despre voi, despre prietenie, \u015fi cu ocazia aceasta, vrem s\u0103 v\u0103 mul\u0163umim c\u0103 ne sunte\u0163i prieteni de at\u00e2t de mult timp \u015fi c\u0103 sunte\u0163i al\u0103turi de noi \u00een fiecare moment.<\/p><\/blockquote>\n\n\n\n<p class=\"wp-block-paragraph\">La \u00eenceputul anului 3 Sud Est a lansat&nbsp;<a href=\"https:\/\/www.infomusic.ro\/videoclip\/3-sud-est-focul\/\">&#8220;Focul&#8221;<\/a>, o poveste de dragoste pe acorduri dulci de chitar\u0103. Anul trecut ascultam track-ul 3SE&nbsp;<a href=\"https:\/\/www.infomusic.ro\/videoclip\/3-sud-est-dansam-in-ploaie\/\">&#8220;Dans\u0103m \u00een ploaie&#8221;<\/a>, o melodie despre dragoste \u015fi dansul f\u0103r\u0103 inhibi\u0163ii. Un mare hit 3 Sud Est a fost \u015fi<a href=\"https:\/\/www.infomusic.ro\/videoclip\/3-sud-est-stele\/\">&nbsp;&#8220;Stele&#8221;<\/a>, lansat \u00een 2017 \u015fi care a urcat \u00een topuri muzicale radio \u015fi TV, str\u00e2ng\u00e2nd peste 14 milioane de vizualiz\u0103ri pe YouTube.<\/p>\n\n\n\n<p class=\"wp-block-paragraph\">Tot \u00een acel an am putut asculta \u015fi piesa &#8220;Am dat tot&#8221;, inspirat\u0103 de pove\u015ftile de dragoste tr\u0103ite de muzicieni. Printre cele mai cunoscute piese ale grupului din Constan\u0163a se num\u0103r\u0103 &#8220;Amintirile&#8221;, &#8220;Emo\u0163ii&#8221;, &#8220;Cine e\u015fti?&#8221; \u015fi &#8220;Stele&#8221;, care au str\u00e2ns zeci de milioane de vizualiz\u0103ri pe YouTube.<\/p>\n\n\n\n<p class=\"wp-block-paragraph\">Sursa: infomusic.ro<\/p>\n","protected":false},"excerpt":{"rendered":"<p>3 Sud Est aniverseaz\u0103 22 de ani de la \u00eenfiin\u0163are, lans\u00e2nd imnul muzical &#8220;Prietenia&#8221;, care prime\u015fte un videoclip special. Materialul video este regizat de Iura Lunca\u015fu \u015fi este filmat pe malul lacului Snagov, al\u0103turi de apropia\u0163ii trupei. V\u0103 invit\u0103m s\u0103 \u00eel viziona\u0163i \u00een articol. &#8220;Prietenia&#8221;&nbsp;\u00eencepe cu un acord de chitar\u0103 melancolic \u015fi imagini cu nuferi [&hellip;]<\/p>\n","protected":false},"author":1,"featured_media":0,"comment_status":"open","ping_status":"open","sticky":false,"template":"","format":"standard","meta":{"_crdt_document":"","footnotes":""},"categories":[1],"tags":[],"class_list":["post-1674","post","type-post","status-publish","format-standard","hentry","category-diverse"],"_links":{"self":[{"href":"https:\/\/news-fm.ro\/index.php\/wp-json\/wp\/v2\/posts\/1674","targetHints":{"allow":["GET"]}}],"collection":[{"href":"https:\/\/news-fm.ro\/index.php\/wp-json\/wp\/v2\/posts"}],"about":[{"href":"https:\/\/news-fm.ro\/index.php\/wp-json\/wp\/v2\/types\/post"}],"author":[{"embeddable":true,"href":"https:\/\/news-fm.ro\/index.php\/wp-json\/wp\/v2\/users\/1"}],"replies":[{"embeddable":true,"href":"https:\/\/news-fm.ro\/index.php\/wp-json\/wp\/v2\/comments?post=1674"}],"version-history":[{"count":0,"href":"https:\/\/news-fm.ro\/index.php\/wp-json\/wp\/v2\/posts\/1674\/revisions"}],"wp:attachment":[{"href":"https:\/\/news-fm.ro\/index.php\/wp-json\/wp\/v2\/media?parent=1674"}],"wp:term":[{"taxonomy":"category","embeddable":true,"href":"https:\/\/news-fm.ro\/index.php\/wp-json\/wp\/v2\/categories?post=1674"},{"taxonomy":"post_tag","embeddable":true,"href":"https:\/\/news-fm.ro\/index.php\/wp-json\/wp\/v2\/tags?post=1674"}],"curies":[{"name":"wp","href":"https:\/\/api.w.org\/{rel}","templated":true}]}}