{"id":1668,"date":"2019-09-17T11:11:08","date_gmt":"2019-09-17T11:11:08","guid":{"rendered":"http:\/\/news-fm.ro\/?p=1668"},"modified":"2019-09-17T11:11:10","modified_gmt":"2019-09-17T11:11:10","slug":"videoclip-oficial-carlas-dreams-feat-antonia-anxietate","status":"publish","type":"post","link":"https:\/\/news-fm.ro\/index.php\/2019\/09\/17\/videoclip-oficial-carlas-dreams-feat-antonia-anxietate\/","title":{"rendered":"Videoclip oficial: Carla&#8217;s Dreams feat. Antonia &#8211; Anxietate"},"content":{"rendered":"\n<p class=\"wp-block-paragraph\"><strong>Colaborarea lunii a sosit, iar Carla&#8217;s Dreams \u015fi Antonia sunt autorii unui proasp\u0103t hit numit &#8220;Anxietate&#8221;. Ultimul act din seria &#8220;Nocturn&#8221; este aici \u015fi \u00eenchide o poveste pe care Carla&#8217;s Dreams a spus-o pe parcursul a 10 capitole. V\u0103 invit\u0103m s\u0103 urm\u0103ri\u0163i noul clip \u00een articol.<\/strong><\/p>\n\n\n\n<figure><iframe width=\"805\" height=\"453\" src=\"https:\/\/www.youtube.com\/embed\/NfcREaQxzNM?version=3&amp;rel=1&amp;fs=1&amp;autohide=2&amp;showsearch=0&amp;showinfo=1&amp;iv_load_policy=1&amp;wmode=transparent\" allowfullscreen=\"true\"><\/iframe><\/figure>\n\n\n\n<p class=\"wp-block-paragraph\"><strong>&#8220;Anxietate&#8221;<\/strong>\u00a0este cuv\u00e2ntul de ordine \u00een ziua de azi, \u00een aceast\u0103 societate a goanei, stresului \u015fi vitezei. \u00cen noul videoclip aceast\u0103 tr\u0103ire este asociat\u0103 cu o imagine static\u0103, a unui chip feminin blocat pe malul m\u0103rii, sub luna plin\u0103 sau \u00een plin\u0103 z\u0103pad\u0103 \u00een mun\u0163i. Prima parte a piesei include un beat lent \u015fi suav, pe care\u00a0<strong>Carla&#8217;s Dreams<\/strong>\u00a0c\u00e2nt\u0103 romantic.<\/p>\n\n\n\n<figure class=\"wp-block-image\"><img decoding=\"async\" src=\"https:\/\/news-fm.ro\/wp-content\/uploads\/2019\/09\/colaj-carla-si-antonia-770x428.jpg\" alt=\"\" class=\"wp-image-1669\"\/><\/figure>\n\n\n\n<p class=\"wp-block-paragraph\">Printre pic\u0103turi de R&amp;B se strecoar\u0103<strong>&nbsp;Antonia<\/strong>&nbsp;cu un sunet curat, care \u00eenl\u0103n\u0163uie versuri romantice despre voaluri, mistere \u015fi iubire. \u00centregul clip st\u0103 sub semnul cutiei misterioase pe care protagonista o poart\u0103 \u00een medii fantomatice \u015fi suprearealiste. Printre meduze electrice \u015fi \u00een universuri ce nu au nimic \u00een comun cu P\u0103m\u00e2ntul, &#8220;cutia Pandorei&#8221; e gata s\u0103 dezv\u0103luie ceea ce Carla&#8217;s ne-a propus pe parcursul a 10 clipuri&nbsp;<a href=\"https:\/\/www.infomusic.ro\/videoclip\/carlas-dreams-gust-amar-nocturn-act-9\/\">&#8220;Nocturn&#8221;<\/a>.<\/p>\n\n\n\n<p class=\"wp-block-paragraph\">Piesa a fost compus\u0103 de c\u0103tre Carla&#8217;s Dreams \u015fi produs\u0103 de c\u0103tre Alex Cotoi, iar videoclipul este regizat \u015fi filmat de BRFilms (Roman Burlaca \u015fi George Secrieru). Acest duo a filmat toate videoclipurile seriei &#8220;Nocturn&#8221;. Odat\u0103 cu acest release Carla&#8217;s a transmis urm\u0103torul mesaj:<\/p>\n\n\n\n<blockquote class=\"wp-block-quote is-layout-flow wp-block-quote-is-layout-flow\"><p>Dragii no\u0219tri, faza NOCTURN a proiectului CSD se \u00eencheie aici!<br>A fost o noapte lung\u0103, am fost mul\u021bi, dar \u0219i patul a fost mare \ud83d\ude42 V\u0103 mul\u021bumim c\u0103 a\u021bi petrecut aceast\u0103 noapte cu noi!<br>Urmeaz\u0103 tabieturile matinale dup\u0103 care probabil v\u0103 vom invita \u00een alt\u0103 c\u0103l\u0103torie!<br>P. S. Cine se treze\u0219te ultimul &#8211; s\u0103 a\u0219tearn\u0103 patul \ud83d\ude42<br>V-am cuprins!<\/p><\/blockquote>\n\n\n\n<p class=\"wp-block-paragraph\">Antonia s-a declarat \u00eenc\u00e2ntat\u0103 de aceast\u0103 nou\u0103 colaborare cu Carla&#8217;s Dreams. Cei doi arti\u015fti au mai c\u00e2ntat \u00eempreun\u0103 \u015fi pe piesa &#8220;Sun\u0103-m\u0103&#8221; cu 3 ani \u00een urm\u0103. Antonia a mai lansat \u00een acest an single-urile&nbsp;<a href=\"https:\/\/www.infomusic.ro\/videoclip\/antonia-touch-me\/\">&#8220;Touch Me&#8221;<\/a>&nbsp;\u015fi&nbsp;<a href=\"https:\/\/www.infomusic.ro\/lyric-video\/antonia-in-oglinda\/\">&#8220;\u00cen Oglind\u0103&#8221;<\/a>.<\/p>\n\n\n\n<p class=\"wp-block-paragraph\">Cu o s\u0103pt\u0103m\u00e2n\u0103 \u00een urma muzicianul din Republica Moldova c\u00e2nta al\u0103turi de Killa Fonic pe &#8220;Bambolina&#8221;, iar \u00een aceast\u0103 var\u0103 \u015fi-a unit talentul cu al lui Deliric pe single-ul\u00a0<a href=\"https:\/\/www.infomusic.ro\/videoclip\/carlas-dreams-deliric-dependent-nocturn-act-8\/\">&#8220;Dependent&#8221;<\/a>. Carla&#8217;s a mai lansat \u00een 2019 piesa\u00a0<a href=\"https:\/\/www.infomusic.ro\/videoclip\/carlas-dreams-ne-topim\/\">&#8220;Ne Topim&#8221;<\/a>, tot un single din seria &#8220;Nocturn&#8221;, o poveste de dragoste sincer\u0103.<\/p>\n\n\n\n<p class=\"wp-block-paragraph\">Sursa: infomusic.ro<\/p>\n","protected":false},"excerpt":{"rendered":"<p>Colaborarea lunii a sosit, iar Carla&#8217;s Dreams \u015fi Antonia sunt autorii unui proasp\u0103t hit numit &#8220;Anxietate&#8221;. Ultimul act din seria &#8220;Nocturn&#8221; este aici \u015fi \u00eenchide o poveste pe care Carla&#8217;s Dreams a spus-o pe parcursul a 10 capitole. V\u0103 invit\u0103m s\u0103 urm\u0103ri\u0163i noul clip \u00een articol. &#8220;Anxietate&#8221;\u00a0este cuv\u00e2ntul de ordine \u00een ziua de azi, \u00een [&hellip;]<\/p>\n","protected":false},"author":1,"featured_media":0,"comment_status":"open","ping_status":"open","sticky":false,"template":"","format":"standard","meta":{"_crdt_document":"","footnotes":""},"categories":[1],"tags":[],"class_list":["post-1668","post","type-post","status-publish","format-standard","hentry","category-diverse"],"_links":{"self":[{"href":"https:\/\/news-fm.ro\/index.php\/wp-json\/wp\/v2\/posts\/1668","targetHints":{"allow":["GET"]}}],"collection":[{"href":"https:\/\/news-fm.ro\/index.php\/wp-json\/wp\/v2\/posts"}],"about":[{"href":"https:\/\/news-fm.ro\/index.php\/wp-json\/wp\/v2\/types\/post"}],"author":[{"embeddable":true,"href":"https:\/\/news-fm.ro\/index.php\/wp-json\/wp\/v2\/users\/1"}],"replies":[{"embeddable":true,"href":"https:\/\/news-fm.ro\/index.php\/wp-json\/wp\/v2\/comments?post=1668"}],"version-history":[{"count":0,"href":"https:\/\/news-fm.ro\/index.php\/wp-json\/wp\/v2\/posts\/1668\/revisions"}],"wp:attachment":[{"href":"https:\/\/news-fm.ro\/index.php\/wp-json\/wp\/v2\/media?parent=1668"}],"wp:term":[{"taxonomy":"category","embeddable":true,"href":"https:\/\/news-fm.ro\/index.php\/wp-json\/wp\/v2\/categories?post=1668"},{"taxonomy":"post_tag","embeddable":true,"href":"https:\/\/news-fm.ro\/index.php\/wp-json\/wp\/v2\/tags?post=1668"}],"curies":[{"name":"wp","href":"https:\/\/api.w.org\/{rel}","templated":true}]}}