{"id":1654,"date":"2019-08-21T06:28:42","date_gmt":"2019-08-21T06:28:42","guid":{"rendered":"http:\/\/news-fm.ro\/?p=1654"},"modified":"2019-08-21T06:28:44","modified_gmt":"2019-08-21T06:28:44","slug":"in-memoriam-marin-moraru-31-ianuarie-1937-21-august-2016","status":"publish","type":"post","link":"https:\/\/news-fm.ro\/index.php\/2019\/08\/21\/in-memoriam-marin-moraru-31-ianuarie-1937-21-august-2016\/","title":{"rendered":"IN MEMORIAM Marin Moraru (31 ianuarie 1937 \u2013 21 august 2016)"},"content":{"rendered":"\n<p class=\"wp-block-paragraph\"><strong>Marin Moraru<\/strong>&nbsp;s-a n\u0103scut \u00een Bucure\u0219ti \u00een ultima zi de ianuarie din 1937.<\/p>\n\n\n\n<p class=\"wp-block-paragraph\">Anii tinere\u021bii au \u00eensemnat o perioad\u0103 de neajunsuri.&nbsp;<strong>Marinu\u0219 Moraru<\/strong>, cum \u00eei spuneau apropia\u021bii, a urmat &nbsp;<strong>\u015ecoala Medie Tehnic\u0103 de Construc\u0163ii C\u0103i Ferate<\/strong>&nbsp;de pe Calea Victoriei.<\/p>\n\n\n\n<blockquote class=\"wp-block-quote is-layout-flow wp-block-quote-is-layout-flow\"><p><em>&nbsp;\u201eAcolo \u00eemi f\u0103ceam lec\u0163iile. Dup\u0103 ce le terminam m\u0103 relaxam citind ziare vechi\u201d. Marin Moraru, volumul&nbsp;<strong>Suntem ce sunt amintirile noastre<\/strong><\/em><\/p><\/blockquote>\n\n\n\n<p class=\"wp-block-paragraph\">\u00cen perioada \u00een care \u00eenv\u0103\u021ba cum se \u00eentre\u021bine calea ferat\u0103 \u0219i cum se monteaz\u0103 un macaz, \u00een \u0219coala \u00een care \u00eenv\u0103\u021ba&nbsp;<strong>Marinu\u0219 Moraru<\/strong>&nbsp;a ajuns un regizor de la Institutul de Art\u0103 Teatral\u0103 \u015fi Cinematografic\u0103 \u201eI.L Caragiale\u201d care trebuia s\u0103 pun\u0103 \u00een scen\u0103 spectacole cu trupe de non-profesioni\u0219ti. &nbsp;Era perioada o perioad\u0103 \u00een care erau \u00eencurajate trupele de amatori.<\/p>\n\n\n\n<p class=\"wp-block-paragraph\">Dup\u0103 ce a absolvit \u0219coala tehnic\u0103, a fost repartizat \u00een Bra\u0219ov \u0219i a muncit acolo timp de un an la \u00eentre\u021binerea c\u0103ilor ferate. \u00cen ciuda condi\u021biilor grele, t\u00e2n\u0103rul Marinu\u0219 visa..s\u0103 se fac\u0103 aviator, un vis la care a trebuit s\u0103 renun\u021be.<\/p>\n\n\n\n<p class=\"wp-block-paragraph\">De la Bra\u0219ov a revenit \u00een Bucure\u0219ti, ca angajat la uzina \u201eGrivi\u021ba Ro\u0219ie\u201d. Pentru c\u0103 \u00ee\u0219i dorea s\u0103 urmeze o facultate, a urmat cursuri de preg\u0103tire la Politehnica din capital\u0103.<\/p>\n\n\n\n<figure class=\"wp-block-image\"><img decoding=\"async\" src=\"https:\/\/news-fm.ro\/wp-content\/uploads\/2019\/08\/momentul-in-care-marin-moraru-a-inceput-sa-planga-intr-o-emisiune-tv-video-401013.jpg\" alt=\"\" class=\"wp-image-1655\"\/><\/figure>\n\n\n\n<p class=\"wp-block-paragraph\">\u00cens\u0103, a auzit \u00een timp ce asculta radioul c\u0103 se fac cursuri de preg\u0103tire la&nbsp;<strong>Institutul de Art\u0103 Teatral\u0103<\/strong>, a\u0219a c\u0103 s-a g\u00e2ndit s\u0103 le urmeze. Mai t\u00e2rziu, m\u0103rturisea c\u0103, de\u0219i nu a crezut de la \u00eenceput c\u0103 drumul s\u0103u este Teatrul, toate \u00eent\u00e2mpl\u0103rile au f\u0103cut ca Marinu\u0219 s\u0103 se apropie, \u00een cele din urm\u0103, de scen\u0103.<\/p>\n\n\n\n<blockquote class=\"wp-block-quote is-layout-flow wp-block-quote-is-layout-flow\"><p><em>&nbsp;\u201eFugeam de la cursurile de la Politehnic\u0103 la teatru. Se \u00eent\u00e2mpla \u00een zilele de duminic\u0103\u201c.<\/em>Marin Moraru, volumul&nbsp;<strong><em>Suntem ce sunt amintirile noastre<\/em><\/strong><\/p><\/blockquote>\n\n\n\n<figure class=\"wp-block-image\"><img decoding=\"async\" src=\"https:\/\/www.europafm.ro\/wp-content\/uploads\/2016\/08\/in_take_ianke_si_cadir_alaturi_de_marin_moraru_si_gheorghe_dinica-360x251.jpg\" alt=\"\" class=\"wp-image-126456\"\/><\/figure>\n\n\n\n<p class=\"wp-block-paragraph\"><em>foto: Marin Moraru, Radu Beligan \u0219i Gheorghe Dinic\u0103, \u201eTake, Ianke \u0219i Cad\u00eer\u201d, Teatrul Na\u021bional Bucure\u0219ti<\/em><\/p>\n\n\n\n<p class=\"wp-block-paragraph\">Examenul de admitere la Institutul de Art\u0103 Teatral\u0103 a fost cu ghinion la&nbsp; prima \u00eencercare. Dup\u0103 un examen sus\u021binut \u00een fa\u021ba unei comisii de specialitate, cu prevede procedura (comisie format\u0103 din Ion Finte\u015fteanu, Marcel Anghelescu \u0219i Radu Beligan), Marin Morau a picat, chiar dac\u0103 la mic\u0103 diferen\u021b\u0103 de ultimul admis.<\/p>\n\n\n\n<p class=\"wp-block-paragraph\">Un an mai t\u00e2rziu, reu\u0219ea s\u0103 promoveze examenul \u0219i era acceptat direct \u00een anul II la Teatru. \u00cen&nbsp;<strong>1961<\/strong>, a absolvit institutul de Art\u0103 Teatral\u0103 \u0219i Cinematografic\u0103, la clasa profesoarei&nbsp;<strong>Dina Cocea<\/strong>. Pentru examenul de diplom\u0103 a interpretat rolul Agami\u021b\u0103 Dandanache din piesa \u201eO scrisoare pierdut\u0103\u201d de I.L. Caragiale.<\/p>\n\n\n\n<p class=\"wp-block-paragraph\">Dup\u0103 ce a terminat facultatea, a fost angajat la Teatrul Tineretului<strong>&nbsp;(1961-1964),<\/strong>&nbsp;&nbsp;la Teatrul de Comedie&nbsp;<strong>(1965-1968)<\/strong>, la Teatrul \u201eLucia Sturdza Bulandra\u201d&nbsp;<strong>(1968-1971)<\/strong>&nbsp;\u0219i la Teatrul Na\u021bional Bucure\u0219ti&nbsp;<strong>(1971-1974).<\/strong><\/p>\n\n\n\n<blockquote class=\"wp-block-quote is-layout-flow wp-block-quote-is-layout-flow\"><p><em>\u201eN-am vrut niciodat\u0103 s\u0103 joc ceva anume. Mi s-a dat, mi s-a propus \u0219i eu am acceptat sau nu. Nu am cerut niciodat\u0103 nimic \u0219i nici nu mi-am dorit vreun rol anume. Cel mai important \u0219i mai pl\u0103cut este s\u0103 tragi biletul din c\u0103ciul\u0103, ca la examen. Iar eu sunt preg\u0103tit oric\u00e2nd, at\u00e2t fizic, c\u00e2t \u0219i psihic, s\u0103 trag orice bilet.\u201c&nbsp;Marin Moraru, volumul&nbsp;<strong>Suntem ce sunt amintirile noastre<\/strong><\/em><\/p><\/blockquote>\n\n\n\n<figure class=\"wp-block-image\"><img decoding=\"async\" src=\"https:\/\/www.europafm.ro\/wp-content\/uploads\/2016\/08\/Marin-Moraru-doliu.jpg\" alt=\"\" class=\"wp-image-126481\"\/><\/figure>\n\n\n\n<p class=\"wp-block-paragraph\">Din&nbsp;<strong>1974<\/strong>&nbsp;p\u00e2n\u0103 \u00een&nbsp;<strong>1980<\/strong>&nbsp;a predat la Institutul de Art\u0103 Teatral\u0103 (conferen\u021biar). Apoi, s-a re\u00eentors la na\u021bionalul bucure\u0219tean, unde, din 2002, a devenit societar de onoare.<\/p>\n\n\n\n<p class=\"wp-block-paragraph\">A fost decorat \u00een&nbsp;<strong>2008<\/strong>&nbsp;de pre\u0219edintele Rom\u00e2niei cu&nbsp;<strong>Ordinul Na\u021bional Serviciul Credincios \u00een grad de Mare Cruce<\/strong>. \u00cen acela\u0219i an, primea titlul de&nbsp;<strong>Doctor Honoris Causa<\/strong>&nbsp;al&nbsp;<strong>\u201eUniversit\u0103\u021bii de Art\u0103 Teatral\u0103 \u0219i Cinematografic\u0103\u201d<\/strong>.<\/p>\n\n\n\n<p class=\"wp-block-paragraph\">\u00cen&nbsp;<strong>2009<\/strong>&nbsp;a fost premiat \u00een cadrul&nbsp;<strong>Galei Premiilor Gopo<\/strong>&nbsp;pentru \u00eentreaga carier\u0103.<\/p>\n\n\n\n<p class=\"wp-block-paragraph\">\u00cen&nbsp;<strong>2015<\/strong>&nbsp;i-a fost acordat premiul de Excelen\u021b\u0103 al Festivalului Interna\u021bional de Film Transilvania TIFF&nbsp;<strong>2015<\/strong>&nbsp;pentru \u00eentreaga activitate.<\/p>\n\n\n\n<p class=\"wp-block-paragraph\"><strong>Marinu\u0219 Moraru<\/strong>&nbsp;s-a stins din via\u021b\u0103 la&nbsp;<strong>21 august 2016<\/strong>, la Spitalul Elias din Bucure\u0219ti.<\/p>\n\n\n\n<figure><iframe width=\"553\" height=\"415\" src=\"https:\/\/www.youtube.com\/embed\/68TbzjtEbjc?feature=oembed\" allowfullscreen=\"\"><\/iframe><\/figure>\n\n\n\n<p class=\"wp-block-paragraph\"><\/p>\n\n\n\n<p class=\"wp-block-paragraph\">Sursa: europafm.ro  <\/p>\n","protected":false},"excerpt":{"rendered":"<p>Marin Moraru&nbsp;s-a n\u0103scut \u00een Bucure\u0219ti \u00een ultima zi de ianuarie din 1937. Anii tinere\u021bii au \u00eensemnat o perioad\u0103 de neajunsuri.&nbsp;Marinu\u0219 Moraru, cum \u00eei spuneau apropia\u021bii, a urmat &nbsp;\u015ecoala Medie Tehnic\u0103 de Construc\u0163ii C\u0103i Ferate&nbsp;de pe Calea Victoriei. &nbsp;\u201eAcolo \u00eemi f\u0103ceam lec\u0163iile. Dup\u0103 ce le terminam m\u0103 relaxam citind ziare vechi\u201d. Marin Moraru, volumul&nbsp;Suntem ce sunt [&hellip;]<\/p>\n","protected":false},"author":1,"featured_media":0,"comment_status":"open","ping_status":"open","sticky":false,"template":"","format":"standard","meta":{"_crdt_document":"","footnotes":""},"categories":[1],"tags":[],"class_list":["post-1654","post","type-post","status-publish","format-standard","hentry","category-diverse"],"_links":{"self":[{"href":"https:\/\/news-fm.ro\/index.php\/wp-json\/wp\/v2\/posts\/1654","targetHints":{"allow":["GET"]}}],"collection":[{"href":"https:\/\/news-fm.ro\/index.php\/wp-json\/wp\/v2\/posts"}],"about":[{"href":"https:\/\/news-fm.ro\/index.php\/wp-json\/wp\/v2\/types\/post"}],"author":[{"embeddable":true,"href":"https:\/\/news-fm.ro\/index.php\/wp-json\/wp\/v2\/users\/1"}],"replies":[{"embeddable":true,"href":"https:\/\/news-fm.ro\/index.php\/wp-json\/wp\/v2\/comments?post=1654"}],"version-history":[{"count":0,"href":"https:\/\/news-fm.ro\/index.php\/wp-json\/wp\/v2\/posts\/1654\/revisions"}],"wp:attachment":[{"href":"https:\/\/news-fm.ro\/index.php\/wp-json\/wp\/v2\/media?parent=1654"}],"wp:term":[{"taxonomy":"category","embeddable":true,"href":"https:\/\/news-fm.ro\/index.php\/wp-json\/wp\/v2\/categories?post=1654"},{"taxonomy":"post_tag","embeddable":true,"href":"https:\/\/news-fm.ro\/index.php\/wp-json\/wp\/v2\/tags?post=1654"}],"curies":[{"name":"wp","href":"https:\/\/api.w.org\/{rel}","templated":true}]}}