{"id":1627,"date":"2019-08-07T11:14:13","date_gmt":"2019-08-07T11:14:13","guid":{"rendered":"http:\/\/news-fm.ro\/?p=1627"},"modified":"2019-08-07T11:14:14","modified_gmt":"2019-08-07T11:14:14","slug":"videoclip-oficial-amna-o-sa-fie-bine","status":"publish","type":"post","link":"https:\/\/news-fm.ro\/index.php\/2019\/08\/07\/videoclip-oficial-amna-o-sa-fie-bine\/","title":{"rendered":"Videoclip oficial: AMNA &#8211; O s\u0103 fie bine"},"content":{"rendered":"\n<p class=\"wp-block-paragraph\"><strong>Amna ne c\u00e2nt\u0103 despre iubire \u0219i despre bucuria de a avea al\u0103turi de ea persoana potrivit\u0103. Noul ei single se nume\u0219te\u201d O s\u0103 fie bine\u201d \u0219i este acompaniat de un videoclip alb-negru, regizat de Silviu M\u00eendroc.<\/strong><\/p>\n\n\n\n<figure><iframe width=\"800\" height=\"450\" src=\"https:\/\/www.youtube.com\/embed\/zMtytMa-Yqo?version=3&amp;rel=1&amp;fs=1&amp;autohide=2&amp;showsearch=0&amp;showinfo=1&amp;iv_load_policy=1&amp;wmode=transparent\" allowfullscreen=\"true\"><\/iframe><\/figure>\n\n\n\n<p class=\"wp-block-paragraph\">Dup\u0103 colabor\u0103rile cu&nbsp;<a href=\"https:\/\/www.infomusic.ro\/videoclip\/amna-x-keed-ce-ramane-de-facut\/\">Keed<\/a>&nbsp;\u0219i&nbsp;<a href=\"https:\/\/www.infomusic.ro\/videoclip\/edward-sanda-nimeni-ca-noi\/\">Edward Sanda<\/a>,&nbsp;<strong>Amna<\/strong>&nbsp;revine cu o pies\u0103 sensibil\u0103, intitulat\u0103 &#8220;<strong>O s\u0103 fie bine<\/strong>&#8220;. Versurile \u0219i compozi\u021bia piesei sunt semnate de Amna, artista deschiz\u00e2ndu-\u0219i sufletul \u0219i dezv\u0103luindu-ne c\u00e2t de puternic este \u00eendr\u0103gostit\u0103 de partenerul ei. Videoclipul simplist, filmat alb-negru, accentueaz\u0103 \u0219i mai mult mesajul piesei construite pe o linie de pian.<\/p>\n\n\n\n<p class=\"wp-block-paragraph\"><strong>Amna<\/strong>\u00a0este o prezen\u021b\u0103 aparte \u00een industria muzical\u0103. A ajuns cunoscut\u0103 odat\u0103 cu lansarea piesei &#8220;Tell me why&#8221;, apreciat\u0103 \u00een special \u00een Polonia \u0219i Spania. Artista are \u0219i un album lansat \u00een Japonia, care a ajuns pe primul loc \u00een topul v\u00e2nz\u0103rilor. Au urmat colabor\u0103ri de succes cu Adda (&#8220;F\u0103r\u0103 aer&#8221;), Whats Up (&#8220;Arme&#8221;), Robert Toma (&#8220;\u00cen oglind\u0103&#8221;, &#8220;La cap\u0103tul Lumii&#8221;),\u00a0 Dima\u00a0(&#8220;<a href=\"https:\/\/www.infomusic.ro\/videoclip\/dima-amna-cires-de-mai\/\">Cires de mai<\/a>&#8220;) \u0219i\u00a0Dorian Popa (&#8220;<a href=\"https:\/\/www.infomusic.ro\/videoclip\/amna-feat-dorian-popa-nu-poti-sa-ma-uiti\/\">Nu po\u021bi s\u0103 m\u0103 ui\u021bi<\/a>&#8220;).<\/p>\n\n\n\n<figure class=\"wp-block-image\"><img decoding=\"async\" src=\"https:\/\/news-fm.ro\/wp-content\/uploads\/2019\/08\/646x404-1.jpg\" alt=\"\" class=\"wp-image-1629\"\/><\/figure>\n\n\n\n<p class=\"wp-block-paragraph\">De patru luni, artista posteaz\u0103 s\u0103pt\u0103m\u00e2nal pe canalul s\u0103u de YouTube cover-uri precum &#8220;Un actor gr\u0103bit&#8221;, &#8220;Tu n-ai avut curaj&#8221;, &#8220;A fost iubire&#8221;, &#8220;Mai frumoas\u0103&#8221;, dar \u0219i crea\u021bii proprii precum &#8220;Mama&#8221; \u0219i &#8220;<a href=\"https:\/\/www.infomusic.ro\/videoclip\/amna-14-februarie\/\">14 Februarie<\/a>&#8220;.<\/p>\n\n\n\n<p class=\"wp-block-paragraph\">Sursa: infomusic.ro<\/p>\n","protected":false},"excerpt":{"rendered":"<p>Amna ne c\u00e2nt\u0103 despre iubire \u0219i despre bucuria de a avea al\u0103turi de ea persoana potrivit\u0103. Noul ei single se nume\u0219te\u201d O s\u0103 fie bine\u201d \u0219i este acompaniat de un videoclip alb-negru, regizat de Silviu M\u00eendroc. Dup\u0103 colabor\u0103rile cu&nbsp;Keed&nbsp;\u0219i&nbsp;Edward Sanda,&nbsp;Amna&nbsp;revine cu o pies\u0103 sensibil\u0103, intitulat\u0103 &#8220;O s\u0103 fie bine&#8220;. Versurile \u0219i compozi\u021bia piesei sunt semnate [&hellip;]<\/p>\n","protected":false},"author":1,"featured_media":0,"comment_status":"open","ping_status":"open","sticky":false,"template":"","format":"standard","meta":{"_crdt_document":"","footnotes":""},"categories":[1],"tags":[],"class_list":["post-1627","post","type-post","status-publish","format-standard","hentry","category-diverse"],"_links":{"self":[{"href":"https:\/\/news-fm.ro\/index.php\/wp-json\/wp\/v2\/posts\/1627","targetHints":{"allow":["GET"]}}],"collection":[{"href":"https:\/\/news-fm.ro\/index.php\/wp-json\/wp\/v2\/posts"}],"about":[{"href":"https:\/\/news-fm.ro\/index.php\/wp-json\/wp\/v2\/types\/post"}],"author":[{"embeddable":true,"href":"https:\/\/news-fm.ro\/index.php\/wp-json\/wp\/v2\/users\/1"}],"replies":[{"embeddable":true,"href":"https:\/\/news-fm.ro\/index.php\/wp-json\/wp\/v2\/comments?post=1627"}],"version-history":[{"count":0,"href":"https:\/\/news-fm.ro\/index.php\/wp-json\/wp\/v2\/posts\/1627\/revisions"}],"wp:attachment":[{"href":"https:\/\/news-fm.ro\/index.php\/wp-json\/wp\/v2\/media?parent=1627"}],"wp:term":[{"taxonomy":"category","embeddable":true,"href":"https:\/\/news-fm.ro\/index.php\/wp-json\/wp\/v2\/categories?post=1627"},{"taxonomy":"post_tag","embeddable":true,"href":"https:\/\/news-fm.ro\/index.php\/wp-json\/wp\/v2\/tags?post=1627"}],"curies":[{"name":"wp","href":"https:\/\/api.w.org\/{rel}","templated":true}]}}