{"id":1619,"date":"2019-08-07T11:03:39","date_gmt":"2019-08-07T11:03:39","guid":{"rendered":"http:\/\/news-fm.ro\/?p=1619"},"modified":"2019-08-07T11:03:41","modified_gmt":"2019-08-07T11:03:41","slug":"videoclip-oficial-the-motans-valuri-mari","status":"publish","type":"post","link":"https:\/\/news-fm.ro\/index.php\/2019\/08\/07\/videoclip-oficial-the-motans-valuri-mari\/","title":{"rendered":"Videoclip oficial: The Motans &#8211; Valuri Mari"},"content":{"rendered":"\n<p class=\"wp-block-paragraph\"><strong>The Motans a lansat videoclipul piesei &#8220;Valuri Mari&#8221;, un tribut pentru experien\u0163a unic\u0103 a concertului de la Arenele Romane de pe 31 mai. Acest release vine pe 2 august, ziua de na\u015ftere a lui Denis Roabe\u015f, vocea proiectului The Motans. Este un cadou pentru fani, iar clipul poate fi vizionat \u00een articol.<\/strong><\/p>\n\n\n\n<figure><iframe width=\"800\" height=\"450\" src=\"https:\/\/www.youtube.com\/embed\/1SU6yf9zmp4?version=3&amp;rel=1&amp;fs=1&amp;autohide=2&amp;showsearch=0&amp;showinfo=1&amp;iv_load_policy=1&amp;wmode=transparent\" allowfullscreen=\"true\"><\/iframe><\/figure>\n\n\n\n<p class=\"wp-block-paragraph\"><strong>&#8220;Valuri Mari&#8221;<\/strong>&nbsp;este o pies\u0103 cu instrumenta\u0163ie complex\u0103, care include chitar\u0103 electric\u0103 cu un solo care \u00ee\u0163i r\u0103m\u00e2ne \u00een minte mult timp dup\u0103 terminarea piesei. Se aude \u015fi un sintetizator care aminte\u015fte pu\u0163in de coloan\u0103 sonor\u0103 a lui Hans Zimmer pentru &#8220;Interstellar&#8221;. Videoclipul prezint\u0103 experien\u0163a lui&nbsp;<strong>Denis Roabe\u015f<\/strong>&nbsp;\u015fi a publicului de la Arenele Romane din cadrul &#8220;The Motans Grand Concert&#8221;. Mii de m\u00e2ini \u015fi telefoane cu ecran aprins sunt \u00een aer, publicul vuie\u015fte \u015fi ploaia \u00eei acoper\u0103 pe to\u0163i.<\/p>\n\n\n\n<p class=\"wp-block-paragraph\">Cu reflectoare psihedelice \u015fi a\u015ftri proiecta\u0163i pe scen\u0103, experien\u0163a a fost una cu adev\u0103rat emo\u0163ional\u0103 \u015fi multi senzorial\u0103 pentru public. \u00centr-o ploaie de confetti \u015fi cu o mi\u015fcare plin\u0103 de energie a lui Denis Roabe\u015f pe scen\u0103, acest videoclip \u00eencununeaz\u0103 cea mai memorabila reprezenta\u0163ie&nbsp;<strong>The Motans<\/strong>. Concertul a adus \u00eempreun\u0103 5000 de fani ai celui mai sentimental proiect muzical pop venit \u00een Rom\u00e2nia de peste Prut.<\/p>\n\n\n\n<p class=\"wp-block-paragraph\"><a href=\"https:\/\/www.infomusic.ro\/2019\/06\/in-concertul-de-la-arenele-romane-the-motans-a-filmat-live-videoclipul-noii-piese-valuri-mari-poze\/\">Noua melodie<\/a>\u00a0a fost interpretat\u0103 \u00een premier\u0103 la Arenele Romane pe 31 mai, la primul mare concert al grupului muzical. Cei prezen\u0163i au fost ruga\u0163i s\u0103 fac\u0103 parte din videoclip \u015fi s\u0103 stea cu m\u00e2inile \u00een aer, simboliz\u00e2nd valurile din titlul \u015fi versurile acestei crea\u0163ii.<\/p>\n\n\n\n<figure class=\"wp-block-image\"><img decoding=\"async\" src=\"https:\/\/news-fm.ro\/wp-content\/uploads\/2019\/08\/TheMotans201801290107mai-mic-1564751849ffx09f6.jpeg\" alt=\"\" class=\"wp-image-1621\"\/><\/figure>\n\n\n\n<p class=\"wp-block-paragraph\">Muzica este compus\u0103 de Denis Roabe\u0219 \u00eempreun\u0103 cu Alex Cotoi, Sebastian Barac \u0219i Marcel Botezan care semneaz\u0103 \u0219i produc\u021bia piesei, iar partea instrumental\u0103 apar\u021bine lui I\u0219tvan Ilie\u0219 (pian), Ali Said (tobe), Matei Bulencea (bass) \u0219i Damian Rusu (chitar\u0103). Creditele video sunt semnate de NGM Creative, regie Bogdan P\u0103un \u0219i DOP Alexandru Mure\u0219an.<\/p>\n\n\n\n<p class=\"wp-block-paragraph\">Finalul include un pian sensibil \u015fi imagini cu Denis pe malul m\u0103rii, eterna sa inspira\u0163ie. Un semafor apare de nic\u0103ieri pentru o doz\u0103 de absurd \u00eentr-un peisaj romantic. C\u00e2teva cuvinte memorabile ale artistului legate de existen\u0163a uman\u0103 \u015fi divinitate \u00eencheie aceast\u0103 oper\u0103 de art\u0103 special\u0103.<\/p>\n\n\n\n<p class=\"wp-block-paragraph\">\u00cen 2019 The Motans a mai lansat hitul\u00a0<a href=\"https:\/\/www.infomusic.ro\/videoclip\/the-motans-feat-irina-rimes-poem\/\">&#8220;POEM&#8221;<\/a>, colaborare cu Irina Rimes, dar \u015fi\u00a0<a href=\"https:\/\/www.infomusic.ro\/videoclip\/delia-feat-the-motans-ramai\/\">&#8220;R\u0103m\u00e2i&#8221;<\/a>\u00a0al\u0103turi de Delia.<\/p>\n\n\n\n<p class=\"wp-block-paragraph\">Sursa: infomusic.ro<\/p>\n","protected":false},"excerpt":{"rendered":"<p>The Motans a lansat videoclipul piesei &#8220;Valuri Mari&#8221;, un tribut pentru experien\u0163a unic\u0103 a concertului de la Arenele Romane de pe 31 mai. Acest release vine pe 2 august, ziua de na\u015ftere a lui Denis Roabe\u015f, vocea proiectului The Motans. Este un cadou pentru fani, iar clipul poate fi vizionat \u00een articol. &#8220;Valuri Mari&#8221;&nbsp;este o [&hellip;]<\/p>\n","protected":false},"author":1,"featured_media":0,"comment_status":"open","ping_status":"open","sticky":false,"template":"","format":"standard","meta":{"_crdt_document":"","footnotes":""},"categories":[1],"tags":[],"class_list":["post-1619","post","type-post","status-publish","format-standard","hentry","category-diverse"],"_links":{"self":[{"href":"https:\/\/news-fm.ro\/index.php\/wp-json\/wp\/v2\/posts\/1619","targetHints":{"allow":["GET"]}}],"collection":[{"href":"https:\/\/news-fm.ro\/index.php\/wp-json\/wp\/v2\/posts"}],"about":[{"href":"https:\/\/news-fm.ro\/index.php\/wp-json\/wp\/v2\/types\/post"}],"author":[{"embeddable":true,"href":"https:\/\/news-fm.ro\/index.php\/wp-json\/wp\/v2\/users\/1"}],"replies":[{"embeddable":true,"href":"https:\/\/news-fm.ro\/index.php\/wp-json\/wp\/v2\/comments?post=1619"}],"version-history":[{"count":0,"href":"https:\/\/news-fm.ro\/index.php\/wp-json\/wp\/v2\/posts\/1619\/revisions"}],"wp:attachment":[{"href":"https:\/\/news-fm.ro\/index.php\/wp-json\/wp\/v2\/media?parent=1619"}],"wp:term":[{"taxonomy":"category","embeddable":true,"href":"https:\/\/news-fm.ro\/index.php\/wp-json\/wp\/v2\/categories?post=1619"},{"taxonomy":"post_tag","embeddable":true,"href":"https:\/\/news-fm.ro\/index.php\/wp-json\/wp\/v2\/tags?post=1619"}],"curies":[{"name":"wp","href":"https:\/\/api.w.org\/{rel}","templated":true}]}}