{"id":1616,"date":"2019-08-07T03:48:34","date_gmt":"2019-08-07T03:48:34","guid":{"rendered":"http:\/\/news-fm.ro\/?p=1616"},"modified":"2019-08-07T03:49:27","modified_gmt":"2019-08-07T03:49:27","slug":"videoclip-oficial-carlas-dreams-gust-amar-nocturn-act-9","status":"publish","type":"post","link":"https:\/\/news-fm.ro\/index.php\/2019\/08\/07\/videoclip-oficial-carlas-dreams-gust-amar-nocturn-act-9\/","title":{"rendered":"Videoclip oficial: Carla&#8217;s Dreams &#8211; Gust Amar | Nocturn: Act 9"},"content":{"rendered":"\n<p class=\"wp-block-paragraph\"><strong>Carla&#8217;s Dreams continu\u0103 povestea proiectului Nocturn cu actul 9, respectiv o pies\u0103 intitulat\u0103 \u201dGust Amar\u201d. Melodia vine acompaniat\u0103 de un videoclip regizat de Roman Burlaca.<\/strong><\/p>\n\n\n\n<figure><iframe width=\"800\" height=\"450\" src=\"https:\/\/www.youtube.com\/embed\/vIRQIQVwfe0?version=3&amp;rel=1&amp;fs=1&amp;autohide=2&amp;showsearch=0&amp;showinfo=1&amp;iv_load_policy=1&amp;wmode=transparent\" allowfullscreen=\"true\"><\/iframe><\/figure>\n\n\n\n<p class=\"wp-block-paragraph\">Piesa promis\u0103 din mai de&nbsp;<strong>Carla&#8217;s Dreams<\/strong>, &#8220;<strong>Gust Amar<\/strong>&#8220;, ajunge la public la \u00eenceput de august, \u00eempreun\u0103 cu un mesaj din partea forma\u021biei.<\/p>\n\n\n\n<blockquote class=\"wp-block-quote is-layout-flow wp-block-quote-is-layout-flow\"><p>&#8220;Vorba aceea &#8211; diamantul c\u0103zut \u00een noroi tot diamant r\u0103m\u00e2ne, iar praful ridicat p\u00e2n\u0103 la cer &#8211; tot praf.<br>V-am cuprins ,)&#8221;, a scris&nbsp;<strong>Carla&#8217;s Dreams&nbsp;<\/strong>pe Facebook.<\/p><\/blockquote>\n\n\n\n<p class=\"wp-block-paragraph\">&#8220;<strong>Gust Amar<\/strong>&#8221; este compus\u0103 de Carla&#8217;s Dreams \u0219i Alexandru Cotoi \u0219i face parte din seria&nbsp;<strong>Nocturn,&nbsp;<\/strong>un proiect muzical \u0219i video \u00een 10 acte ini\u021biat de Carla&#8217;s Dreams. \u00cen fiecare dintre videoclipuri urm\u0103rim c\u00e2te o fr\u00e2ntur\u0103 din trei pove\u0219ti de dragoste care se desf\u0103\u0219oar\u0103 \u00een paralel. Pe parcursul seriei am v\u0103zut cum trei prieteni se \u00eendr\u0103gostesc de trei femei frumoase \u0219i evolueaz\u0103 \u00een rela\u021bii cu ele.<\/p>\n\n\n\n<p class=\"wp-block-paragraph\">Dup\u0103 trei concerte sold out la Arenele Romane,&nbsp;<strong>Carla\u2019s Dreams<\/strong>&nbsp;a c\u00e2ntat \u00een mai pentru prima dat\u0103 la Romexpo, \u00een fa\u021ba a 8500 de fani, \u00een show-ul &#8220;Nocturn&#8221;, o experien\u021b\u0103 \u00eenceput\u0103 \u00een online cu piese \u0219i testimoniale lansate de-a lungul a 200 de zile, \u0219i care a continuat cu&nbsp;<a href=\"https:\/\/www.infomusic.ro\/2019\/05\/carlas-dreams-nocturn-primul-concert-la-romexpo-foto\/\">un eveniment pe care publicul nu \u00eel va uita prea cur\u00e2nd.<\/a><\/p>\n\n\n\n<figure class=\"wp-block-image\"><img decoding=\"async\" src=\"https:\/\/news-fm.ro\/wp-content\/uploads\/2019\/04\/354254.jpg\" alt=\"\" class=\"wp-image-1363\"\/><\/figure>\n\n\n\n<p class=\"wp-block-paragraph\"><strong>Carla\u2019s Dreams<\/strong>&nbsp;a cucerit publicul din Rom\u00e2nia prin mesajele puternice, sound-ul divers \u0219i colabor\u0103rile de succes cu<strong>&nbsp;INNA, Antonia, Delia<\/strong>&nbsp;\u0219i<strong>&nbsp;Loredana<\/strong>. Grupul sus\u021bine concerte sold out at\u00e2t \u00een Rom\u00e2nia, c\u00e2t \u0219i \u00een str\u0103in\u0103tate.<\/p>\n\n\n\n<p class=\"wp-block-paragraph\">Sursa: infomusic.ro<\/p>\n","protected":false},"excerpt":{"rendered":"<p>Carla&#8217;s Dreams continu\u0103 povestea proiectului Nocturn cu actul 9, respectiv o pies\u0103 intitulat\u0103 \u201dGust Amar\u201d. Melodia vine acompaniat\u0103 de un videoclip regizat de Roman Burlaca. Piesa promis\u0103 din mai de&nbsp;Carla&#8217;s Dreams, &#8220;Gust Amar&#8220;, ajunge la public la \u00eenceput de august, \u00eempreun\u0103 cu un mesaj din partea forma\u021biei. &#8220;Vorba aceea &#8211; diamantul c\u0103zut \u00een noroi tot [&hellip;]<\/p>\n","protected":false},"author":1,"featured_media":0,"comment_status":"open","ping_status":"open","sticky":false,"template":"","format":"standard","meta":{"_crdt_document":"","footnotes":""},"categories":[1],"tags":[],"class_list":["post-1616","post","type-post","status-publish","format-standard","hentry","category-diverse"],"_links":{"self":[{"href":"https:\/\/news-fm.ro\/index.php\/wp-json\/wp\/v2\/posts\/1616","targetHints":{"allow":["GET"]}}],"collection":[{"href":"https:\/\/news-fm.ro\/index.php\/wp-json\/wp\/v2\/posts"}],"about":[{"href":"https:\/\/news-fm.ro\/index.php\/wp-json\/wp\/v2\/types\/post"}],"author":[{"embeddable":true,"href":"https:\/\/news-fm.ro\/index.php\/wp-json\/wp\/v2\/users\/1"}],"replies":[{"embeddable":true,"href":"https:\/\/news-fm.ro\/index.php\/wp-json\/wp\/v2\/comments?post=1616"}],"version-history":[{"count":0,"href":"https:\/\/news-fm.ro\/index.php\/wp-json\/wp\/v2\/posts\/1616\/revisions"}],"wp:attachment":[{"href":"https:\/\/news-fm.ro\/index.php\/wp-json\/wp\/v2\/media?parent=1616"}],"wp:term":[{"taxonomy":"category","embeddable":true,"href":"https:\/\/news-fm.ro\/index.php\/wp-json\/wp\/v2\/categories?post=1616"},{"taxonomy":"post_tag","embeddable":true,"href":"https:\/\/news-fm.ro\/index.php\/wp-json\/wp\/v2\/tags?post=1616"}],"curies":[{"name":"wp","href":"https:\/\/api.w.org\/{rel}","templated":true}]}}