{"id":1611,"date":"2019-08-02T12:13:18","date_gmt":"2019-08-02T12:13:18","guid":{"rendered":"http:\/\/news-fm.ro\/?p=1611"},"modified":"2019-08-02T12:13:20","modified_gmt":"2019-08-02T12:13:20","slug":"emeli-sande-si-ronan-keating-sustin-recitaluri-la-cerbul-de-aur-2019","status":"publish","type":"post","link":"https:\/\/news-fm.ro\/index.php\/2019\/08\/02\/emeli-sande-si-ronan-keating-sustin-recitaluri-la-cerbul-de-aur-2019\/","title":{"rendered":"Emeli Sande \u0219i Ronan Keating sus\u021bin recitaluri la Cerbul de Aur 2019"},"content":{"rendered":"\n<p class=\"wp-block-paragraph\"><strong>Emeli Sande, una dintre cele mai bune voci ale Marii Britanii din ultimii 10 ani, \u0219i Ronan Keating, starul irlandez recunsocut pentru activitatea solo, dar \u0219i al\u0103turi de Boyzone, vor sus\u021bine recitaluri la Cerbul de Aur 2019. Vineri, 23 august, \u00een ultima zi de concurs, Emeli va sus\u0163ine la Bra\u015fov primul recital pe o scen\u0103 din Rom\u00e2nia, iar \u00een Seara de Gal\u0103 a festivalului, pe 24 august, Ronan Keating va interpreta hituri ca &#8220;When You Say Nothing at All&#8221; \u0219i &#8220;If Tomorrow Never Comes&#8221; .<\/strong><\/p>\n\n\n\n<figure class=\"wp-block-image\"><img decoding=\"async\" src=\"https:\/\/static.infomusic.ro\/media\/2019\/08\/emeli-sande-ronan-keating-800x533.jpg\" alt=\"Emeli Sande \/ Ronan Keating\" class=\"wp-image-126404\"\/><\/figure>\n\n\n\n<h2 class=\"wp-block-heading\">Emeli Sande sus\u021bine primul recital pe o scen\u0103 din Rom\u00e2nia<\/h2>\n\n\n\n<p class=\"wp-block-paragraph\">Cu peste 340 de milioane de vizualiz\u0103ri \u00een mediul online, 19 milioane de single-uri v\u00e2ndute, dintre care trei No.1 \u00een Marea Britanie, patru Brit Awards, autoare sau co-autoare a unor piese pentru mari arti\u015fti precum Alicia Keys, Katy Perry sau Rihanna, Emeli Sand\u00e9 este printre cele mai recunoscute \u015fi iubite staruri ale industriei muzicale.<\/p>\n\n\n\n<p class=\"wp-block-paragraph\">&#8220;<strong>My Kind Of Love<\/strong>&#8220;, &#8220;<strong>Next to Me<\/strong>&#8220;, &#8220;<strong>Read All About It<\/strong>&#8220;, &#8220;<strong>Beneath you\u2019re Beautiful<\/strong>&#8221; sunt c\u00e2teva dintre hiturile care s-au auzit pe radiourile din \u00eentreaga lume \u015fi cu care Emeli a cucerit definitiv inimile \u015fi urechile ascult\u0103torilor. Ascensiunea sa artistic\u0103 a \u00eenceput \u00een 2009, c\u00e2nd a lansat &#8220;<strong>Diamond Rings<\/strong>&#8221; al\u0103turi de rapper-ul Chipmunk. Aceastp pies\u0103 a intrat direct \u00een Top 10 UK Singles Chart.<\/p>\n\n\n\n<figure><iframe width=\"800\" height=\"450\" src=\"https:\/\/www.youtube.com\/embed\/-nwdjQmc_N8?version=3&amp;rel=1&amp;fs=1&amp;autohide=2&amp;showsearch=0&amp;showinfo=1&amp;iv_load_policy=1&amp;wmode=transparent\" allowfullscreen=\"true\"><\/iframe><\/figure>\n\n\n\n<h3 class=\"wp-block-heading\">Emeli Sande a dobor\u00e2t un record The Beatles cu albumul de debut<\/h3>\n\n\n\n<p class=\"wp-block-paragraph\">Albumul de debut, &#8220;<strong>Our Version of Events<\/strong>&#8220;, lansat \u00een 2012, a ajuns num\u0103rul unu \u00een Regatul Unit la scurt timp de la lansare,&nbsp;<strong>dobor\u00e2nd \u00een acela\u015fi timp \u015fi un record de\u0163inut timp de 50 de ani de The Beatles<\/strong>&nbsp;pentru cele mai multe s\u0103pt\u0103m\u00e2ni \u00een Top 10. De asemenea, a primit 7 discuri de platin\u0103 \u00een Marea Britanie \u015fi Irlanda, fiind cel mai bine v\u00e2ndut album \u00een 2012 \u015fi 2013.<\/p>\n\n\n\n<p class=\"wp-block-paragraph\">Anul 2012 a fost unul fabulos pentru Emeli, care a c\u00e2ntat \u00een fa\u0163a a 80.000 de spectatori \u015fi a miliarde de telespectatori, la ceremoniile de deschidere \u015fi \u00eenchidere ale Jocurilor Olimpice de Var\u0103 de la Londra.<\/p>\n\n\n\n<p class=\"wp-block-paragraph\">Dup\u0103 o perioad\u0103 de c\u0103ut\u0103ri \u015fi redescoperire personal\u0103, Emeli revine \u00een aten\u0163ia publicului cu &#8220;Long Live the Angels&#8221;, album pentru care a primit cel mai recent Brit Awards, \u00een 2017. \u00cen urm\u0103torul an, Casa Regal\u0103 Britanic\u0103 o decoreaz\u0103 cu MBE pentru servicii aduse muzicii.<\/p>\n\n\n\n<p class=\"wp-block-paragraph\">\u00cen acest an, la scurt timp dup\u0103 recitalul de la Bra\u015fov, renumita artist\u0103 \u00ee\u015fi va lansa cel de-al treilea album &#8211; &#8220;Real Life&#8221;, pe care este \u015fi single-ul &#8220;<strong>Extraordinary Being<\/strong>&#8220;, inclus pe coloana sonor\u0103 a filmului &#8220;<strong>X-Men: Dark Pheonix<\/strong>&#8220;.<\/p>\n\n\n\n<figure><iframe width=\"800\" height=\"450\" src=\"https:\/\/www.youtube.com\/embed\/NnYsk7jfUTE?version=3&amp;rel=1&amp;fs=1&amp;autohide=2&amp;showsearch=0&amp;showinfo=1&amp;iv_load_policy=1&amp;wmode=transparent\" allowfullscreen=\"true\"><\/iframe><\/figure>\n\n\n\n<h2 class=\"wp-block-heading\">Ronan Keating aduce romantismul la Bra\u0219ov, \u00een Pia\u0163a Sfatului<\/h2>\n\n\n\n<p class=\"wp-block-paragraph\"><strong>Ronan Keating<\/strong>, starul irlandez care a v\u00e2ndut zeci de milioane de albume ca artist solo \u015fi membru al celebrei trupe&nbsp;<strong>Boyzone<\/strong>, va sus\u0163ine&nbsp;<strong>pe 24 august<\/strong>&nbsp;un recital de neuitat la Festivalul Cerbul de Aur.<\/p>\n\n\n\n<p class=\"wp-block-paragraph\">Va fi o sear\u0103 \u00een care emo\u0163iile vor ajunge la cote maxime: Seara de Gal\u0103, c\u00e2nd vor fi dezv\u0103lui\u021bi c\u00e2\u015ftig\u0103torii edi\u0163iei 2019 \u015fi c\u00e2nd publicul va c\u00e2nta al\u0103turi de&nbsp;<strong>Ronan Keating<\/strong>&nbsp;unele dintre cele mai romantice melodii.<\/p>\n\n\n\n<blockquote class=\"wp-block-quote is-layout-flow wp-block-quote-is-layout-flow\"><p>&#8220;Cu Ronan Keating nu dai gre\u015f c\u00e2nd vrei s\u0103 cucere\u015fti pe cineva, \u00een cazul de fa\u0163\u0103 publicul din Pia\u0163a Sfatului \u015fi pe telespectatorii din fa\u0163a micilor ecrane. Am dorit s\u0103 aducem la Cerbul de Aur un artist iubit de toate v\u00e2rstele. Cine n-a dansat m\u0103car o dat\u0103 pe melodiile lui? Dac\u0103 e totu\u015fi cineva, atunci sigur, dup\u0103 recitalul de la Cerb, nu va mai fi!&#8221;, declar\u0103 Smaranda Vornicu-Shalit, directorului Festivalului.<\/p><\/blockquote>\n\n\n\n<p class=\"wp-block-paragraph\">C\u00e2nt\u0103re\u0163, compozitor, jurat \u015fi vocal coach la talent show-uri,&nbsp;<strong>Ronan Keating<\/strong>&nbsp;are o carier\u0103 impresionant\u0103. A fost lider al trupei Boyzone cu care a lansat \u015fapte albume de studio \u015fi numeroase hituri \u015fi a v\u00e2ndut 25 de milioane de albume.<\/p>\n\n\n\n<p class=\"wp-block-paragraph\">\u00cen 2000 \u00eencepe cariera solo, lans\u00e2nd nu mai pu\u0163in de zece albume, v\u00e2ndute \u00een 20 de milioane de exemplare. Single-ul s\u0103u &#8220;<strong>When You Say Nothing at All<\/strong>&#8221; de pe coloana sonor\u0103 a filmului &#8220;<strong>Notting Hill<\/strong>&#8221; a f\u0103cut \u00eenconjurul lumii \u015fi a ajuns No.1 \u00een topurile din mai multe \u0163\u0103ri. \u00cen Australia este cunoscut \u015fi ca jurat al emisiunilor X Factor \u015fi All Together Now \u015fi vocal coach pentru talent show-ul&nbsp;<strong>The Voice<\/strong>&nbsp;(2016).<\/p>\n\n\n\n<figure><iframe width=\"800\" height=\"450\" src=\"https:\/\/www.youtube.com\/embed\/IobNcpiwpSc?version=3&amp;rel=1&amp;fs=1&amp;autohide=2&amp;showsearch=0&amp;showinfo=1&amp;iv_load_policy=1&amp;wmode=transparent\" allowfullscreen=\"true\"><\/iframe><\/figure>\n\n\n\n<p class=\"wp-block-paragraph\"><strong>Festivalul Cerbul de Aur 2019<\/strong>, care se desf\u0103\u015foar\u0103 \u00een perioada 22 &#8211; 25 august, va fi o edi\u0163ie complet\u0103, pentru toate gusturile, cu ritm dar \u015fi romantic\u0103. Cu recitaluri care s\u0103 devin\u0103 momente de cole\u0163ie. \u00cen acest an, al\u0103turi de Emeli Sande \u0219i Ronan Keating, vor urca pe scena din Pia\u0163a Sfatului \u0219i&nbsp;<a href=\"https:\/\/www.infomusic.ro\/2019\/07\/biletele-pentru-cerbul-de-aur-2019-au-fost-puse-in-vanzare-stefan-banica-si-irina-rimes\/\">Irina Rimes \u015fi \u015etefan B\u0103nic\u0103<\/a>.<\/p>\n\n\n\n<p class=\"wp-block-paragraph\">Pe l\u00e2ng\u0103 recitalurile vedetelor invitate, 12 finali\u015fti ai concursului interna\u0163ional de interpretare vor c\u00e2nta pentru premii de peste 55 de mii de euro.<br>Pentru concuren\u0163ii din acest an, echipa TVR a preg\u0103tit un format cu dou\u0103 zile de concurs, o Gal\u0103 de premiere \u015fi evenimente adiacente.<\/p>\n\n\n\n<p class=\"wp-block-paragraph\">Festivalul se va \u00eencheia cu un spectacol folcloric care va reuni muzica popular\u0103 tradi\u0163ional\u0103 rom\u00e2neasc\u0103 \u015fi prelucr\u0103ri de actualitate ale acestui gen muzical.<\/p>\n\n\n\n<p class=\"wp-block-paragraph\">Evenimentul va fi transmis \u00een direct \u015fi \u00een exclusivitate de Televiziunea Rom\u00e2n\u0103.<\/p>\n\n\n\n<p class=\"wp-block-paragraph\">Sursa: infomusic.ro<\/p>\n","protected":false},"excerpt":{"rendered":"<p>Emeli Sande, una dintre cele mai bune voci ale Marii Britanii din ultimii 10 ani, \u0219i Ronan Keating, starul irlandez recunsocut pentru activitatea solo, dar \u0219i al\u0103turi de Boyzone, vor sus\u021bine recitaluri la Cerbul de Aur 2019. Vineri, 23 august, \u00een ultima zi de concurs, Emeli va sus\u0163ine la Bra\u015fov primul recital pe o scen\u0103 [&hellip;]<\/p>\n","protected":false},"author":1,"featured_media":0,"comment_status":"open","ping_status":"open","sticky":false,"template":"","format":"standard","meta":{"_crdt_document":"","footnotes":""},"categories":[1],"tags":[],"class_list":["post-1611","post","type-post","status-publish","format-standard","hentry","category-diverse"],"_links":{"self":[{"href":"https:\/\/news-fm.ro\/index.php\/wp-json\/wp\/v2\/posts\/1611","targetHints":{"allow":["GET"]}}],"collection":[{"href":"https:\/\/news-fm.ro\/index.php\/wp-json\/wp\/v2\/posts"}],"about":[{"href":"https:\/\/news-fm.ro\/index.php\/wp-json\/wp\/v2\/types\/post"}],"author":[{"embeddable":true,"href":"https:\/\/news-fm.ro\/index.php\/wp-json\/wp\/v2\/users\/1"}],"replies":[{"embeddable":true,"href":"https:\/\/news-fm.ro\/index.php\/wp-json\/wp\/v2\/comments?post=1611"}],"version-history":[{"count":0,"href":"https:\/\/news-fm.ro\/index.php\/wp-json\/wp\/v2\/posts\/1611\/revisions"}],"wp:attachment":[{"href":"https:\/\/news-fm.ro\/index.php\/wp-json\/wp\/v2\/media?parent=1611"}],"wp:term":[{"taxonomy":"category","embeddable":true,"href":"https:\/\/news-fm.ro\/index.php\/wp-json\/wp\/v2\/categories?post=1611"},{"taxonomy":"post_tag","embeddable":true,"href":"https:\/\/news-fm.ro\/index.php\/wp-json\/wp\/v2\/tags?post=1611"}],"curies":[{"name":"wp","href":"https:\/\/api.w.org\/{rel}","templated":true}]}}