{"id":1591,"date":"2019-07-25T11:43:58","date_gmt":"2019-07-25T11:43:58","guid":{"rendered":"http:\/\/news-fm.ro\/?p=1591"},"modified":"2019-07-25T11:47:32","modified_gmt":"2019-07-25T11:47:32","slug":"videoclip-oficial-lenny-kravitz-5-more-days-til-summer","status":"publish","type":"post","link":"https:\/\/news-fm.ro\/index.php\/2019\/07\/25\/videoclip-oficial-lenny-kravitz-5-more-days-til-summer\/","title":{"rendered":"Videoclip oficial: Lenny Kravitz &#8211; 5 More Days &#8216;Til Summer"},"content":{"rendered":"\n<p class=\"wp-block-paragraph\"><strong>Lenny Kravitz este euforic \u00eentr-un videoclip ce anun\u021b\u0103 venirea verii, \u201d5 More Days &#8216;Til Summer\u201d. De\u0219i calendaristic dou\u0103 treimi din var\u0103 s-au scurs, videoclipul este de bun augur \u0219i pe final de iulie, anun\u021b\u00e2nd venirea lui august, luna concediilor.<\/strong><\/p>\n\n\n\n<figure><iframe width=\"800\" height=\"450\" src=\"https:\/\/www.youtube.com\/embed\/UC3XtES7iEg?version=3&amp;rel=1&amp;fs=1&amp;autohide=2&amp;showsearch=0&amp;showinfo=1&amp;iv_load_policy=1&amp;wmode=transparent\" allowfullscreen=\"true\"><\/iframe><\/figure>\n\n\n\n<p class=\"wp-block-paragraph\">Single-ul &#8220;<strong>5 More Days &#8216;Til Summer<\/strong>&#8221; se reg\u0103se\u0219te pe albumul &#8220;<strong>Raise Vibration<\/strong>&#8220;, lansat de artist pe 7 septembrie 2018 \u0219i \u00eenregistrat \u00een studioul lui Kravitz din Bahamas. LP-ul subliniaz\u0103 sinergia mai multor genuri muzicale, precum rock \u2018n\u2019 roll, funk, blues \u0219i soul. Cu un sunet proasp\u0103t, actual, tineresc \u0219i \u00eembog\u0103\u021bit de cele trei decenii de muzic\u0103, &#8220;Raise Vibration&#8221; devine un moment de rena\u0219tere creativ\u0103 \u0219i reprezint\u0103 o realizare curajoas\u0103, vie \u0219i ingenioas\u0103 demn\u0103 de m\u0103iestria \u0219i spiritul rebel ale lui&nbsp;<strong>Lenny Kravitz<\/strong>.<\/p>\n\n\n\n<p class=\"wp-block-paragraph\">Considerat unul dintre cei mai proemine\u021bi muzicieni ai timpurilor noastre,&nbsp;<strong>Lenny Kravitz<\/strong>&nbsp;a dep\u0103\u0219it barierele impuse de gen muzical, stil, ras\u0103 \u0219i statut social. Scriitor, produc\u0103tor, vocalist \u0219i instrumentist \u00eenzestrat, Lenny Kravitz a fost desemnat c\u00e2\u0219tig\u0103tor al Premiului Grammy pentru categoria \u201eBest Male Rock Vocal Performance\u201d 4 ani consecutivi (din 1999 p\u00e2n\u0103 \u00een 2002), de\u021bin\u00e2nd chiar recordul acestei categorii.<\/p>\n\n\n\n<figure class=\"wp-block-image\"><img decoding=\"async\" src=\"https:\/\/news-fm.ro\/wp-content\/uploads\/2019\/07\/Lenny_Kravitz-1020x580-2.jpg\" alt=\"\" class=\"wp-image-1600\"\/><\/figure>\n\n\n\n<p class=\"wp-block-paragraph\">Cele 10 albume din discografia artistului s-au v\u00e2ndut \u00een peste 38 de milioane de exemplare, Lenny f\u0103c\u00e2nd trecerea \u0219i c\u0103tre industria cinematografic\u0103, cu roluri \u00een filme precum \u201eThe Hunger Games: Catching Fire\u201d, \u201ePrecious\u201d \u0219i \u201eThe Butler\u201d.<\/p>\n\n\n\n<p class=\"wp-block-paragraph\"><strong>Lenny Kravitz<\/strong>&nbsp;a concertat anul acesta&nbsp;<a href=\"https:\/\/www.infomusic.ro\/fotografii\/lenny-kravitz-poze-concert-cluj-napoca-2019\/\">la Sala Polivalent\u0103 din Cluj-Napoca<\/a>. Evenimentul a avut loc pe 6 mai, f\u0103c\u00e2nd parte din turneul de promovare a noului album, &#8220;Raise Vibration&#8221;.<\/p>\n\n\n\n<p class=\"wp-block-paragraph\">Sursa: infomusic.ro<\/p>\n","protected":false},"excerpt":{"rendered":"<p>Lenny Kravitz este euforic \u00eentr-un videoclip ce anun\u021b\u0103 venirea verii, \u201d5 More Days &#8216;Til Summer\u201d. De\u0219i calendaristic dou\u0103 treimi din var\u0103 s-au scurs, videoclipul este de bun augur \u0219i pe final de iulie, anun\u021b\u00e2nd venirea lui august, luna concediilor. Single-ul &#8220;5 More Days &#8216;Til Summer&#8221; se reg\u0103se\u0219te pe albumul &#8220;Raise Vibration&#8220;, lansat de artist pe [&hellip;]<\/p>\n","protected":false},"author":1,"featured_media":0,"comment_status":"open","ping_status":"open","sticky":false,"template":"","format":"standard","meta":{"_crdt_document":"","footnotes":""},"categories":[1],"tags":[],"class_list":["post-1591","post","type-post","status-publish","format-standard","hentry","category-diverse"],"_links":{"self":[{"href":"https:\/\/news-fm.ro\/index.php\/wp-json\/wp\/v2\/posts\/1591","targetHints":{"allow":["GET"]}}],"collection":[{"href":"https:\/\/news-fm.ro\/index.php\/wp-json\/wp\/v2\/posts"}],"about":[{"href":"https:\/\/news-fm.ro\/index.php\/wp-json\/wp\/v2\/types\/post"}],"author":[{"embeddable":true,"href":"https:\/\/news-fm.ro\/index.php\/wp-json\/wp\/v2\/users\/1"}],"replies":[{"embeddable":true,"href":"https:\/\/news-fm.ro\/index.php\/wp-json\/wp\/v2\/comments?post=1591"}],"version-history":[{"count":0,"href":"https:\/\/news-fm.ro\/index.php\/wp-json\/wp\/v2\/posts\/1591\/revisions"}],"wp:attachment":[{"href":"https:\/\/news-fm.ro\/index.php\/wp-json\/wp\/v2\/media?parent=1591"}],"wp:term":[{"taxonomy":"category","embeddable":true,"href":"https:\/\/news-fm.ro\/index.php\/wp-json\/wp\/v2\/categories?post=1591"},{"taxonomy":"post_tag","embeddable":true,"href":"https:\/\/news-fm.ro\/index.php\/wp-json\/wp\/v2\/tags?post=1591"}],"curies":[{"name":"wp","href":"https:\/\/api.w.org\/{rel}","templated":true}]}}