{"id":1581,"date":"2019-07-19T11:07:41","date_gmt":"2019-07-19T11:07:41","guid":{"rendered":"http:\/\/news-fm.ro\/?p=1581"},"modified":"2019-07-19T11:07:43","modified_gmt":"2019-07-19T11:07:43","slug":"videoclip-oficial-mark-stam-ultima-oara","status":"publish","type":"post","link":"https:\/\/news-fm.ro\/index.php\/2019\/07\/19\/videoclip-oficial-mark-stam-ultima-oara\/","title":{"rendered":"Videoclip oficial: Mark Stam &#8211; Ultima Oar\u0103"},"content":{"rendered":"\n<p class=\"wp-block-paragraph\"><strong>Mark Stam lanseaz\u0103 videoclipul piesei \u201eUltima oar\u0103\u201d \u2013 o experien\u021b\u0103 intens\u0103 despre mirajul iubirii. Piesa vorbe\u0219te despre dedicare, suferin\u021b\u0103, c\u0103utare, iubire \u0219i idealuri de neatins.<\/strong><\/p>\n\n\n\n<figure><iframe width=\"800\" height=\"450\" src=\"https:\/\/www.youtube.com\/embed\/d5nIj9OA1RA?version=3&amp;rel=1&amp;fs=1&amp;autohide=2&amp;showsearch=0&amp;showinfo=1&amp;iv_load_policy=1&amp;wmode=transparent\" allowfullscreen=\"true\"><\/iframe><\/figure>\n\n\n\n<p class=\"wp-block-paragraph\">Artistul a avut parte de un proces \u00eendelungat \u00een compunerea acestei piese:<\/p>\n\n\n\n<blockquote class=\"wp-block-quote is-layout-flow wp-block-quote-is-layout-flow\"><p>&#8220;Ini\u021bial, am avut \u00een minte o imagine vizual\u0103, ca un video, cu un om care se topea de parc\u0103 ar fi fost din cear\u0103. St\u0103tea \u00een fa\u021ba unei persoane care \u00eel r\u0103nea \u0219i se topea \u00eentr-un mod suav, scurg\u00e2ndu-se la picioarele ei. Piesa e foarte diferit\u0103 acum fa\u021b\u0103 de prima variant\u0103. Dintr-o idee ini\u021bial\u0103 din trecut s-a n\u0103scut ceva mult mai bun. A\u0219a cum omida face un cocon \u0219i se transform\u0103 \u00een fluture, draftul ini\u021bial a fost un cocon pentru melodia final\u0103, &#8220;<strong>Ultima oar\u0103<\/strong>&#8221; &#8211; unde am putut s\u0103 \u00eemi exprim tr\u0103irile din prezent. Practic, draftul \u0219i tr\u0103irile din prezent au fost coconul din care a ie\u0219it piesa&#8221;, a detaliat&nbsp;<strong>Mark Stam<\/strong>.<\/p><\/blockquote>\n\n\n\n<p class=\"wp-block-paragraph\">Film\u0103rile pentru videoclipul piesei &#8220;<strong>Ultima oar\u0103<\/strong>&#8221; au durat 2 zile \u0219i au avut loc \u00een Republica Moldova \u00eentr-o carier\u0103 de nisip. Mark a fost foarte entuziasmat:<\/p>\n\n\n\n<p class=\"wp-block-paragraph\">&#8220;A fost prima mea experien\u021b\u0103 pe motociclet\u0103. A fost intens \u0219i obositor, era o motociclet\u0103 pentru curse motocross. Personajul feminin din clip a mers pentru prima dat\u0103 pe buggy \u2013 o ma\u0219inu\u021b\u0103 pentru de\u0219ert. Tot conceptul clipului se bazeaz\u0103 pe c\u0103utarea unui ideal, o creatur\u0103 mirific\u0103, o perfec\u021biune care exist\u0103 doar \u00een min\u021bile noastre. Nu o g\u0103sim niciodat\u0103 in realitate. Via\u021ba ne arat\u0103 c\u0103 este o iluzie \u2013 cu toate acestea g\u0103sim putere \u00een noi s\u0103 c\u0103ut\u0103m ceva ce nu exist\u0103 p\u00e2n\u0103 la finalul vie\u021bii. Sper\u0103m ca la urm\u0103toarea deschidere de ochi, figura aceea \u0219tears\u0103, care pare a fi sensul c\u0103l\u0103toriei noastre \u2013 s\u0103 fie acolo, s\u0103 se transforme \u00een realitate.&#8221;<\/p>\n\n\n\n<h2 class=\"wp-block-heading\">&#8220;A\u0219 vrea ca oamenii s\u0103 \u0219tie c\u0103 \u00eemi place s\u0103 m\u0103 deschid prin muzic\u0103&#8221;<\/h2>\n\n\n\n<p class=\"wp-block-paragraph\">La fel ca toate piesele lui Mark, \u0219i aceasta este una sensibil\u0103, \u00eentim\u0103 \u0219i dezv\u0103luie personalitatea artistului.<\/p>\n\n\n\n<blockquote class=\"wp-block-quote is-layout-flow wp-block-quote-is-layout-flow\"><p>&#8220;A\u0219 vrea ca oamenii s\u0103 \u0219tie c\u0103 \u00eemi place s\u0103 m\u0103 deschid prin muzic\u0103, aici sunt cel mai cinstit. Vreau s\u0103 m\u0103 cunoasc\u0103 prin melodiile mele. Dac\u0103 \u00eemi ascult\u0103 muzica, \u00een\u021beleg cine sunt eu cu adev\u0103rat&#8221;.<\/p><\/blockquote>\n\n\n\n<figure class=\"wp-block-image\"><img decoding=\"async\" src=\"https:\/\/news-fm.ro\/wp-content\/uploads\/2019\/07\/videoclip-mark-stam-ultima-oara.jpg\" alt=\"\" class=\"wp-image-1583\"\/><\/figure>\n\n\n\n<p class=\"wp-block-paragraph\">C\u00e2nt\u0103re\u021b, compozitor \u0219i dansator originar din Republica Moldova,\u00a0<strong>Mark Stam<\/strong>\u00a0a avut succes pe pia\u021ba muzical\u0103 cu piese precum\u00a0<a href=\"https:\/\/www.infomusic.ro\/videoclip\/mark-stam-impar\/\">&#8220;Impar&#8221;<\/a>,\u00a0<a href=\"https:\/\/www.infomusic.ro\/videoclip\/mark-stam-vina-mea\/\">&#8220;Vina mea&#8221;<\/a>\u00a0sau\u00a0<a href=\"https:\/\/www.infomusic.ro\/videoclip\/videoclip-mark-stam-nesimtit\/\">&#8220;Nesim\u021bit&#8221;<\/a>. Dup\u0103 participarea \u00een 2013 la concursul-show &#8220;Moldova are talent&#8221; \u0219i lansarea \u00een 2018 a piesei\u00a0<a href=\"https:\/\/www.infomusic.ro\/videoclip\/alina-eremia-feat-mark-stam-doar-noi\/\">&#8220;Doar noi&#8221;<\/a>\u00a0\u00een colaborare cu Alina Eremia, Mark Stam s-a f\u0103cut remarcat \u00een muzica rom\u00e2neasc\u0103 \u0219i de aici p\u00e2n\u0103 la difuz\u0103ri pe radio \u0219i milioane de view-uri pe YouTube a fost numai un pas. Azi este considerat unul dintre cei mai de succes arti\u0219ti din Rom\u00e2nia, cu un debut impresionant \u0219i o ascensiune pe m\u0103sur\u0103, cu peste 27 de milioane de vizualiz\u0103ri pe YouTube \u0219i piese cu un vibe aparte.<\/p>\n\n\n\n<p class=\"wp-block-paragraph\">Sursa: infomusic.ro<\/p>\n","protected":false},"excerpt":{"rendered":"<p>Mark Stam lanseaz\u0103 videoclipul piesei \u201eUltima oar\u0103\u201d \u2013 o experien\u021b\u0103 intens\u0103 despre mirajul iubirii. Piesa vorbe\u0219te despre dedicare, suferin\u021b\u0103, c\u0103utare, iubire \u0219i idealuri de neatins. Artistul a avut parte de un proces \u00eendelungat \u00een compunerea acestei piese: &#8220;Ini\u021bial, am avut \u00een minte o imagine vizual\u0103, ca un video, cu un om care se topea de [&hellip;]<\/p>\n","protected":false},"author":1,"featured_media":0,"comment_status":"open","ping_status":"open","sticky":false,"template":"","format":"standard","meta":{"_crdt_document":"","footnotes":""},"categories":[1],"tags":[],"class_list":["post-1581","post","type-post","status-publish","format-standard","hentry","category-diverse"],"_links":{"self":[{"href":"https:\/\/news-fm.ro\/index.php\/wp-json\/wp\/v2\/posts\/1581","targetHints":{"allow":["GET"]}}],"collection":[{"href":"https:\/\/news-fm.ro\/index.php\/wp-json\/wp\/v2\/posts"}],"about":[{"href":"https:\/\/news-fm.ro\/index.php\/wp-json\/wp\/v2\/types\/post"}],"author":[{"embeddable":true,"href":"https:\/\/news-fm.ro\/index.php\/wp-json\/wp\/v2\/users\/1"}],"replies":[{"embeddable":true,"href":"https:\/\/news-fm.ro\/index.php\/wp-json\/wp\/v2\/comments?post=1581"}],"version-history":[{"count":0,"href":"https:\/\/news-fm.ro\/index.php\/wp-json\/wp\/v2\/posts\/1581\/revisions"}],"wp:attachment":[{"href":"https:\/\/news-fm.ro\/index.php\/wp-json\/wp\/v2\/media?parent=1581"}],"wp:term":[{"taxonomy":"category","embeddable":true,"href":"https:\/\/news-fm.ro\/index.php\/wp-json\/wp\/v2\/categories?post=1581"},{"taxonomy":"post_tag","embeddable":true,"href":"https:\/\/news-fm.ro\/index.php\/wp-json\/wp\/v2\/tags?post=1581"}],"curies":[{"name":"wp","href":"https:\/\/api.w.org\/{rel}","templated":true}]}}