{"id":1573,"date":"2019-07-12T12:42:28","date_gmt":"2019-07-12T12:42:28","guid":{"rendered":"http:\/\/news-fm.ro\/?p=1573"},"modified":"2019-07-12T12:42:30","modified_gmt":"2019-07-12T12:42:30","slug":"videoclip-oficial-inna-locura","status":"publish","type":"post","link":"https:\/\/news-fm.ro\/index.php\/2019\/07\/12\/videoclip-oficial-inna-locura\/","title":{"rendered":"Videoclip oficial: INNA &#8211; Locura"},"content":{"rendered":"\n<p class=\"wp-block-paragraph\"><strong>Inna continu\u0103 promovarea albumului \u201dYO\u201d cu piesa \u201dLocura\u201d. Ca \u0219i single-urile anterioare, melodia are versurile \u00een limba spaniol\u0103 \u0219i poart\u0103 semn\u0103tura artistei.<\/strong><\/p>\n\n\n\n<figure><iframe width=\"805\" height=\"453\" src=\"https:\/\/www.youtube.com\/embed\/HV9PCGoGbSA?version=3&amp;rel=1&amp;fs=1&amp;autohide=2&amp;showsearch=0&amp;showinfo=1&amp;iv_load_policy=1&amp;wmode=transparent\" allowfullscreen=\"true\"><\/iframe><\/figure>\n\n\n\n<p class=\"wp-block-paragraph\">Film\u0103rile videoclipului &#8220;<strong>Locura<\/strong>&#8221;&nbsp;au avut loc \u00een Palatul Prim\u0103verii.<\/p>\n\n\n\n<blockquote class=\"wp-block-quote is-layout-flow wp-block-quote-is-layout-flow\"><p>&#8220;Am filmat dou\u0103 zile, locul arat\u0103 impresionant \u0219i toat\u0103 echipa a fost \u00eenc\u00e2ntat\u0103 c\u0103 suntem \u00een celebra cas\u0103 a lui Nicolae &#8220;, a spus&nbsp;<strong>INNA<\/strong>.<\/p><\/blockquote>\n\n\n\n<p class=\"wp-block-paragraph\">Videoclipul a fost filmat \u0219i regizat de Alexandru Mure\u0219an \u0219i Bogdan P\u0103un (NGM Creative), produc\u021bie video Loops Production, al\u0103turi care artista a lucrat toate cele 11 videoclipuri pentru piesele de pe albumul \u201dYO\u201d.<\/p>\n\n\n\n<p class=\"wp-block-paragraph\">Albumul &#8220;<strong>YO<\/strong>&#8221; este \u00een limba spaniol\u0103 \u0219i a fost lansat pe 31 mai cu ROC Nation, labelul lui Jay-Z, care reprezint\u0103 arti\u0219ti de top precum Rihanna, Shakira, Mariah Carey, Damien Marley, Miguel, Willow Smith.<\/p>\n\n\n\n<p class=\"wp-block-paragraph\">Lansarea discului &#8220;<strong>YO<\/strong>&#8221; a fost \u00eent\u00e2mpinat\u0103 de trei videoclipuri noi, realizate pentru piesele &#8220;<strong>Te Vas<\/strong>&#8220;, &#8220;<strong>Fuego<\/strong>&#8221; \u0219i &#8220;<strong>Gitana<\/strong>&#8220;. \u00cen videoclipul &#8220;<a href=\"https:\/\/www.infomusic.ro\/2019\/05\/videoclipuri-noi-inna-in-exclusivitate-pe-billboard-video\/\"><strong>Te Vas<\/strong><\/a>&#8220;, ce a fost lansat pe 30 mai \u00een exclusivitate pe&nbsp;<a href=\"https:\/\/www.billboard.com\/articles\/columns\/latin\/8513727\/inna-te-vas-video\" target=\"_blank\" rel=\"noreferrer noopener\">Billboard<\/a>,&nbsp;<strong>INNA<\/strong>&nbsp;\u0219i-a dorit s\u0103 danseze, astfel rezult\u00e2nd ni\u0219te imagini puternice, care sus\u021bin melodia \u0219i mesajul piesei prin mi\u0219c\u0103ri de dans contemporan.<\/p>\n\n\n\n<p class=\"wp-block-paragraph\">Albumul &#8220;YO&#8221; este disponibil pe site-ul oficial al artistei, pe magazinele digitale \u0219i \u00een re\u021beaua C\u0103rture\u0219ti.<\/p>\n\n\n\n<figure class=\"wp-block-image\"><img decoding=\"async\" src=\"https:\/\/news-fm.ro\/wp-content\/uploads\/2019\/07\/videoclip-inna-locura-800x450.jpg\" alt=\"\" class=\"wp-image-1578\"\/><\/figure>\n\n\n\n<p class=\"wp-block-paragraph\"><strong>INNA<\/strong>&nbsp;a sus\u021binut peste 800 de concerte, are peste 11 milioane de fani pe Facebook, 1.5 milioane de fani pe Twitter \u0219i 2.6 milioane de fani pe Instagram.<\/p>\n\n\n\n<p class=\"wp-block-paragraph\">Anul acesta, INNA a atins un nou record pe YouTube: are 3 miliarde de vizualiz\u0103ri pe propriul canal de YouTube \u0219i peste 5 milioane de abona\u021bi.<\/p>\n\n\n\n<p class=\"wp-block-paragraph\">De asemenea, pe YouTube \u00een general, are peste 4 miliarde de vizualiz\u0103ri, pozi\u021bion\u00e2ndu-se pe locul 91. Artista devanseaz\u0103 nume mari precum Justin Timberlake, Thalia, Jessie J, Avril Lavigne, Lana del Rey, Red Hot Chili Peppers, Kygo, Sean Paul sau Kanye West.<\/p>\n\n\n\n<p class=\"wp-block-paragraph\">Sursa: infomusic.ro<\/p>\n","protected":false},"excerpt":{"rendered":"<p>Inna continu\u0103 promovarea albumului \u201dYO\u201d cu piesa \u201dLocura\u201d. Ca \u0219i single-urile anterioare, melodia are versurile \u00een limba spaniol\u0103 \u0219i poart\u0103 semn\u0103tura artistei. Film\u0103rile videoclipului &#8220;Locura&#8221;&nbsp;au avut loc \u00een Palatul Prim\u0103verii. &#8220;Am filmat dou\u0103 zile, locul arat\u0103 impresionant \u0219i toat\u0103 echipa a fost \u00eenc\u00e2ntat\u0103 c\u0103 suntem \u00een celebra cas\u0103 a lui Nicolae &#8220;, a spus&nbsp;INNA. Videoclipul [&hellip;]<\/p>\n","protected":false},"author":1,"featured_media":0,"comment_status":"open","ping_status":"open","sticky":false,"template":"","format":"standard","meta":{"_crdt_document":"","footnotes":""},"categories":[1],"tags":[],"class_list":["post-1573","post","type-post","status-publish","format-standard","hentry","category-diverse"],"_links":{"self":[{"href":"https:\/\/news-fm.ro\/index.php\/wp-json\/wp\/v2\/posts\/1573","targetHints":{"allow":["GET"]}}],"collection":[{"href":"https:\/\/news-fm.ro\/index.php\/wp-json\/wp\/v2\/posts"}],"about":[{"href":"https:\/\/news-fm.ro\/index.php\/wp-json\/wp\/v2\/types\/post"}],"author":[{"embeddable":true,"href":"https:\/\/news-fm.ro\/index.php\/wp-json\/wp\/v2\/users\/1"}],"replies":[{"embeddable":true,"href":"https:\/\/news-fm.ro\/index.php\/wp-json\/wp\/v2\/comments?post=1573"}],"version-history":[{"count":0,"href":"https:\/\/news-fm.ro\/index.php\/wp-json\/wp\/v2\/posts\/1573\/revisions"}],"wp:attachment":[{"href":"https:\/\/news-fm.ro\/index.php\/wp-json\/wp\/v2\/media?parent=1573"}],"wp:term":[{"taxonomy":"category","embeddable":true,"href":"https:\/\/news-fm.ro\/index.php\/wp-json\/wp\/v2\/categories?post=1573"},{"taxonomy":"post_tag","embeddable":true,"href":"https:\/\/news-fm.ro\/index.php\/wp-json\/wp\/v2\/tags?post=1573"}],"curies":[{"name":"wp","href":"https:\/\/api.w.org\/{rel}","templated":true}]}}