{"id":1557,"date":"2019-07-10T11:16:35","date_gmt":"2019-07-10T11:16:35","guid":{"rendered":"http:\/\/news-fm.ro\/?p=1557"},"modified":"2019-07-10T11:16:37","modified_gmt":"2019-07-10T11:16:37","slug":"videoclip-oficial-andre-reset-la-inima","status":"publish","type":"post","link":"https:\/\/news-fm.ro\/index.php\/2019\/07\/10\/videoclip-oficial-andre-reset-la-inima\/","title":{"rendered":"Videoclip oficial: Andre &#8211; Reset la inima"},"content":{"rendered":"\n<p class=\"wp-block-paragraph\"><strong>Ne sim\u021bim ca la \u00eenceput de ani 2000, odat\u0103 cu reunirea trupei Andre, care a lansat piesa &#8220;Reset la Inima&#8221;. Duo-ul anun\u021ba reuniunea la \u00eenceput de lun\u0103, iar noua melodie prime\u0219te un videoclip incendiar, pe care \u00eel pute\u021bi urm\u0103ri \u00een articol.<\/strong><\/p>\n\n\n\n<figure><iframe width=\"800\" height=\"450\" src=\"https:\/\/www.youtube.com\/embed\/E4ADaQbC-Z0?version=3&amp;rel=1&amp;fs=1&amp;autohide=2&amp;showsearch=0&amp;showinfo=1&amp;iv_load_policy=1&amp;wmode=transparent\" allowfullscreen=\"true\"><\/iframe><\/figure>\n\n\n\n<p class=\"wp-block-paragraph\">Au trecut 17 ani de pauz\u0103 pentru grupul Andre, care&nbsp;<a href=\"https:\/\/www.infomusic.ro\/2019\/07\/andre-se-reuneste-reset-la-inima-teaser-video\/\">s-a reunit<\/a>&nbsp;\u00een mod surprinz\u0103tor la \u00eenceputul lunii iulie 2019. Odat\u0103 cu acel anun\u021b a ap\u0103rut \u0219i teaserul pentru noul single, &#8220;Reset la inima&#8221;. Pe l\u00e2ng\u0103 acest track urmeaz\u0103 o \u00eentreag\u0103 serie de concerte, iar&nbsp;<a href=\"https:\/\/www.infomusic.ro\/videoclip\/andreea-balan-edward-sanda-pe-drum\/\">Andreea B\u0103lan<\/a>&nbsp;\u0219i&nbsp;<a href=\"https:\/\/www.infomusic.ro\/videoclip\/andreea-antonescu-cand-vine-noaptea\/\">Andreea Antonescu<\/a>au promis fanilor o experien\u021b\u0103 &#8220;wow&#8221;.<\/p>\n\n\n\n<p class=\"wp-block-paragraph\"><strong>&#8220;Reset la inima&#8221;<\/strong>&nbsp;este o pies\u0103 vesel\u0103, de dans, cu un videoclip plin de vegeta\u021bie luxuriant\u0103 \u0219i mi\u0219c\u0103ri lascive. Artistele apar dans\u00e2nd coregrafii complexe al\u0103turi de trupa de dansatori \u0219i pozeaz\u0103 ca \u00een revistele glossy \u00eenconjurate de cactu\u0219i \u0219i liane. Sunt \u0219i secven\u021be cu ghea\u021b\u0103 \u0219i metal, de dragul unui contrast cu natura cea fierbinte de la \u00eenceput de clip.<\/p>\n\n\n\n<p class=\"wp-block-paragraph\">Pies\u0103 e cu siguran\u021b\u0103 catchy \u0219i se va auzi la TV \u0219i radiouri toat\u0103 vara. Videoclipul este regizat de Alex Ceau\u0219u, iar de muzic\u0103 \u0219i versuri s-au ocupat Vlad Manolache, Ionu\u021b Bacula, Victor Bourosu \u0219i Silviu Marian P\u0103duraru (Deepside Deejays).<\/p>\n\n\n\n<figure class=\"wp-block-image\"><img decoding=\"async\" src=\"https:\/\/news-fm.ro\/wp-content\/uploads\/2019\/07\/trupa-andre.jpg\" alt=\"\" class=\"wp-image-1559\"\/><\/figure>\n\n\n\n<p class=\"wp-block-paragraph\">Trupa\u00a0<strong>Andre<\/strong>\u00a0se \u00eenfiin\u021ba \u00een 1999, atunci c\u00e2nd lansa single-ul &#8220;Liber\u0103 la mare&#8221;, devenit mega hit \u00een compila\u021biile dance ale \u00eenceputului de mileniu. Duo-ul a avut 6 albume la activ, 1.5 milioane de unit\u0103\u021bi v\u00e2ndute, 4 discuri de platin\u0103, un disc de aur \u0219i sute de concerte. \u00cen plus existau fan cluburi Andre \u00een fiecare ora\u0219 din Rom\u00e2nia, dar \u0219i foarte mul\u021bi fani \u00een exteriorul \u021b\u0103rii.<\/p>\n\n\n\n<p class=\"wp-block-paragraph\"> Alte hituri din discografia Andre sunt &#8220;Noapte de vis&#8221;, &#8220;Las\u0103-m\u0103 papa la mare&#8221;, &#8220;Prima iubire&#8221;, &#8220;Am s\u0103 \u00eemi fac de cap&#8221;, &#8220;Flori de tei&#8221; \u0219i &#8220;Fac ce vreau&#8221;. \u00cen anul 2001, Andre este desemnat\u0103 &#8220;Cea mai bun\u0103 trup\u0103 pentru adolescen\u021bi&#8221;, iar cele dou\u0103 fete sunt numite &#8220;Reginele muzicii dance&#8221;. <\/p>\n\n\n\n<p class=\"wp-block-paragraph\">Sursa: infomusic.ro<\/p>\n","protected":false},"excerpt":{"rendered":"<p>Ne sim\u021bim ca la \u00eenceput de ani 2000, odat\u0103 cu reunirea trupei Andre, care a lansat piesa &#8220;Reset la Inima&#8221;. Duo-ul anun\u021ba reuniunea la \u00eenceput de lun\u0103, iar noua melodie prime\u0219te un videoclip incendiar, pe care \u00eel pute\u021bi urm\u0103ri \u00een articol. Au trecut 17 ani de pauz\u0103 pentru grupul Andre, care&nbsp;s-a reunit&nbsp;\u00een mod surprinz\u0103tor la [&hellip;]<\/p>\n","protected":false},"author":1,"featured_media":0,"comment_status":"open","ping_status":"open","sticky":false,"template":"","format":"standard","meta":{"_crdt_document":"","footnotes":""},"categories":[1],"tags":[],"class_list":["post-1557","post","type-post","status-publish","format-standard","hentry","category-diverse"],"_links":{"self":[{"href":"https:\/\/news-fm.ro\/index.php\/wp-json\/wp\/v2\/posts\/1557","targetHints":{"allow":["GET"]}}],"collection":[{"href":"https:\/\/news-fm.ro\/index.php\/wp-json\/wp\/v2\/posts"}],"about":[{"href":"https:\/\/news-fm.ro\/index.php\/wp-json\/wp\/v2\/types\/post"}],"author":[{"embeddable":true,"href":"https:\/\/news-fm.ro\/index.php\/wp-json\/wp\/v2\/users\/1"}],"replies":[{"embeddable":true,"href":"https:\/\/news-fm.ro\/index.php\/wp-json\/wp\/v2\/comments?post=1557"}],"version-history":[{"count":0,"href":"https:\/\/news-fm.ro\/index.php\/wp-json\/wp\/v2\/posts\/1557\/revisions"}],"wp:attachment":[{"href":"https:\/\/news-fm.ro\/index.php\/wp-json\/wp\/v2\/media?parent=1557"}],"wp:term":[{"taxonomy":"category","embeddable":true,"href":"https:\/\/news-fm.ro\/index.php\/wp-json\/wp\/v2\/categories?post=1557"},{"taxonomy":"post_tag","embeddable":true,"href":"https:\/\/news-fm.ro\/index.php\/wp-json\/wp\/v2\/tags?post=1557"}],"curies":[{"name":"wp","href":"https:\/\/api.w.org\/{rel}","templated":true}]}}