{"id":15259,"date":"2026-05-01T05:10:11","date_gmt":"2026-05-01T05:10:11","guid":{"rendered":"https:\/\/news-fm.ro\/index.php\/2026\/05\/01\/irina-rimes-a-publicat-live-ul-cu-amuly-din-concertul-pastila-video\/"},"modified":"2026-05-01T05:10:11","modified_gmt":"2026-05-01T05:10:11","slug":"irina-rimes-a-publicat-live-ul-cu-amuly-din-concertul-pastila-video","status":"publish","type":"post","link":"https:\/\/news-fm.ro\/index.php\/2026\/05\/01\/irina-rimes-a-publicat-live-ul-cu-amuly-din-concertul-pastila-video\/","title":{"rendered":"Irina Rimes a publicat live-ul cu Amuly din concertul Pastila &#8211; VIDEO"},"content":{"rendered":"<p>Nu \u0219tim dac\u0103 de vin\u0103 e curentul nostalgia sau faptul c\u0103 albumul &#8220;Pastila&#8221; nu a fost suficient promovat, dar fanii Irinei Rimes au fost dornici s\u0103 asculte live melodiile de pe acest material.\u00a0Dup\u0103 live-ul piesei &#8220;<a href=\"https:\/\/www.infomusic.ro\/2026\/04\/irina-rimes-mica-si-slaba-live-control\/\">Mic\u0103 \u0219i slab\u0103<\/a>&#8220;, Irina a revenit cu un moment de duet, al\u0103turi de Amuly, unul dintre cei mai populari arti\u0219ti din curentul trap rom\u00e2nesc. Publicul din Club Control a fost conectat la emo\u021bia piesei &#8220;Perna ta&#8221;, c\u00e2nt\u00e2nd toate versurile al\u0103turi de Irina \u0219i Amuly. Momentul a fost savurat \u0219i de o parte \u0219i de alta, arti\u0219tii \u0219i fanii tr\u0103ind la maximum euforia acestei interpret\u0103ri.<\/p>\n<p>\u00cen 2020, c\u00e2nd Irina Rimes lansa albumul &#8220;Pastila&#8221;, artista spunea c\u0103 acest material trebuie luat ca atare. F\u0103r\u0103 \u00eentreb\u0103ri \u0219i f\u0103r\u0103 explica\u021bii.<\/p>\n<p>&#8220;Nu m\u0103 \u00eentreba\u021bi nimic, doar asculta\u021bi. Eu fac muzic\u0103, nu \u0219tiu s\u0103 o comentez. Dac\u0103 v\u0103 \u00eentreba\u021bi de ce Pastila, pentru c\u0103 a\u0219a am considerat potrivit. Pastila&#8230; punct. F\u0103r\u0103 simbolisme. Poate c\u0103 \u00een mintea mea albumul se asociaz\u0103 cu o pastil\u0103&#8230; Exist\u0103 ceva bolnav \u00een pastil\u0103, dar exist\u0103 \u0219i vindecare. Dac\u0103 faci abuz, po\u021bi s\u0103 mori, dar dac\u0103 o iei c\u00e2nd trebuie \u0219i pentru ce trebuie, te vindec\u0103&#8221;, declara Irina Rimes \u00een plin\u0103 pandemie.<\/p>\n<p>VIDEO: Irina Rimes x Amuly &#8211; &#8220;Perna Ta&#8221; | live Pastila Bucure\u0219ti <\/p>\n<p>Cea mai mare surpriz\u0103 preg\u0103tit\u0103 de Irina pentru publicul din Control a fost duetul ei cu Killa Fonic. Fostul iubit al Irinei\u00a0 a urcat al\u0103turi de ea pe scen\u0103 \u0219i au c\u00e2ntat \u00eempreun\u0103 piesa &#8220;Bandana&#8221;. Afl\u0103 mai multe detalii din <a href=\"https:\/\/www.infomusic.ro\/2026\/04\/killa-fonic-irina-rimes-multumesc-pentru-aceasta-traire\/\">articolul nostru de pe InfoMusic<\/a>.<\/p>\n<p>Irina Rimes\u00a0este una dintre cele mai influente artiste ale industriei muzicale din Rom\u00e2nia, cu o carier\u0103 marcat\u0103 de succesuri interna\u021bionale \u0219i o conexiune puternic\u0103 cu publicul. Cu un stil distinctiv \u0219i o voce inconfundabil\u0103, ea a reu\u0219it s\u0103 cucereasc\u0103 at\u00e2t topurile radio \u0219i TV, c\u00e2t \u0219i inimile a milioane de fani. Albumele sale &#8211; &#8220;Despre el&#8221;, &#8220;Cosmos&#8221;, &#8220;Pastila&#8221;, &#8220;ACAS\u0102&#8221; \u0219i &#8220;Origini&#8221; &#8211; sunt pline de hituri care au devenit imnuri ale muzicii rom\u00e2ne\u0219ti.<\/p>\n<p>Amuly\u00a0se num\u0103r\u0103 printre cei mai de succes arti\u0219ti de trap, reprezent\u00e2nd combina\u021bia perfect\u0103 dintre old school \u0219i new school. Muzica este singura lui muz\u0103 \u0219i \u00ee\u0219i scrie propriile versuri de la v\u00e2rsta de unsprezece ani. A lansat primul s\u0103u album \u00een toamna anului trecut, reu\u0219ind s\u0103 ajung\u0103 la cifre impresionante. &#8220;Blindat&#8221; a avut 21 de piese \u00een Spotify Top 50 \u0219i \u00eentreg albumul \u00een primele 65 de pozi\u021bii \u00een Spotify Top 200.<\/p>\n<p>R\u0103m\u00e2i al\u0103turi de noi, <a href=\"https:\/\/www.infomusic.ro\/newsletter\/\" rel=\"bookmark\" title=\"Aboneaz\u0103-te la newsletter\">aboneaz\u0103-te la newsletterul cu \u0219tiri \u0219i evenimente!<\/a><\/p>\n<p> \u00ce\u021bi recomand\u0103m aceste videoclipuri <\/p>\n<p><img decoding=\"async\" src=\"https:\/\/static.infomusic.ro\/logo-slogan.svg\" alt=\"INFOMUSIC\" width=\"150\" height=\"150\"\/><\/p>\n<p> <a href=\"https:\/\/www.infomusic.ro\/stiri\/muzica\/concerte-turnee\/\">Concerte &#038; turnee<\/a>Lista arti\u0219tilor confirma\u021bi la Nibiru, inclusiv la noile evenimente Rock Days \u0219i Stardust <\/p>\n<p>Noi arti\u0219ti au completat lineup-urile festivalurilor Retrograde, Galaxia \u0219i Nebula X. Pe l\u00e2ng\u0103 acestea, Nibiru va g\u0103zdui alte dou\u0103 evenimente: Rock Days \u0219i Stardust. Afl\u0103 detalii \u0219i descoper\u0103 arti\u0219tii confirma\u021bi \u00een livestream-ul sus\u021binut de Selly pe 16 aprilie.<\/p>\n<p><img loading=\"lazy\" alt src=\"https:\/\/secure.gravatar.com\/avatar\/fc95fe2baff59157fc4a45c2420b12012132afaad378497b27770f2e04b630ac?s=46&#038;d=blank&#038;r=g\"  height=\"46\" width=\"46\" loading=\"lazy\" decoding=\"async\"\/><\/p>\n<p>Publicat<\/p>\n<p>acum 2 s\u0103pt\u0103m\u00e2ni<\/p>\n<p>pe<\/p>\n<p>17\/04\/2026<\/p>\n<p><img loading=\"lazy\" width=\"1000\" height=\"667\" src=\"https:\/\/static.infomusic.ro\/media\/2026\/04\/nibiru-universe-1000x667.jpg\" alt=\"Nibiru Universe\" decoding=\"async\" loading=\"lazy\"\/><\/p>\n<p> Nibiru Universe \u2502 FOTO: Captur\u0103 Facebook <\/p>\n<p>Fanii stilurilor pop, R&#038;B, latino, EDM, techno, house, rock \u0219i, desigur, ai curentului nostalgia, au motive de bucurie. Trei dintre festivalurile de la Nibiru au noi nume \u00een lineup, fiind anun\u021bate \u0219i alte dou\u0103 evenimente &#8211; Rock Days \u0219i Stardust. La Rock Days, publicul va putea asculta legende ale muzicii rock rom\u00e2ne\u0219ti, precum \u0219i arti\u0219ti din noua genera\u021bie, iar Stardust va aduce hituri \u0219i vibe-uri retro din afara \u021b\u0103rii.<\/p>\n<p> <a class=\"echo_read_more\" href=\"https:\/\/www.infomusic.ro\/2026\/04\/irina-rimes-amuly-live-concert-pastila-video\/\" target=\"_blank\">\u00a0\u00bb\u00a0Cite\u0219te continuarea pe pagina autorului<\/a><\/p>\n","protected":false},"excerpt":{"rendered":"<p>Nu \u0219tim dac\u0103 de vin\u0103 e curentul nostalgia sau faptul c\u0103 albumul &#8220;Pastila&#8221; nu a fost suficient promovat, dar fanii Irinei Rimes au fost dornici s\u0103 asculte live melodiile de pe acest material.\u00a0Dup\u0103 live-ul piesei &#8220;Mic\u0103 \u0219i slab\u0103&#8220;, Irina a revenit cu un moment de duet, al\u0103turi de Amuly, unul dintre cei mai populari arti\u0219ti [&hellip;]<\/p>\n","protected":false},"author":1,"featured_media":15260,"comment_status":"open","ping_status":"open","sticky":false,"template":"","format":"standard","meta":{"_crdt_document":"","footnotes":""},"categories":[4],"tags":[],"class_list":["post-15259","post","type-post","status-publish","format-standard","has-post-thumbnail","hentry","category-noutati"],"_links":{"self":[{"href":"https:\/\/news-fm.ro\/index.php\/wp-json\/wp\/v2\/posts\/15259","targetHints":{"allow":["GET"]}}],"collection":[{"href":"https:\/\/news-fm.ro\/index.php\/wp-json\/wp\/v2\/posts"}],"about":[{"href":"https:\/\/news-fm.ro\/index.php\/wp-json\/wp\/v2\/types\/post"}],"author":[{"embeddable":true,"href":"https:\/\/news-fm.ro\/index.php\/wp-json\/wp\/v2\/users\/1"}],"replies":[{"embeddable":true,"href":"https:\/\/news-fm.ro\/index.php\/wp-json\/wp\/v2\/comments?post=15259"}],"version-history":[{"count":0,"href":"https:\/\/news-fm.ro\/index.php\/wp-json\/wp\/v2\/posts\/15259\/revisions"}],"wp:featuredmedia":[{"embeddable":true,"href":"https:\/\/news-fm.ro\/index.php\/wp-json\/wp\/v2\/media\/15260"}],"wp:attachment":[{"href":"https:\/\/news-fm.ro\/index.php\/wp-json\/wp\/v2\/media?parent=15259"}],"wp:term":[{"taxonomy":"category","embeddable":true,"href":"https:\/\/news-fm.ro\/index.php\/wp-json\/wp\/v2\/categories?post=15259"},{"taxonomy":"post_tag","embeddable":true,"href":"https:\/\/news-fm.ro\/index.php\/wp-json\/wp\/v2\/tags?post=15259"}],"curies":[{"name":"wp","href":"https:\/\/api.w.org\/{rel}","templated":true}]}}