{"id":15239,"date":"2026-04-29T13:09:03","date_gmt":"2026-04-29T13:09:03","guid":{"rendered":"https:\/\/news-fm.ro\/index.php\/2026\/04\/29\/romania-la-eurovision-2026-prin-ochi-de-graphic-designer-show-ul-alexandrei-se-va-ridica-la-cel-mai-inalt-nivel-european\/"},"modified":"2026-04-29T13:09:03","modified_gmt":"2026-04-29T13:09:03","slug":"romania-la-eurovision-2026-prin-ochi-de-graphic-designer-show-ul-alexandrei-se-va-ridica-la-cel-mai-inalt-nivel-european","status":"publish","type":"post","link":"https:\/\/news-fm.ro\/index.php\/2026\/04\/29\/romania-la-eurovision-2026-prin-ochi-de-graphic-designer-show-ul-alexandrei-se-va-ridica-la-cel-mai-inalt-nivel-european\/","title":{"rendered":"Rom\u00e2nia la Eurovision 2026, prin ochi de graphic designer: &#8220;Show-ul Alexandrei se va ridica la cel mai \u00eenalt nivel european&#8221;"},"content":{"rendered":"<p>Jan Bors, regizorul ceh care a g\u00e2ndit conceptul de show pentru Rom\u00e2nia, a luat \u00een vedere c\u00e2teva elemente cheie: intensitatea unui act rock \u0219i transmiterea unui mesaj fidel piesei. \u00cen timpul momentului preg\u0103tit de Alexandra C\u0103pit\u0103nescu pentru Viena, publicul va primi energie, emo\u021bie \u0219i o poveste unitar\u0103, menit\u0103 s\u0103 clarifice definitiv <a href=\"https:\/\/www.infomusic.ro\/2026\/03\/controversa-choke-me-eurovision\/\">controversele legate de piesa &#8220;Choke Me&#8221;<\/a>.<\/p>\n<p>Jan Bors: &#8220;Ideea de baz\u0103 este c\u0103 am abordat lucrurile dintr-o cu totul alt\u0103 perspectiv\u0103 fa\u021b\u0103 de Selec\u021bia Na\u021bional\u0103&#8221;<\/p>\n<p>&#8220;Am v\u0103zut-o pe Alexandra evolu\u00e2nd la repeti\u021bii. \u0218i voi fi sincer, nu eram un fan nebun al piesei, dar m-a cucerit imediat profesionalismul ei. Am v\u0103zut-o repet\u00e2nd, evolu\u00e2nd dup\u0103 fiecare repeti\u021bie, c\u00e2t de concentrat\u0103 \u0219i de serioas\u0103 era. Iar eu, ca profesionist, mi-am dat seama c\u0103 este preg\u0103tit\u0103.<\/p>\n<p>Voi fi pu\u021bin secretos cu conceptul, dar ideea de baz\u0103 este c\u0103 am abordat lucrurile dintr-o cu totul alt\u0103 perspectiv\u0103 fa\u021b\u0103 de Selec\u021bia Na\u021bional\u0103. P\u0103streaz\u0103 c\u00e2teva elemente minore, dar va fi, \u00een esen\u021b\u0103, un show cu totul nou. Abord\u0103m totul \u00eentr-o manier\u0103 cinematografic\u0103. Vrem s\u0103 fie foarte cinematic, dar \u0219i foarte dinamic, \u0219i \u00een acela\u0219i timp s\u0103 r\u0103m\u00e2nem fideli r\u0103d\u0103cinilor rock ale piesei, pentru a ar\u0103ta c\u0103 Alexandra este rockeri\u021b\u0103, metalist\u0103, o persoan\u0103 puternic\u0103. \u00cen acela\u0219i timp, vrem s\u0103 spunem \u0219i povestea piesei \u00eentr-un mod simplu, direct, dar de mare impact din punct de vedere vizual.&#8221;<\/p>\n<p>Jan Bors: &#8220;Sper ca acest an s\u0103 fie \u00eenceputul unei noi ere pentru Rom\u00e2nia&#8221;<\/p>\n<p>Jan asigur\u0103 fanii c\u0103 nimeni nu va dansa pe scen\u0103. Alexandra va fi \u00een centrul aten\u021biei, dar trupa nu va fi neglijat\u0103.<\/p>\n<p>&#8220;Show-ul pune accentul pe Alexandra, dar trupa este acolo, camerele vor fi pe ei, iar membrii trupei trebuie s\u0103 fac\u0103 parte din concept. Fiecare detaliu conteaz\u0103, fiecare dintre ei, chiar dac\u0103 nu este constant pe camer\u0103, trebuie s\u0103 r\u0103m\u00e2n\u0103 \u00een conceptul show-ului. Emo\u021bia pe care ei o vor transmite publicului este important\u0103.<\/p>\n<p>Pot s\u0103 spun c\u0103 nu va dansa nimeni pe scen\u0103. Nu trebuie s\u0103 v\u0103 \u00eengrijora\u021bi c\u0103 va fi un moment de balet. Este, totu\u0219i, important pentru noi s\u0103 \u0219tim c\u0103 fiecare persoan\u0103 de pe scen\u0103 \u0219tie ce are de f\u0103cut. Sper ca acest an s\u0103 fie \u00eenceputul unei noi ere pentru Rom\u00e2nia&#8221;, a spus Jan Bors.<\/p>\n<p>Graphic designer-ul Bogdan Nedelcu, zis Bobo, a oferit pentru TVR detalii privind paleta de culori \u0219i implicarea Alexandrei \u00een procesul creativ. Acesta este extrem de mul\u021bumit de cum decurg repeti\u021biile, anun\u021b\u00e2nd fanii c\u0103 show-ul va livra ce se cere \u00eentr-un astfel de concurs.<\/p>\n<p>Bogdan Nedelcu: &#8220;Show-ul Alexandrei se va ridica la cel mai \u00eenalt nivel european&#8221;<\/p>\n<p>&#8220;Scena de la Viena de anul \u0103sta, din punct de vedere tehnic, este foarte impun\u0103toare. Au mers foarte mult \u00een direc\u021bia luminilor inteligente. Sunt extrem de multe lumini, fa\u021b\u0103 de al\u021bi ani, din ce cunosc eu.<\/p>\n<p>Am replicat scena de la Viena \u00een studiourile TVR, am filmat din unghiul camerelor pe care le aveam de la ei \u0219i am replicat un edit de camere. Am lucrat efectiv un Director&#8217;s Cut, cum \u00eei spunem noi, \u0219i \u00een func\u021bie de cadru noi am creat \u0219i lumina \u0219i grafica \u00een a\u0219a fel \u00eenc\u00e2t \u00een fiecare cadru s\u0103 avem elemente care sus\u021bin muzica din punct de vedere ritmic. Alexandra se implic\u0103 activ \u00een tot ce \u00eenseamn\u0103 procesul creativ, este ascultat\u0103, ne sf\u0103tuim \u00eentre noi.<\/p>\n<p>Mergem pe culori destul de \u00eenchise, folosim alb \u0219i tonuri de gri \u00een con\u021binutul video, care, spre sf\u00e2r\u0219itul momentului, se transform\u0103 \u00een culori mult mai vesele, dup\u0103 ce ea \u00ee\u0219i c\u00e2\u0219tig\u0103 dreptul de a performa \u0219i \u00ee\u0219i asum\u0103 toate tr\u0103irile interioare care o sufoc\u0103 p\u00e2n\u0103 \u00een acel moment.<\/p>\n<p> <a class=\"echo_read_more\" href=\"https:\/\/www.infomusic.ro\/2026\/04\/romania-eurovision-2026-show-alexandra-cel-mai-inalt-nivel-european\/\" target=\"_blank\">\u00a0\u00bb\u00a0Cite\u0219te continuarea pe pagina autorului<\/a><\/p>\n","protected":false},"excerpt":{"rendered":"<p>Jan Bors, regizorul ceh care a g\u00e2ndit conceptul de show pentru Rom\u00e2nia, a luat \u00een vedere c\u00e2teva elemente cheie: intensitatea unui act rock \u0219i transmiterea unui mesaj fidel piesei. \u00cen timpul momentului preg\u0103tit de Alexandra C\u0103pit\u0103nescu pentru Viena, publicul va primi energie, emo\u021bie \u0219i o poveste unitar\u0103, menit\u0103 s\u0103 clarifice definitiv controversele legate de piesa [&hellip;]<\/p>\n","protected":false},"author":1,"featured_media":15240,"comment_status":"open","ping_status":"open","sticky":false,"template":"","format":"standard","meta":{"_crdt_document":"","footnotes":""},"categories":[4],"tags":[],"class_list":["post-15239","post","type-post","status-publish","format-standard","has-post-thumbnail","hentry","category-noutati"],"_links":{"self":[{"href":"https:\/\/news-fm.ro\/index.php\/wp-json\/wp\/v2\/posts\/15239","targetHints":{"allow":["GET"]}}],"collection":[{"href":"https:\/\/news-fm.ro\/index.php\/wp-json\/wp\/v2\/posts"}],"about":[{"href":"https:\/\/news-fm.ro\/index.php\/wp-json\/wp\/v2\/types\/post"}],"author":[{"embeddable":true,"href":"https:\/\/news-fm.ro\/index.php\/wp-json\/wp\/v2\/users\/1"}],"replies":[{"embeddable":true,"href":"https:\/\/news-fm.ro\/index.php\/wp-json\/wp\/v2\/comments?post=15239"}],"version-history":[{"count":0,"href":"https:\/\/news-fm.ro\/index.php\/wp-json\/wp\/v2\/posts\/15239\/revisions"}],"wp:featuredmedia":[{"embeddable":true,"href":"https:\/\/news-fm.ro\/index.php\/wp-json\/wp\/v2\/media\/15240"}],"wp:attachment":[{"href":"https:\/\/news-fm.ro\/index.php\/wp-json\/wp\/v2\/media?parent=15239"}],"wp:term":[{"taxonomy":"category","embeddable":true,"href":"https:\/\/news-fm.ro\/index.php\/wp-json\/wp\/v2\/categories?post=15239"},{"taxonomy":"post_tag","embeddable":true,"href":"https:\/\/news-fm.ro\/index.php\/wp-json\/wp\/v2\/tags?post=15239"}],"curies":[{"name":"wp","href":"https:\/\/api.w.org\/{rel}","templated":true}]}}