{"id":15235,"date":"2026-04-29T05:08:36","date_gmt":"2026-04-29T05:08:36","guid":{"rendered":"https:\/\/news-fm.ro\/index.php\/2026\/04\/29\/subcarpati-lanseaza-pe-16-mai-albumul-hora-exacta\/"},"modified":"2026-04-29T05:08:36","modified_gmt":"2026-04-29T05:08:36","slug":"subcarpati-lanseaza-pe-16-mai-albumul-hora-exacta","status":"publish","type":"post","link":"https:\/\/news-fm.ro\/index.php\/2026\/04\/29\/subcarpati-lanseaza-pe-16-mai-albumul-hora-exacta\/","title":{"rendered":"Subcarpa\u021bi lanseaz\u0103 pe 16 mai albumul &#8220;Hora Exact\u0103&#8221;"},"content":{"rendered":"<p>Subcarpa\u021bi prezint\u0103 publicului un nou material de studio &#8211; &#8220;Hora Exact\u0103&#8221;. Discul include 13 piese, pe care publicul le va putea asculta pe 16 mai. Lansarea va fi marcat\u0103 \u0219i de un concert, programat s\u0103 aib\u0103 loc la Arenele Romane. Ulterior, trupa va ajunge \u0219i la Cluj-Napoca, <a href=\"https:\/\/www.infomusic.ro\/2026\/04\/subcarpati-concert-bt-arena-bilete\/\">urm\u00e2nd s\u0103 c\u00e2nte pe BT Arena<\/a>.<\/p>\n<p>&#8220;16 MAI. Albumul 8. Emo\u021bii mari. &#8220;Hora Exact\u0103&#8221;. Haide taic\u0103 sus cu el!&#8221; &#8211; Subcarpa\u021bi<\/p>\n<p>Tracklist &#8220;Hora Exact\u0103&#8221; &#8211; Subcarpa\u021bi:<\/p>\n<ol>\n<li>Ethos (cu Grupul Iza)<\/li>\n<li>Hora Exact\u0103<\/li>\n<li>Visele Mele (cu SJS)<\/li>\n<li>Prob\u0103 De Suflet<\/li>\n<li>Doina Tazl\u0103ului<\/li>\n<li>Balada Barbarului (cu Dagadana)<\/li>\n<li>21 Freestyle<\/li>\n<li>Fericirea E Un Lucru M\u0103runt (cover \u021aapinarii)<\/li>\n<li>La C\u0103su\u021ba D\u2019\u00e2ng\u0103 Vale (cu me\u0219terul Adrian Mihaiu)<\/li>\n<li>Cineva Acolo Sus (cu Vali Umbr\u0103)<\/li>\n<li>Frunzuli\u021b\u0103 Ruginie<\/li>\n<li>\u021aine-m\u0103 P\u0103m\u00e2nt Cu Iarb\u0103 (cu Deti Iuga)<\/li>\n<li>Pank\u0103real\u0103 2<\/li>\n<\/ol>\n<p>Subcarpa\u021bi\u00a0reinterpreteaz\u0103 folclorul \u00een manier\u0103 proprie \u0219i aduce \u00een prim-plan ideea c\u0103 e important s\u0103 ne conect\u0103m la originile noastre. Trupa vorbe\u0219te prin muzica sa despre patriotism \u0219i dragostea pentru valorile tradi\u021bionale, f\u0103r\u0103 s\u0103 le transforme \u00eentr-un discurs patetic<\/p>\n<p>Din 2009 p\u00e2n\u0103 \u00een prezent, Subcarpa\u021bi a lansat \u0219apte materiale discografice: &#8220;Etnologic&#8221; (2010), &#8220;Subcarpa\u021bi&#8221; (2010), Compila\u021bia &#8220;Culese din Cartier&#8221; (2010), &#8220;Underground Folclor&#8221; (2012), &#8220;Pielea de g\u0103in\u0103&#8221; (2014), &#8220;Satele Unite ale Balcanilor&#8221; (2016), &#8220;Zori \u0219i Asfin\u021bit&#8221; (2018).<\/p>\n<p>\u00cen 2021, Subcarpa\u021bi a aniversat 10 ani de activitate muzical\u0103. Momentul a fost marcat \u00een prim\u0103var\u0103 prin lansarea \u00eentregii discografii a grupului \u00een format fizic, trupa incluz\u00e2nd \u00eentr-o colec\u021bie toate albumele, precum \u0219i produse de merch \u00een edi\u021bie aniversar\u0103. Colec\u021bia SUB 10 include un hanorac personalizat cu masca &#8220;Culese din Cartier&#8221;, precum \u0219i un booklet \u0219i un sticker pack, al\u0103turi de o serie de magne\u021bi.<\/p>\n<p>\u00cen cadrul acestui proiect muzical au fost implica\u021bi mai mul\u021bi arti\u0219ti precum Omu&#8217; Gnom (Raparta), DJ Limun, Mara \u0219i Dragonu de la Specii, VJ Andri, DJ Power Pe Vinil, Vali Umbr\u0103, Argatu&#8217;, Esqu, Georgiana M\u0103n\u0103il\u0103 \u0219i al\u021bi colaboratori.<\/p>\n<p>R\u0103m\u00e2i al\u0103turi de noi, <a href=\"https:\/\/www.infomusic.ro\/newsletter\/\" rel=\"bookmark\" title=\"Aboneaz\u0103-te la newsletter\">aboneaz\u0103-te la newsletterul cu \u0219tiri \u0219i evenimente!<\/a><\/p>\n<p> \u00ce\u021bi recomand\u0103m aceste videoclipuri <\/p>\n<p><img decoding=\"async\" src=\"https:\/\/static.infomusic.ro\/logo-slogan.svg\" alt=\"INFOMUSIC\" width=\"150\" height=\"150\"\/><\/p>\n<p> <a href=\"https:\/\/www.infomusic.ro\/stiri\/muzica\/concerte-turnee\/\">Concerte &#038; turnee<\/a>Subcarpa\u021bi revine \u00een fa\u021ba publicului clujean cu un concert la BT Arena &#8211; BILETE <\/p>\n<p>Toamna aceasta, BT Arena va g\u0103zdui unul dintre cele mai a\u0219teptate evenimente muzicale ale anului: revenirea Subcarpa\u021bi \u00een fa\u021ba publicului clujean. Trupa va aduce \u00een interiorul celei mai mari s\u0103li polivalente din \u021bar\u0103 un show complet, definit prin for\u021b\u0103, tradi\u021bie \u0219i vibra\u021bie contemporan\u0103. Detalii \u0219i bilete \u00een articol.<\/p>\n<p><img loading=\"lazy\" alt src=\"https:\/\/secure.gravatar.com\/avatar\/a088e08883d33ed9770d266ee8cf1b04789e2ef9e93eeeb1a3535dce2090b113?s=46&#038;d=blank&#038;r=g\"  height=\"46\" width=\"46\" loading=\"lazy\" decoding=\"async\"\/><\/p>\n<p>Publicat<\/p>\n<p>acum 4 zile<\/p>\n<p>pe<\/p>\n<p>25\/04\/2026<\/p>\n<p><img loading=\"lazy\" width=\"1000\" height=\"667\" src=\"https:\/\/static.infomusic.ro\/media\/2023\/08\/subcarpati-electric-castle-2023-5-1000x667.jpg\" alt decoding=\"async\" loading=\"lazy\"\/><\/p>\n<p> Subcarpa\u021bi in concert la Electric Castle 2023 \u2502 FOTO: Alex Vlad Covaci \/ InfoMusic.ro <\/p>\n<p>Pe 19 noiembrie, Subcarpa\u021bi va urca pe scena BT Arena cu o produc\u021bie de anvergur\u0103, unde ritmurile urbane de bass \u0219i hip-hop se vor contopi cu sunetele tradi\u021bionale de caval \u0219i fluier \u00eentr-o armonie perfect\u0103. Concertul va beneficia de\u00a0sunet de cea mai bun\u0103 calitate, show-uri vizuale tematice \u0219i un spectacol de lumini special conceput pentru a eviden\u021bia atmosfera autentic\u0103 Subcarpa\u021bi.<\/p>\n<p>Proiectul Subcarpa\u021bi \u00ee\u0219i propune o recontextualizare a folclorului, transform\u00e2nd conectarea la origini \u00eentr-un manifest modern despre respectul pentru valorile tradi\u021bionale. Dincolo de spectacolul sonor, mesajul trupei este unul de echilibru: \u00eentr-un context urban dominat de agita\u021bie, muzica sa devine un liant \u00eentre t\u00e2n\u0103ra genera\u021bie \u0219i reperele fundamentale ale trecutului \u0219i naturii, evit\u00e2nd cli\u0219eele \u0219i p\u0103str\u00e2nd un ton autentic.<\/p>\n<p>Forma\u021bia are la activ opt albume de studio,<\/p>\n<p> <a class=\"echo_read_more\" href=\"https:\/\/www.infomusic.ro\/2026\/04\/subcarpati-16-mai-album-hora-exacta\/\" target=\"_blank\">\u00a0\u00bb\u00a0Cite\u0219te continuarea pe pagina autorului<\/a><\/p>\n","protected":false},"excerpt":{"rendered":"<p>Subcarpa\u021bi prezint\u0103 publicului un nou material de studio &#8211; &#8220;Hora Exact\u0103&#8221;. Discul include 13 piese, pe care publicul le va putea asculta pe 16 mai. Lansarea va fi marcat\u0103 \u0219i de un concert, programat s\u0103 aib\u0103 loc la Arenele Romane. Ulterior, trupa va ajunge \u0219i la Cluj-Napoca, urm\u00e2nd s\u0103 c\u00e2nte pe BT Arena. &#8220;16 MAI. [&hellip;]<\/p>\n","protected":false},"author":1,"featured_media":15236,"comment_status":"open","ping_status":"open","sticky":false,"template":"","format":"standard","meta":{"_crdt_document":"","footnotes":""},"categories":[4],"tags":[],"class_list":["post-15235","post","type-post","status-publish","format-standard","has-post-thumbnail","hentry","category-noutati"],"_links":{"self":[{"href":"https:\/\/news-fm.ro\/index.php\/wp-json\/wp\/v2\/posts\/15235","targetHints":{"allow":["GET"]}}],"collection":[{"href":"https:\/\/news-fm.ro\/index.php\/wp-json\/wp\/v2\/posts"}],"about":[{"href":"https:\/\/news-fm.ro\/index.php\/wp-json\/wp\/v2\/types\/post"}],"author":[{"embeddable":true,"href":"https:\/\/news-fm.ro\/index.php\/wp-json\/wp\/v2\/users\/1"}],"replies":[{"embeddable":true,"href":"https:\/\/news-fm.ro\/index.php\/wp-json\/wp\/v2\/comments?post=15235"}],"version-history":[{"count":0,"href":"https:\/\/news-fm.ro\/index.php\/wp-json\/wp\/v2\/posts\/15235\/revisions"}],"wp:featuredmedia":[{"embeddable":true,"href":"https:\/\/news-fm.ro\/index.php\/wp-json\/wp\/v2\/media\/15236"}],"wp:attachment":[{"href":"https:\/\/news-fm.ro\/index.php\/wp-json\/wp\/v2\/media?parent=15235"}],"wp:term":[{"taxonomy":"category","embeddable":true,"href":"https:\/\/news-fm.ro\/index.php\/wp-json\/wp\/v2\/categories?post=15235"},{"taxonomy":"post_tag","embeddable":true,"href":"https:\/\/news-fm.ro\/index.php\/wp-json\/wp\/v2\/tags?post=15235"}],"curies":[{"name":"wp","href":"https:\/\/api.w.org\/{rel}","templated":true}]}}