{"id":15225,"date":"2026-04-28T12:12:18","date_gmt":"2026-04-28T12:12:18","guid":{"rendered":"https:\/\/news-fm.ro\/index.php\/2026\/04\/28\/video-editors-revine-cu-piesa-call-it-in-si-anunta-un-turneu-pentru-2027\/"},"modified":"2026-04-28T12:12:18","modified_gmt":"2026-04-28T12:12:18","slug":"video-editors-revine-cu-piesa-call-it-in-si-anunta-un-turneu-pentru-2027","status":"publish","type":"post","link":"https:\/\/news-fm.ro\/index.php\/2026\/04\/28\/video-editors-revine-cu-piesa-call-it-in-si-anunta-un-turneu-pentru-2027\/","title":{"rendered":"VIDEO: Editors revine cu piesa &#8220;Call It In&#8221; \u0219i anun\u021b\u0103 un turneu pentru 2027"},"content":{"rendered":"<p>Fanii Editors au motive reale de bucurie. Forma\u021bia a lucrat la cel de-al optulea album de studio \u0219i \u00eel va prezenta live \u00een mai multe ora\u0219e din Europa \u0219i U.K. la \u00eenceputul anului urm\u0103tor. Muzicienii ofer\u0103 o prim\u0103 mostr\u0103 muzical\u0103 odat\u0103 cu &#8220;Call It In&#8221;, lansat\u0103 \u00eempreun\u0103 cu un videoclip oficial. Nu se dezic de sound-ul care i-a consacrat \u0219i care le-a adus o baz\u0103 serioas\u0103 de fani, reu\u0219ind, \u00een acela\u0219i timp, s\u0103 aduc\u0103 influen\u021be proaspete.<\/p>\n<p>Compus\u0103 \u00een cadrul unei sesiuni de \u00eenregistrare ce a avut loc \u00een vara lui 2025 \u00een Gloucestershire, &#8220;Call It In&#8221; vorbe\u0219te despre a g\u0103si alinare, confort \u0219i sprijin \u00een cineva apropiat. Versurile metaforice fac referire \u0219i la frici existen\u021biale \u0219i anxiet\u0103\u021bi palpabile. Melodia este lansat\u0103 prin casa de discuri Play It Again Sam, \u0219i al\u0103turi de videoclip regizat de chitaristul forma\u021biei, Justin Lockey.<\/p>\n<p>Odat\u0103 cu dezv\u0103luirea melodiei &#8220;Call It In&#8221;, trupa a anun\u021bat \u0219i un turneu principal \u00een Marea Britanie, Irlanda \u0219i Europa \u00een 2027. Etapa de presale \u00eencepe m\u00e2ine, 29 aprilie, iar doritorii <a href=\"https:\/\/editors.club.os.fan\/unlock\" target=\"_blank\" rel=\"noopener\">se pot \u00eenscrie pe site-ul oficial al trupei.<\/a><\/p>\n<p>Date turneu Editors \u00een 2027<\/p>\n<ul>\n<li>26 ianuarie &#8211; Le 106, Rouen, Fran\u021ba<\/li>\n<li>27 ianuarie &#8211; Le Cigale, Paris, Fran\u021ba<\/li>\n<li>29 ianuarie &#8211; La Riviera, Madrid, Spania<\/li>\n<li>30 ianuarie &#8211; Auditorio Roig Arena, Valencia, Spania<\/li>\n<li>31 ianuarie &#8211; Razzmatazz, Barcelona, Spania<\/li>\n<li>2 februarie &#8211; X-Tra, Zurich, Elve\u021bia<\/li>\n<li>3 februarie &#8211; Alcatraz, Milano, Italia<\/li>\n<li>4 februarie &#8211; Borcarski Dom, Zagreb, Croa\u021bia<\/li>\n<li>6 februarie &#8211; SaSaZu, Praga, Cehia<\/li>\n<li>7 februarie &#8211; Zenith, Munchen, Germania<\/li>\n<li>8 februarie &#8211; Gasometer, Viena, Austria<\/li>\n<li>10 februarie &#8211; Stodola, Var\u0219ovia, Polonia<\/li>\n<li>11 februarie &#8211; Columbiahalle, Berlin, Germania<\/li>\n<li>12 februarie &#8211; The Grey Hall, Copenhaga, Danemarca<\/li>\n<li>14 februarie &#8211; Palladium, Koln, Germania<\/li>\n<li>15 februarie &#8211; Rockhal, Esch-sur-Alzette, Luxemburg<\/li>\n<li>16 februarie &#8211; Felsenkeller, Leipzig, Germania<\/li>\n<li>20 februarie &#8211; Inselpark Arena, Hamburg, Germania<\/li>\n<li>28 februarie &#8211; Vicar St, Dublin, Irlanda<\/li>\n<li>1 martie &#8211; Ulster Hall, Belfast, Irlanda<\/li>\n<li>2 martie &#8211; O2 Academy, Glasgow, Sco\u021bia<\/li>\n<li>4 martie &#8211; O2 City Hall, Newcastle, Anglia<\/li>\n<li>5 martie &#8211; O2 Apollo, Manchester, Anglia<\/li>\n<li>7 martie &#8211; O2 Academy, Leeds, Anglia<\/li>\n<li>8 martie &#8211; Rock City, Nottingham, Anglia<\/li>\n<li>9 martie &#8211; Prospect Building, Bristol, Anglia<\/li>\n<li>11 martie &#8211; O2 Academy Brixton, Londra, Anglia<\/li>\n<li>12 martie &#8211; O2 Guildhall, Southampton, Anglia<\/li>\n<\/ul>\n<p>Videoclip Editors &#8211; Call It In: <\/p>\n<p>Editors este una dintre cele mai notabile prezen\u021be din zona indie rock britanic\u0103 a ultimelor dou\u0103 decenii. \u00cenceputurile muzicale le-a desf\u0103\u0219urat sub titulatura Pilot, The Pride \u0219i Snowfield, ca mai apoi, \u00een 2002, s\u0103 evolueze sub denumirea care a consacrat-o, cea de Editors. Trupa a atras rapid aten\u021bia cu albumul de debut, &#8220;The Back Room&#8221;, iar ulterior \u0219i-a consolidat identitatea prin materiale precum &#8220;An End Has a Start&#8221; sau &#8220;Violence&#8221;, \u00een care \u00eembin\u0103 influen\u021be post-punk cu elemente electronice. Vocea grav\u0103 \u0219i expresiv\u0103 a lui Tom Smith, al\u0103turi de atmosfera dens\u0103 \u0219i introspectiv\u0103 a pieselor, au transformat Editors \u00eentr-un nume apreciat at\u00e2t de fanii rock-ului alternativ, c\u00e2t \u0219i de publicul de festival, unde continu\u0103 s\u0103 livreze show-uri memorabile.<\/p>\n<p>Apropo de Tom Smith, el \u0219i-a explorat recent o alt\u0103 fa\u021bet\u0103 artistic\u0103 cu albumul <a href=\"https:\/\/www.infomusic.ro\/2025\/08\/tom-smith-lansare-piesa-life-is-for-living\/\" target=\"_blank\" rel=\"noopener\">&#8220;There Is Nothing In The Dark That Isn&#8217;t There In The Light&#8221;<\/a>. Cu un sunet mai a\u0219ezat \u0219i o melancolie mai perceptibil\u0103,<\/p>\n<p> <a class=\"echo_read_more\" href=\"https:\/\/www.infomusic.ro\/2026\/04\/editors-piesa-call-it-in-turneu-2027\/\" target=\"_blank\">\u00a0\u00bb\u00a0Cite\u0219te continuarea pe pagina autorului<\/a><\/p>\n","protected":false},"excerpt":{"rendered":"<p>Fanii Editors au motive reale de bucurie. Forma\u021bia a lucrat la cel de-al optulea album de studio \u0219i \u00eel va prezenta live \u00een mai multe ora\u0219e din Europa \u0219i U.K. la \u00eenceputul anului urm\u0103tor. Muzicienii ofer\u0103 o prim\u0103 mostr\u0103 muzical\u0103 odat\u0103 cu &#8220;Call It In&#8221;, lansat\u0103 \u00eempreun\u0103 cu un videoclip oficial. Nu se dezic de [&hellip;]<\/p>\n","protected":false},"author":1,"featured_media":15226,"comment_status":"open","ping_status":"open","sticky":false,"template":"","format":"standard","meta":{"_crdt_document":"","footnotes":""},"categories":[4],"tags":[],"class_list":["post-15225","post","type-post","status-publish","format-standard","has-post-thumbnail","hentry","category-noutati"],"_links":{"self":[{"href":"https:\/\/news-fm.ro\/index.php\/wp-json\/wp\/v2\/posts\/15225","targetHints":{"allow":["GET"]}}],"collection":[{"href":"https:\/\/news-fm.ro\/index.php\/wp-json\/wp\/v2\/posts"}],"about":[{"href":"https:\/\/news-fm.ro\/index.php\/wp-json\/wp\/v2\/types\/post"}],"author":[{"embeddable":true,"href":"https:\/\/news-fm.ro\/index.php\/wp-json\/wp\/v2\/users\/1"}],"replies":[{"embeddable":true,"href":"https:\/\/news-fm.ro\/index.php\/wp-json\/wp\/v2\/comments?post=15225"}],"version-history":[{"count":0,"href":"https:\/\/news-fm.ro\/index.php\/wp-json\/wp\/v2\/posts\/15225\/revisions"}],"wp:featuredmedia":[{"embeddable":true,"href":"https:\/\/news-fm.ro\/index.php\/wp-json\/wp\/v2\/media\/15226"}],"wp:attachment":[{"href":"https:\/\/news-fm.ro\/index.php\/wp-json\/wp\/v2\/media?parent=15225"}],"wp:term":[{"taxonomy":"category","embeddable":true,"href":"https:\/\/news-fm.ro\/index.php\/wp-json\/wp\/v2\/categories?post=15225"},{"taxonomy":"post_tag","embeddable":true,"href":"https:\/\/news-fm.ro\/index.php\/wp-json\/wp\/v2\/tags?post=15225"}],"curies":[{"name":"wp","href":"https:\/\/api.w.org\/{rel}","templated":true}]}}