{"id":15223,"date":"2026-04-28T12:12:19","date_gmt":"2026-04-28T12:12:19","guid":{"rendered":"https:\/\/news-fm.ro\/index.php\/2026\/04\/28\/alexandra-capitanescu-a-inceput-ultimele-pregatiri-pentru-eurovision-2026-cum-se-voteaza-in-semifinale\/"},"modified":"2026-04-28T12:12:19","modified_gmt":"2026-04-28T12:12:19","slug":"alexandra-capitanescu-a-inceput-ultimele-pregatiri-pentru-eurovision-2026-cum-se-voteaza-in-semifinale","status":"publish","type":"post","link":"https:\/\/news-fm.ro\/index.php\/2026\/04\/28\/alexandra-capitanescu-a-inceput-ultimele-pregatiri-pentru-eurovision-2026-cum-se-voteaza-in-semifinale\/","title":{"rendered":"Alexandra C\u0103pit\u0103nescu a \u00eenceput ultimele preg\u0103tiri pentru Eurovision 2026; Cum se voteaz\u0103 \u00een semifinale"},"content":{"rendered":"<p>Dup\u0103 dou\u0103 s\u0103pt\u0103m\u00e2ni extrem de intense, marcate de evenimente, concerte \u0219i apari\u021bii media, echipa a revenit \u00een sala de repeti\u021bii pentru a pune la punct ultimele detalii \u00eenainte de <a href=\"https:\/\/www.infomusic.ro\/2026\/04\/repetitii-viena-eurovision-2026-cand-urca-alexandra-capitanescu-scena\/\">plecarea spre Viena, Austria, programat\u0103 pentru 3 mai<\/a>. \u00cen aceast\u0103 perioad\u0103, artista a fost prezent\u0103 la petrecerile premerg\u0103toare concursului, unde a performat live \u00een fa\u021ba fanilor interna\u021bionali, care au reac\u021bionat cu entuziasm, au c\u00e2ntat al\u0103turi de ea \u0219i au sus\u021binut-o \u00een mediul online, incluz\u00e2nd piesa \u00een topurile personale.<\/p>\n<p>Turneu de promovare \u00een Londra, Polonia \u0219i Republica Moldova<\/p>\n<p>Ultima s\u0103pt\u0103m\u00e2n\u0103, \u00eencep\u00e2nd cu 18 aprilie, a fost una de foc pentru delega\u021bia Rom\u00e2niei. Turneul de promovare a debutat cu Eurovision Pre Party organizat la Arenele Romane din Bucure\u0219ti, continu\u00e2nd apoi <a href=\"https:\/\/www.infomusic.ro\/2026\/04\/alexandra-capitanescu-show-londra-pre-party-eurovision-2026-video\/\">la Londra<\/a>, unde, \u00een doar 24 de ore, arti\u0219tii au participat la repeti\u021bii, au acordat interviuri pentru publica\u021bii importante, s-au \u00eent\u00e2lnit cu al\u021bi concuren\u021bi \u0219i au explorat c\u00e2teva dintre cele mai cunoscute atrac\u021bii ale capitalei britanice.<\/p>\n<p>Promovarea a continuat \u00een Polonia, unde echipa a fost invitat\u0103 la emisiuni radio \u0219i TV \u0219i a colaborat cu influenceri locali. \u00centor\u0219i \u00een Rom\u00e2nia, arti\u0219tii au avut noi apari\u021bii media \u0219i concerte \u00een Bra\u0219ov \u0219i Pite\u0219ti, iar \u00een weekend au ajuns \u00een Republica Moldova pentru o conferin\u021b\u0103 de pres\u0103 \u0219i o \u00eent\u00e2lnire special\u0103 cu fanii.<\/p>\n<p>Cum decurg repeti\u021biile Alexandrei C\u0103pit\u0103nescu al\u0103turi de Jan Bors \u0219i Emil Rengle<\/p>\n<p>\u00cencep\u00e2nd de luni, 27 aprilie, echipa a reluat repeti\u021biile al\u0103turi de echip\u0103 de crea\u021bie \u0219i produc\u021bie: regizorul Jan Bors, Apart Productions (responsabili de show-ul de lumini \u0219i grafic\u0103) si coregraful Emil Rengle. \u00cempreun\u0103, ace\u0219tia lucreaz\u0103 la un moment scenic complex, menit s\u0103 impresioneze publicul european.<\/p>\n<p>&#8220;Avem o s\u0103pt\u0103m\u00e2n\u0103 plin\u0103 de repeti\u021bii \u00een fa\u021ba noastr\u0103, dar sunt \u0219i multe repeti\u021bii pe care le-am f\u0103cut deja. Avem multe surprize pe care nu vi le ar\u0103t\u0103m. (&#8230;)<\/p>\n<p>Avem o idee mai bun\u0103 despre felul \u00een care ideile noastre se vor materializa al\u0103turi de echipa Eurovision. Este complex, iar nou\u0103 ni se cere s\u0103 comunic\u0103m toate detaliile necesare show-ului, pentru ca ei (echipa de la Viena) s\u0103 poat\u0103 pune totul \u00een scen\u0103. Comunicarea este cheia. (&#8230;)<\/p>\n<p>Am preg\u0103tit ceva care nu e u\u0219or de realizat, dar este accesibil. Ce a fost important pentru noi, atunci c\u00e2nd cream ideea de staging, a fost s\u0103 avem o identitate vizual\u0103 clar\u0103. Am vrut \u0219i s\u0103 spunem povestea \u00eentr-un mod care s\u0103 nu par\u0103 complicat, s\u0103 fie u\u0219or de \u00een\u021beles \u0219i foarte atractiv din punct de vedere vizual. Ceea ce cred c\u0103 am reu\u0219it&#8221;, a povestit regizorul Jan Bors.<\/p>\n<p>Colaborarea cu Alexandra \u0219i colegii de trup\u0103 a fost excelent\u0103 de la \u00eenceput, spune Jan, care a m\u0103rturisit c\u0103 sunt foarte sinceri unii cu ceilal\u021bi. Criticile sunt mereu considerate constructive, iar carisma Alexandrei r\u0103m\u00e2ne marele atu al echipei noastre.<\/p>\n<p>VIDEO: Jan Bors ofer\u0103 imagini de la repeti\u021biile cu Alexandra C\u0103pit\u0103nescu \u0219i dezv\u0103luie detalii despre show <\/p>\n<p>Melodia &#8220;Choke Me&#8221;, cu care Alexandra C\u0103pit\u0103nescu va reprezenta Rom\u00e2nia, se bucur\u0103 deja de succes \u00een online. Peste 6 milioane de vizualiz\u0103ri a cumulat pe YouTube \u0219i mai mult de 2 milioane de ascult\u0103ri pe Spotify. Pe platformele Social Media cifrele sunt, de asemenea, \u00een cre\u0219tere.<\/p>\n<p>\u00cen paralel, prezen\u021ba artistei \u00een mediul digital a cunoscut o cre\u0219tere spectaculoas\u0103 \u00een ultimele luni: contul de Instagram a \u00eenregistrat o cre\u0219tere de 300%, num\u0103rul de ascult\u0103tori pe Spotify a crescut cu 2000%, iar canalul de YouTube \u0219i-a triplat num\u0103rul de abona\u021bi.<\/p>\n<p>Cum se voteaz\u0103 \u00een semifinala Eurovision 2026 de pe 14 mai<\/p>\n<p>Participarea Rom\u00e2niei la Eurovision Song Contest 2026 marcheaz\u0103 nu doar o nou\u0103 prezen\u021b\u0103 pe scena european\u0103,<\/p>\n<p> <a class=\"echo_read_more\" href=\"https:\/\/www.infomusic.ro\/2026\/04\/alexandra-capitanescu-pregatiri-eurovision-2026-cum-se-voteaza-semifinale\/\" target=\"_blank\">\u00a0\u00bb\u00a0Cite\u0219te continuarea pe pagina autorului<\/a><\/p>\n","protected":false},"excerpt":{"rendered":"<p>Dup\u0103 dou\u0103 s\u0103pt\u0103m\u00e2ni extrem de intense, marcate de evenimente, concerte \u0219i apari\u021bii media, echipa a revenit \u00een sala de repeti\u021bii pentru a pune la punct ultimele detalii \u00eenainte de plecarea spre Viena, Austria, programat\u0103 pentru 3 mai. \u00cen aceast\u0103 perioad\u0103, artista a fost prezent\u0103 la petrecerile premerg\u0103toare concursului, unde a performat live \u00een fa\u021ba fanilor [&hellip;]<\/p>\n","protected":false},"author":1,"featured_media":15224,"comment_status":"open","ping_status":"open","sticky":false,"template":"","format":"standard","meta":{"_crdt_document":"","footnotes":""},"categories":[4],"tags":[],"class_list":["post-15223","post","type-post","status-publish","format-standard","has-post-thumbnail","hentry","category-noutati"],"_links":{"self":[{"href":"https:\/\/news-fm.ro\/index.php\/wp-json\/wp\/v2\/posts\/15223","targetHints":{"allow":["GET"]}}],"collection":[{"href":"https:\/\/news-fm.ro\/index.php\/wp-json\/wp\/v2\/posts"}],"about":[{"href":"https:\/\/news-fm.ro\/index.php\/wp-json\/wp\/v2\/types\/post"}],"author":[{"embeddable":true,"href":"https:\/\/news-fm.ro\/index.php\/wp-json\/wp\/v2\/users\/1"}],"replies":[{"embeddable":true,"href":"https:\/\/news-fm.ro\/index.php\/wp-json\/wp\/v2\/comments?post=15223"}],"version-history":[{"count":0,"href":"https:\/\/news-fm.ro\/index.php\/wp-json\/wp\/v2\/posts\/15223\/revisions"}],"wp:featuredmedia":[{"embeddable":true,"href":"https:\/\/news-fm.ro\/index.php\/wp-json\/wp\/v2\/media\/15224"}],"wp:attachment":[{"href":"https:\/\/news-fm.ro\/index.php\/wp-json\/wp\/v2\/media?parent=15223"}],"wp:term":[{"taxonomy":"category","embeddable":true,"href":"https:\/\/news-fm.ro\/index.php\/wp-json\/wp\/v2\/categories?post=15223"},{"taxonomy":"post_tag","embeddable":true,"href":"https:\/\/news-fm.ro\/index.php\/wp-json\/wp\/v2\/tags?post=15223"}],"curies":[{"name":"wp","href":"https:\/\/api.w.org\/{rel}","templated":true}]}}