{"id":15217,"date":"2026-04-27T18:10:23","date_gmt":"2026-04-27T18:10:23","guid":{"rendered":"https:\/\/news-fm.ro\/index.php\/2026\/04\/27\/andrei-ciocirlan-fost-concurent-vocea-romaniei-a-lansat-acelasi-eu-o-piesa-despre-familie-si-identitate-video\/"},"modified":"2026-04-27T18:10:23","modified_gmt":"2026-04-27T18:10:23","slug":"andrei-ciocirlan-fost-concurent-vocea-romaniei-a-lansat-acelasi-eu-o-piesa-despre-familie-si-identitate-video","status":"publish","type":"post","link":"https:\/\/news-fm.ro\/index.php\/2026\/04\/27\/andrei-ciocirlan-fost-concurent-vocea-romaniei-a-lansat-acelasi-eu-o-piesa-despre-familie-si-identitate-video\/","title":{"rendered":"Andrei Cioc\u00eerlan, fost concurent Vocea Rom\u00e2niei, a lansat &#8220;Acela\u0219i eu&#8221;, o pies\u0103 despre familie \u0219i identitate (VIDEO)"},"content":{"rendered":"<p><a href=\"https:\/\/www.infomusic.ro\/stiri\/muzica\/muzica-noua\/\">Muzic\u0103 nou\u0103<\/a> <\/p>\n<p>Andrei Cioc\u00eerlan, artistul care \u00eembin\u0103 sensibilitatea cu influen\u021be puternice din folclorul rom\u00e2nesc, lanseaz\u0103 noul s\u0103u single, &#8220;Acela\u0219i eu&#8221;. Piesa are un mesaj profund personal despre dorul de cas\u0103, familie \u0219i identitate.<\/p>\n<p><img alt src=\"https:\/\/secure.gravatar.com\/avatar\/fc95fe2baff59157fc4a45c2420b12012132afaad378497b27770f2e04b630ac?s=46&#038;d=blank&#038;r=g\"  height=\"46\" width=\"46\" decoding=\"async\"\/><\/p>\n<p>Publicat<\/p>\n<p>acum 5 ore<\/p>\n<p>pe<\/p>\n<p>27\/04\/2026<\/p>\n<p><img fetchpriority=\"high\" width=\"1000\" height=\"667\" src=\"https:\/\/static.infomusic.ro\/media\/2026\/04\/andrei-ciocarlan-acelasi-eu-videoclip-1000x667.jpg\" alt=\"Andrei Cioc\u00eerlan \u00een videoclipul \"Acela\u0219i eu\"\" decoding=\"async\" fetchpriority=\"high\"\/><\/p>\n<p> Andrei Cioc\u00eerlan \u00een videoclipul &#8220;Acela\u0219i eu&#8221; \u2502 FOTO: Captur\u0103 YouTube\t<\/p>\n<p>N\u0103scut \u0219i crescut \u00een Suceava, \u00eentr-o familie \u00een care muzica a fost mereu prezent\u0103, Andrei \u0219i-a construit \u00eenc\u0103 din copil\u0103rie o leg\u0103tur\u0103 autentic\u0103 cu tradi\u021biile rom\u00e2ne\u0219ti. Tat\u0103l s\u0103u, conduc\u0103tor al unui ansamblu folcloric, i-a insuflat dragostea pentru c\u00e2ntecele \u0219i obiceiurile care i-au definit parcursul artistic.<\/p>\n<p>&#8220;Acela\u0219i eu&#8221; reflect\u0103 o etap\u0103 important\u0103 din via\u021ba artistului &#8211; mutarea \u00een Bucure\u0219ti \u0219i distan\u021barea fa\u021b\u0103 de locurile natale. Prin versuri sincere \u0219i o interpretare \u00eenc\u0103rcat\u0103 de emo\u021bie, Andrei transmite un mesaj universal: oric\u00e2t de departe ai ajunge, nu trebuie s\u0103 ui\u021bi niciodat\u0103 de unde ai plecat.<\/p>\n<p>Piesa este rezultatul unei colabor\u0103ri artistice autentice dintre Andrei Cioc\u00eerlan \u0219i Andrei Comaroni, textul \u00eei apar\u021bine lui Andrei Cioc\u00eerlan, iar produc\u021bia a fost realizat\u0103 de Andrei Comaroni, contur\u00e2nd un sound modern care p\u0103streaz\u0103 esen\u021ba tradi\u021bional\u0103 a artistului.<\/p>\n<p>Pentru videoclip, Andrei a ales s\u0103 duc\u0103 aceast\u0103 poveste \u0219i mai departe, \u00eentr-un mod extrem de personal.<\/p>\n<p>&#8220;Am vrut ca totul s\u0103 fie c\u00e2t mai real, a\u0219a c\u0103 am adunat toat\u0103 echipa acas\u0103 la mine. \u00cen clip apare toat\u0103 familia mea, iar filmarea a avut loc \u00eentr-o cas\u0103 veche de peste 200 de ani, mo\u0219tenit\u0103 din stra-str\u0103bunici. Pentru mine, locul \u0103sta \u00eenseamn\u0103 acas\u0103 \u00een cel mai sincer sens&#8221;, spune artistul.<\/p>\n<p>VIDEOCLIP: Andrei Cioc\u00eerlan &#8211; &#8220;Acela\u0219i eu&#8221; <\/p>\n<p>Publicul l-a descoperit \u0219i \u00eendr\u0103git pe Andrei Cioc\u00eerlan odat\u0103 cu participarea sa la Vocea Rom\u00e2niei, unde a impresionat \u00een echipa Theo Rose &#038; Horia Brenciu. Vocea sa distinct\u0103 \u0219i capacitatea de a transmite emo\u021bie autentic\u0103 l-au transformat rapid \u00eentr-un nume de urm\u0103rit.<\/p>\n<p>Prin aceast\u0103 lansare, Andrei \u00ee\u0219i marcheaz\u0103 locul \u00een industria muzical\u0103, propun\u00e2nd un stil care \u00eembin\u0103 armonios tradi\u021bia cu elemente moderne. &#8220;Acela\u0219i eu&#8221; este doar primul pas dintr-o serie de proiecte care promit s\u0103 surprind\u0103 \u0219i s\u0103 aduc\u0103 \u00een prim-plan autenticitatea rom\u00e2neasc\u0103 reinterpretat\u0103.<\/p>\n<p>R\u0103m\u00e2i al\u0103turi de noi, <a href=\"https:\/\/www.infomusic.ro\/newsletter\/\" rel=\"bookmark\" title=\"Aboneaz\u0103-te la newsletter\">aboneaz\u0103-te la newsletterul cu \u0219tiri \u0219i evenimente!<\/a><\/p>\n<p> \u00ce\u021bi recomand\u0103m aceste videoclipuri <\/p>\n<p><img decoding=\"async\" src=\"https:\/\/static.infomusic.ro\/logo-slogan.svg\" alt=\"INFOMUSIC\" width=\"150\" height=\"150\"\/><\/p>\n<p>&#8230; <a class=\"echo_read_more\" href=\"https:\/\/www.infomusic.ro\/2026\/04\/andrei-ciocirlan-fost-concurent-vocea-romaniei-acelasi-eu-video\/\" target=\"_blank\">\u00a0\u00bb\u00a0Cite\u0219te continuarea pe pagina autorului<\/a><\/p>\n","protected":false},"excerpt":{"rendered":"<p>Muzic\u0103 nou\u0103 Andrei Cioc\u00eerlan, artistul care \u00eembin\u0103 sensibilitatea cu influen\u021be puternice din folclorul rom\u00e2nesc, lanseaz\u0103 noul s\u0103u single, &#8220;Acela\u0219i eu&#8221;. Piesa are un mesaj profund personal despre dorul de cas\u0103, familie \u0219i identitate. Publicat acum 5 ore pe 27\/04\/2026 Andrei Cioc\u00eerlan \u00een videoclipul &#8220;Acela\u0219i eu&#8221; \u2502 FOTO: Captur\u0103 YouTube N\u0103scut \u0219i crescut \u00een Suceava, \u00eentr-o [&hellip;]<\/p>\n","protected":false},"author":1,"featured_media":15218,"comment_status":"open","ping_status":"open","sticky":false,"template":"","format":"standard","meta":{"_crdt_document":"","footnotes":""},"categories":[4],"tags":[],"class_list":["post-15217","post","type-post","status-publish","format-standard","has-post-thumbnail","hentry","category-noutati"],"_links":{"self":[{"href":"https:\/\/news-fm.ro\/index.php\/wp-json\/wp\/v2\/posts\/15217","targetHints":{"allow":["GET"]}}],"collection":[{"href":"https:\/\/news-fm.ro\/index.php\/wp-json\/wp\/v2\/posts"}],"about":[{"href":"https:\/\/news-fm.ro\/index.php\/wp-json\/wp\/v2\/types\/post"}],"author":[{"embeddable":true,"href":"https:\/\/news-fm.ro\/index.php\/wp-json\/wp\/v2\/users\/1"}],"replies":[{"embeddable":true,"href":"https:\/\/news-fm.ro\/index.php\/wp-json\/wp\/v2\/comments?post=15217"}],"version-history":[{"count":0,"href":"https:\/\/news-fm.ro\/index.php\/wp-json\/wp\/v2\/posts\/15217\/revisions"}],"wp:featuredmedia":[{"embeddable":true,"href":"https:\/\/news-fm.ro\/index.php\/wp-json\/wp\/v2\/media\/15218"}],"wp:attachment":[{"href":"https:\/\/news-fm.ro\/index.php\/wp-json\/wp\/v2\/media?parent=15217"}],"wp:term":[{"taxonomy":"category","embeddable":true,"href":"https:\/\/news-fm.ro\/index.php\/wp-json\/wp\/v2\/categories?post=15217"},{"taxonomy":"post_tag","embeddable":true,"href":"https:\/\/news-fm.ro\/index.php\/wp-json\/wp\/v2\/tags?post=15217"}],"curies":[{"name":"wp","href":"https:\/\/api.w.org\/{rel}","templated":true}]}}