{"id":1510,"date":"2019-06-04T11:31:56","date_gmt":"2019-06-04T11:31:56","guid":{"rendered":"http:\/\/news-fm.ro\/?p=1510"},"modified":"2019-06-04T11:31:58","modified_gmt":"2019-06-04T11:31:58","slug":"videoclip-oficial-delia-vreau-la-tara","status":"publish","type":"post","link":"https:\/\/news-fm.ro\/index.php\/2019\/06\/04\/videoclip-oficial-delia-vreau-la-tara\/","title":{"rendered":"Videoclip oficial: Delia &#8211; Vreau La \u0162ar\u0103"},"content":{"rendered":"\n<p class=\"wp-block-paragraph\"><strong>Delia \u00eencepe vara cu o pies\u0103 profund v\u0103ratic\u0103, &#8220;Vreau la \u0162ar\u0103&#8221;, \u00een care evoc\u0103 vacan\u0163ele din copil\u0103rie. Delia a lansat \u015fi un videoclip fresh \u015fi rustic pentru aceast\u0103 crea\u0163ie euforic\u0103. V\u0103 invit\u0103m s\u0103 \u00eel viziona\u0163i \u00een articol.<\/strong><\/p>\n\n\n\n<figure><iframe width=\"800\" height=\"450\" src=\"https:\/\/www.youtube.com\/embed\/dzhOQZm3Fy4?version=3&amp;rel=1&amp;fs=1&amp;autohide=2&amp;showsearch=0&amp;showinfo=1&amp;iv_load_policy=1&amp;wmode=transparent\" allowfullscreen=\"true\"><\/iframe><\/figure>\n\n\n\n<p class=\"wp-block-paragraph\">Dac\u0103 \u00een 2017&nbsp;<strong>Delia<\/strong>&nbsp;se transforma \u00eentr-o zei\u0163\u0103 a p\u0103durii \u00een&nbsp;<a href=\"https:\/\/www.infomusic.ro\/videoclip\/delia-verde-imparat\/\">&#8220;Verde \u00cemp\u0103rat&#8221;<\/a>, \u00een&nbsp;<strong>&#8220;Vreau la \u0162ar\u0103&#8221;<\/strong>o vedem pe artist\u0103 la \u0163ar\u0103, \u00een port tradi\u0163ional \u015fi plimb\u00e2ndu-se cu roaba. Piesa cea nou\u0103 \u00eencepe cu un sample remixat din &#8220;Vara la \u0163ar\u0103&#8221;, piesa lui&nbsp;<strong>Mircea Baniciu<\/strong>&nbsp;din anii &#8217;80. Versurile sunt familiare \u015fi celor care \u015ftiu poezia lui George Toparceanu, &#8220;Vara la \u0163ar\u0103&#8221;.<\/p>\n\n\n\n<p class=\"wp-block-paragraph\">Delia este protagonista clipului regizat de Alex Ceausu, dar are un cameo \u015fi Vlad Dr\u0103gulin, cunoscut pentru apari\u0163iile la &#8220;iUmor&#8221; \u015fi serialul &#8220;B\u0103ie\u0163i de Ora\u015f&#8221;. Muziciana c\u00e2nt\u0103 despre p\u00e2ine natural\u0103, livezi pline de fructe \u00een p\u00e2rg, vinul ghiurghiuliu \u015fi mirosul de iarb\u0103 proasp\u0103t cosit\u0103. Asemenea oric\u0103rui or\u0103\u015fean, Delia viseaz\u0103 la aer curat, rusticism \u015fi puritate.<\/p>\n\n\n\n<p class=\"wp-block-paragraph\">Sample-ul din melodia &#8220;Vara la \u0163ar\u0103&#8221; a lui Baniciu trece prin c\u00e2teva ipostaze remixate, de la rock la dubstep \u015fi EDM. Totul ilustrat cu Delia \u00eentr-o cas\u0103 \u0163\u0103r\u0103neasc\u0103, d\u00e2ndu-se cu roaba sau \u00eentr-o sesiune de ol\u0103rit. Cai s\u0103lbatici \u015fi arhitectura tradi\u0163ional\u0103 sunt combinate cu fumigene colorate \u015fi \u0163inutele fistichii care au consacrat-o pe &#8220;Acadelia&#8221;.<\/p>\n\n\n\n<p class=\"wp-block-paragraph\">\u00cen valuri de f\u00e2n \u015fi lanuri de gr\u00e2u Delia \u015fi Dr\u0103gulin alearg\u0103 al\u0103turi de prieteni pe un ritm new school combinat cu old school. Noul track este compus de Delia \u00een colaborare cu Alex Cotoi \u015fi Mircea Baniciu. Pe exuberanta c\u00e2nt\u0103rea\u0163\u0103 a\u0163i putut-o vedea \u00een ultimele zile juriz\u00e2nd finala iUmor sezonul 6, dar \u015fi ca invitat\u0103 special\u0103 \u00een cadrul show-ului\u00a0<a href=\"https:\/\/www.infomusic.ro\/2019\/06\/in-concertul-de-la-arenele-romane-the-motans-a-filmat-live-videoclipul-noii-piese-valuri-mari-poze\/\">The Motans Grand Concert<\/a>.<\/p>\n\n\n\n<figure class=\"wp-block-image\"><img decoding=\"async\" src=\"https:\/\/news-fm.ro\/wp-content\/uploads\/2019\/06\/delia-vreau-la-tara-1024x599.jpg\" alt=\"\" class=\"wp-image-1512\"\/><\/figure>\n\n\n\n<p class=\"wp-block-paragraph\"><\/p>\n\n\n\n<p class=\"wp-block-paragraph\">\u00cen 2019 am mai putut asculta hitul Deliei\u00a0<a href=\"https:\/\/www.infomusic.ro\/videoclip\/delia-feat-the-motans-ramai\/\">&#8220;R\u0103m\u00e2i&#8221;<\/a>\u00a0al\u0103turi de The Motans, iar pe final de 2018 ap\u0103rea piesa catchy &#8220;Tr\u0103ie\u015fte Frumos&#8221;, pe care o auzeam prima oar\u0103 \u00een reclamele Vodafone. Vara trecut\u0103 Delia ne-a cucerit cu piesa &#8220;Despablito&#8221; al\u0103turi de Grasu XXL, iar aceast\u0103 var\u0103 pare s\u0103 fie gata s\u0103 viralizeze &#8220;Vreau la \u0162ar\u0103&#8221;.<\/p>\n\n\n\n<p class=\"wp-block-paragraph\">Sursa: infomusic.ro<\/p>\n","protected":false},"excerpt":{"rendered":"<p>Delia \u00eencepe vara cu o pies\u0103 profund v\u0103ratic\u0103, &#8220;Vreau la \u0162ar\u0103&#8221;, \u00een care evoc\u0103 vacan\u0163ele din copil\u0103rie. Delia a lansat \u015fi un videoclip fresh \u015fi rustic pentru aceast\u0103 crea\u0163ie euforic\u0103. V\u0103 invit\u0103m s\u0103 \u00eel viziona\u0163i \u00een articol. Dac\u0103 \u00een 2017&nbsp;Delia&nbsp;se transforma \u00eentr-o zei\u0163\u0103 a p\u0103durii \u00een&nbsp;&#8220;Verde \u00cemp\u0103rat&#8221;, \u00een&nbsp;&#8220;Vreau la \u0162ar\u0103&#8221;o vedem pe artist\u0103 la \u0163ar\u0103, [&hellip;]<\/p>\n","protected":false},"author":1,"featured_media":0,"comment_status":"open","ping_status":"open","sticky":false,"template":"","format":"standard","meta":{"_crdt_document":"","footnotes":""},"categories":[1],"tags":[],"class_list":["post-1510","post","type-post","status-publish","format-standard","hentry","category-diverse"],"_links":{"self":[{"href":"https:\/\/news-fm.ro\/index.php\/wp-json\/wp\/v2\/posts\/1510","targetHints":{"allow":["GET"]}}],"collection":[{"href":"https:\/\/news-fm.ro\/index.php\/wp-json\/wp\/v2\/posts"}],"about":[{"href":"https:\/\/news-fm.ro\/index.php\/wp-json\/wp\/v2\/types\/post"}],"author":[{"embeddable":true,"href":"https:\/\/news-fm.ro\/index.php\/wp-json\/wp\/v2\/users\/1"}],"replies":[{"embeddable":true,"href":"https:\/\/news-fm.ro\/index.php\/wp-json\/wp\/v2\/comments?post=1510"}],"version-history":[{"count":0,"href":"https:\/\/news-fm.ro\/index.php\/wp-json\/wp\/v2\/posts\/1510\/revisions"}],"wp:attachment":[{"href":"https:\/\/news-fm.ro\/index.php\/wp-json\/wp\/v2\/media?parent=1510"}],"wp:term":[{"taxonomy":"category","embeddable":true,"href":"https:\/\/news-fm.ro\/index.php\/wp-json\/wp\/v2\/categories?post=1510"},{"taxonomy":"post_tag","embeddable":true,"href":"https:\/\/news-fm.ro\/index.php\/wp-json\/wp\/v2\/tags?post=1510"}],"curies":[{"name":"wp","href":"https:\/\/api.w.org\/{rel}","templated":true}]}}