{"id":15084,"date":"2026-04-09T20:09:19","date_gmt":"2026-04-09T20:09:19","guid":{"rendered":"https:\/\/news-fm.ro\/index.php\/2026\/04\/09\/vezi-programul-pe-zile-de-la-electric-castle-2026\/"},"modified":"2026-04-09T20:09:19","modified_gmt":"2026-04-09T20:09:19","slug":"vezi-programul-pe-zile-de-la-electric-castle-2026","status":"publish","type":"post","link":"https:\/\/news-fm.ro\/index.php\/2026\/04\/09\/vezi-programul-pe-zile-de-la-electric-castle-2026\/","title":{"rendered":"Vezi programul pe zile de la Electric Castle 2026"},"content":{"rendered":"<p><a href=\"https:\/\/www.infomusic.ro\/stiri\/muzica\/concerte-turnee\/\">Concerte &#038; turnee<\/a>Killa Fonic, din nou pe scen\u0103 cu Irina Rimes: &#8220;Mul\u021bumesc pentru aceast\u0103 tr\u0103ire&#8221; <\/p>\n<p>Killa Fonic a c\u00e2ntat al\u0103turi de Irina Rimes \u00een cadrul concertului Pastila, din Club Control. Dup\u0103 mul\u021bi ani \u00een care nu au mai \u00eemp\u0103r\u021bit scena, pe 2 aprilie cei doi arti\u0219ti au l\u0103sat deoparte trecutul \u0219i le-au oferit fanilor momente \u00eenc\u0103rcate de emo\u021bie. Killa Fonic \u0219i Irina Rimes au format unul dintre cele mai iubite cupluri din muzica rom\u00e2neasc\u0103, rela\u021bia lor \u00eencheindu-se \u00een 2017.<\/p>\n<p><img loading=\"lazy\" alt src=\"https:\/\/secure.gravatar.com\/avatar\/fc95fe2baff59157fc4a45c2420b12012132afaad378497b27770f2e04b630ac?s=46&#038;d=blank&#038;r=g\"  height=\"46\" width=\"46\" loading=\"lazy\" decoding=\"async\"\/><\/p>\n<p>Publicat<\/p>\n<p>acum 7 zile<\/p>\n<p>pe<\/p>\n<p>03\/04\/2026<\/p>\n<p><img loading=\"lazy\" width=\"1000\" height=\"667\" src=\"https:\/\/static.infomusic.ro\/media\/2026\/04\/killa-fonic-irina-rimes-1000x667.jpg\" alt=\"Killa Fonic \u0219i Irina Rimes pe scen\u0103, la concertul \"Pastila\"\" decoding=\"async\" loading=\"lazy\"\/><\/p>\n<p> Killa Fonic \u0219i Irina Rimes pe scen\u0103, la concertul &#8220;Pastila&#8221; \u2502 FOTO: Captur\u0103 Story Instagram Irina Rimes <\/p>\n<p>Publicul care a venit pe 2 aprilie \u00een Club Control a asistat la o surpriz\u0103 de propor\u021bii. Primul \u0219i ultimul concert &#8220;Pastila&#8221; i-a adus din nou \u00eempreun\u0103 pe Killa Fonic \u0219i Irina Rimes. Prezen\u021ba lui Killa nu a fost anun\u021bat\u0103, fanilor nevenindu-le s\u0103 cread\u0103 c\u0103 cei doi arti\u0219ti chiar c\u00e2nt\u0103 \u00een duet.<\/p>\n<p>&#8220;B\u0103\u0103, nu cred! Killa Fonic \u0219i Irina Rimes&#8221;, a comentat cineva \u00eentr-un story publicat pe Instagram \u0219i repostat de Irina.<\/p>\n<p>Evenimentul din Control a marcat primul live al pieselor de pe LP-ul &#8220;Pastila&#8221;, pe care Irina \u00eel lansa \u00een pandemie. Melodiile au fost reeditate \u00een iarna lui 2025 cu scopul de a fi c\u00e2ntate \u00een concert. Artista le-a oferit astfel fanilor ocazia de a asculta aceste piese care nu s-au bucurat de foarte mult\u0103 expunere.<\/p>\n<\/p>\n<p>De\u0219i nu e inclus\u0103 pe albumul &#8220;Pastila&#8221;,\u00a0&#8220;Bandana&#8221; a fost \u00een setlist, Killa Fonic \u0219i Irina Rimes interpret\u00e2nd-o \u00een duet. Momentul a fost vizibil emo\u021bionant at\u00e2t pentru Irina \u0219i Killa, c\u00e2t \u0219i pentru cei din public.<\/p>\n<p>Killa Fonic: &#8220;Mul\u021bumesc pentru aceast\u0103 tr\u0103ire ce va r\u0103m\u00e2ne ve\u0219nic \u00een inima mea!&#8221;<\/p>\n<p>Dup\u0103 show, Killa Fonic a postat pe story un mesaj plin de recuno\u0219tin\u021b\u0103, adresat Irinei.<\/p>\n<p>&#8220;Dragostea ne une\u0219te \u0219i ne binecuv\u00e2nteaz\u0103 via\u021ba! Tr\u0103im timpuri \u00een care este mai important ca niciodat\u0103 s\u0103 fim uni\u021bi \u00een pace \u0219i dragoste! Mul\u021bumesc pentru aceast\u0103 tr\u0103ire ce va r\u0103m\u00e2ne ve\u0219nic \u00een inima mea! Irina Rimes, \u00een aceast\u0103 sear\u0103, pe acea scen\u0103 cu tine \u0219i bandul t\u0103u al\u0103turi de acel public istoric \u0219i emo\u021bionant am tr\u0103it o transformare divin\u0103&#8221;, a spus Killa Fonic \u00eentr-un mesaj postat la Story \u0219i repostat de Irina.<\/p>\n<p><img loading=\"lazy\" loading=\"lazy\" decoding=\"async\" src=\"https:\/\/static.infomusic.ro\/media\/2026\/04\/mesaj-killa-fonic-despre-irina-rimes.jpg\" alt=\"Mesajul lui Killa Fonic dup\u0103 duetul cu Irina Rimes\" width=\"438\" height=\"760\"\/><\/p>\n<p>Mesajul lui Killa Fonic dup\u0103 duetul cu Irina Rimes \u2502 FOTO:  Captur\u0103 Story Instagram<\/p>\n<p>Momentan, singurele \u00eenregistr\u0103ri video de la concertul Pastila sunt cele realizate de fani, calitatea film\u0103rii nefiind foarte bun\u0103. Cei curio\u0219i s\u0103-i vad\u0103 \u00eempreun\u0103 pe Killa \u0219i Irina pot intra pe conturile de Instagram ale celor doi arti\u0219ti. Un fragment din <a href=\"https:\/\/www.instagram.com\/p\/DWpFSfTjcXw\/\" target=\"_blank\" rel=\"noopener\">&#8220;Piesa noastr\u0103&#8221; poate fi urm\u0103rit aici<\/a>.<\/p>\n<p>\u00cen urm\u0103 cu dou\u0103 s\u0103pt\u0103m\u00e2ni, Killa Fonic dezmin\u021bea \u0219tirile din tabloide care anun\u021bau c\u0103 ar forma din nou un cuplu cu Irina Rimes. Acesta reamintea c\u0103 acea rela\u021bie s-a \u00eencheiat \u00een 2017 \u0219i c\u0103, de atunci, <em>&#8220;minunata Wonder&#8221;<\/em> i-a fost iubit\u0103. Pute\u021bi citi mesajul complet al lui Killa \u00een <a href=\"https:\/\/www.infomusic.ro\/2026\/03\/killa-fonic-mesaj-tabloide-relatia-cu-irina-incetat-in-2017\/\">articolul nostru de pe InfoMusic<\/a>.<\/p>\n<p> <a href=\"https:\/\/www.infomusic.ro\/stiri\/muzica\/muzica-noua\/\">Muzic\u0103 nou\u0103<\/a>Irina Rimes \u0219i Delia au c\u00e2ntat live piesa &#8220;Petale&#8221; &#8211; VIDEO <\/p>\n<p>Irina Rimes \u0219i Delia au fost invitate la radio pentru a c\u00e2nta live piesa &#8220;Petale&#8221; \u0219i a prezenta povestea din spatele acestei colabor\u0103ri. Cu acest prilej, cele dou\u0103 artiste au putut explica semnifica\u021bia versurilor.<\/p>\n<p><img loading=\"lazy\" alt src=\"https:\/\/secure.gravatar.com\/avatar\/fc95fe2baff59157fc4a45c2420b12012132afaad378497b27770f2e04b630ac?s=46&#038;d=blank&#038;r=g\"  height=\"46\" width=\"46\" loading=\"lazy\" decoding=\"async\"\/><\/p>\n<p>Publicat<\/p>\n<p>acum 2 s\u0103pt\u0103m\u00e2ni<\/p>\n<p>pe<\/p>\n<p>24\/03\/2026<\/p>\n<p><img loading=\"lazy\" width=\"1000\" height=\"667\" src=\"https:\/\/static.infomusic.ro\/media\/2026\/03\/irina-rimes-delia-petale-live-kiss-fm-1000x667.jpg\" alt=\"Irina Rimes \u0219i Delia - \"Petale\" (live la Kiss FM)\" decoding=\"async\" loading=\"lazy\"\/><\/p>\n<p> Irina Rimes \u0219i Delia &#8211; &#8220;Petale&#8221; (live la Kiss FM) \u2502 FOTO: Captur\u0103 YouTube <\/p>\n<p>&#8220;<a href=\"https:\/\/www.infomusic.ro\/videoclip\/irina-rimes-si-delia-petale\/\">Petale<\/a>&#8220;,<\/p>\n<p> <a class=\"echo_read_more\" href=\"https:\/\/www.infomusic.ro\/2026\/04\/program-pe-zile-electric-castle-2026\/\" target=\"_blank\">\u00a0\u00bb\u00a0Cite\u0219te continuarea pe pagina autorului<\/a><\/p>\n","protected":false},"excerpt":{"rendered":"<p>Concerte &#038; turneeKilla Fonic, din nou pe scen\u0103 cu Irina Rimes: &#8220;Mul\u021bumesc pentru aceast\u0103 tr\u0103ire&#8221; Killa Fonic a c\u00e2ntat al\u0103turi de Irina Rimes \u00een cadrul concertului Pastila, din Club Control. Dup\u0103 mul\u021bi ani \u00een care nu au mai \u00eemp\u0103r\u021bit scena, pe 2 aprilie cei doi arti\u0219ti au l\u0103sat deoparte trecutul \u0219i le-au oferit fanilor momente [&hellip;]<\/p>\n","protected":false},"author":1,"featured_media":15085,"comment_status":"open","ping_status":"open","sticky":false,"template":"","format":"standard","meta":{"_crdt_document":"","footnotes":""},"categories":[4],"tags":[],"class_list":["post-15084","post","type-post","status-publish","format-standard","has-post-thumbnail","hentry","category-noutati"],"_links":{"self":[{"href":"https:\/\/news-fm.ro\/index.php\/wp-json\/wp\/v2\/posts\/15084","targetHints":{"allow":["GET"]}}],"collection":[{"href":"https:\/\/news-fm.ro\/index.php\/wp-json\/wp\/v2\/posts"}],"about":[{"href":"https:\/\/news-fm.ro\/index.php\/wp-json\/wp\/v2\/types\/post"}],"author":[{"embeddable":true,"href":"https:\/\/news-fm.ro\/index.php\/wp-json\/wp\/v2\/users\/1"}],"replies":[{"embeddable":true,"href":"https:\/\/news-fm.ro\/index.php\/wp-json\/wp\/v2\/comments?post=15084"}],"version-history":[{"count":0,"href":"https:\/\/news-fm.ro\/index.php\/wp-json\/wp\/v2\/posts\/15084\/revisions"}],"wp:featuredmedia":[{"embeddable":true,"href":"https:\/\/news-fm.ro\/index.php\/wp-json\/wp\/v2\/media\/15085"}],"wp:attachment":[{"href":"https:\/\/news-fm.ro\/index.php\/wp-json\/wp\/v2\/media?parent=15084"}],"wp:term":[{"taxonomy":"category","embeddable":true,"href":"https:\/\/news-fm.ro\/index.php\/wp-json\/wp\/v2\/categories?post=15084"},{"taxonomy":"post_tag","embeddable":true,"href":"https:\/\/news-fm.ro\/index.php\/wp-json\/wp\/v2\/tags?post=15084"}],"curies":[{"name":"wp","href":"https:\/\/api.w.org\/{rel}","templated":true}]}}