{"id":15082,"date":"2026-04-09T20:09:20","date_gmt":"2026-04-09T20:09:20","guid":{"rendered":"https:\/\/news-fm.ro\/index.php\/2026\/04\/09\/behemoth-a-lansat-un-cover-dupa-bathory-the-return-of-darkness-and-evil\/"},"modified":"2026-04-09T20:09:20","modified_gmt":"2026-04-09T20:09:20","slug":"behemoth-a-lansat-un-cover-dupa-bathory-the-return-of-darkness-and-evil","status":"publish","type":"post","link":"https:\/\/news-fm.ro\/index.php\/2026\/04\/09\/behemoth-a-lansat-un-cover-dupa-bathory-the-return-of-darkness-and-evil\/","title":{"rendered":"Behemoth a lansat un cover dupa Bathory, The Return Of Darkness And Evil"},"content":{"rendered":"<p><a href=\"https:\/\/www.infomusic.ro\/stiri\/muzica\/muzica-noua\/\">Muzic\u0103 nou\u0103<\/a> <\/p>\n<p>Behemoth a lansat coverul piesei Bathory \u201eThe Return Of Darkness And Evil\u201d, ales drept imn oficial pentru Mystic Festival 2026. Trupa polonez\u0103 a publicat \u0219i videoclipul oficial al piesei, iar festivalul a confirmat separat anun\u021bul pe site-ul s\u0103u \u00een 8 aprilie 2026. Mystic Festival 2026 va avea loc \u00eentre 3 \u0219i 6 iunie, \u00een \u0219antierul naval din Gda\u0144sk, iar Behemoth este programat\u0103 pe scena principal\u0103 \u00een data de 6 iunie.<\/p>\n<p><img alt src=\"https:\/\/secure.gravatar.com\/avatar\/0083e77ad2f80b82d50b2f6d5a580081c00654a548851f5979e9794ba722f9b8?s=46&#038;d=blank&#038;r=g\"  height=\"46\" width=\"46\" decoding=\"async\"\/><\/p>\n<p>Publicat<\/p>\n<p>acum 3 ore<\/p>\n<p>pe<\/p>\n<p>09\/04\/2026<\/p>\n<p><img fetchpriority=\"high\" width=\"1000\" height=\"667\" src=\"https:\/\/static.infomusic.ro\/media\/2026\/04\/Videoclip-Behemoth-The-Return-of-Darkness-and-Evil-1000x667.jpg\" alt=\"Videoclip Behemoth The Return of Darkness and Evil\" decoding=\"async\" fetchpriority=\"high\"\/><\/p>\n<p> Videoclip Behemoth The Return of Darkness and Evil \u2502 FOTO: Behemoth <a href=\"https:\/\/www.youtube.com\/watch?v=7SWR9wmrZ8Y\" rel=\"nofollow\" target=\"_blank\">www.youtube.com<\/a>\t\t<\/p>\n<p>Solistul Behemoth, Adam \u201eNergal\u201d Darski a explicat c\u0103 leg\u0103tura sa cu acest c\u00e2ntec este una veche \u0219i c\u0103 ideea coverului a venit \u00een contextul propunerii de a semna imnul edi\u021biei din acest an a festivalului. Artistul a spus c\u0103 a acceptat imediat, dar cu o condi\u021bie clar\u0103: piesa s\u0103 nu fie una original\u0103, ci un cover. Potrivit lui, \u201eThe Return Of Darkness And Evil\u201d avea exact elementele c\u0103utate pentru un astfel de rol, de la componenta imnic\u0103 \u0219i groove p\u00e2n\u0103 la refrenul memorabil \u0219i versurile cu care se identific\u0103.<\/p>\n<p>Alegerea nu este \u00eent\u00e2mpl\u0103toare nici prin raportare la traseul forma\u021biei. Mystic Festival noteaz\u0103 c\u0103 Behemoth ajunge astfel s\u0103 \u00ee\u0219i lege numele de cel mai mare festival heavy din Polonia chiar \u00een ora\u0219ul natal, Gda\u0144sk, \u00eentr-un moment care func\u021bioneaz\u0103 \u0219i ca omagiu pentru Bathory. Aceasta este una dintre trupele fundamentale ale genului. Single-ul are \u0219i o component\u0103 de colec\u021bie: va fi lansat \u0219i pe vinil, \u00eentr-o edi\u021bie limitat\u0103 disponibil\u0103 \u00een trei variante de culoare, fix \u00een timpul festivalului.<\/p>\n<p>Lineup-ul confirmat pentru Mystic Festival 2026 include nume ca Megadeth, Anthrax, Black Label Society, Down, Mastodon, Electric Wizard \u0219i Blood Incantation, printre altele, iar site-ul oficial descrie edi\u021bia din acest an drept una desf\u0103\u0219urat\u0103 pe parcursul a patru zile \u0219i cinci scene, cu peste 90 de trupe.<\/p>\n<\/p>\n<p>Piesa \u201eThe Return of Darkness and Evil\u201d apar\u021bine trupei suedeze Bathory \u0219i a fost lansat\u0103 \u00een 1985 pe albumul The Return\u2026\u2026. Este una dintre piesele definitorii pentru ceea ce avea s\u0103 devin\u0103 black metal-ul timpuriu. \u00cen spatele trupei se afla Quorthon (Thomas B\u00f6rje Forsberg), un one-man visionar care a dus sunetul metal \u00eentr-o zon\u0103 mai brutal\u0103, mai murdar\u0103 \u0219i mai atmosferic\u0103 dec\u00e2t orice exista la acea vreme. Dac\u0103 debutul Bathory din 1984 era deja extrem, The Return\u2026\u2026 a dus totul mai departe: produc\u021bie lo-fi inten\u021bionat\u0103, tempo-uri haotice \u0219i o estetic\u0103 \u00eentunecat\u0103, aproape ritualic\u0103.<\/p>\n<p>Noi pe Nergal l-am v\u0103zut la Rockstadt \u00een 2025, cu un proiect al s\u0103u secundar \u015fi acum 2 ani, de data asta cu Behemoth.<\/p>\n<p>R\u0103m\u00e2i al\u0103turi de noi, <a href=\"https:\/\/www.infomusic.ro\/newsletter\/\" rel=\"bookmark\" title=\"Aboneaz\u0103-te la newsletter\">aboneaz\u0103-te la newsletterul cu \u0219tiri \u0219i evenimente!<\/a><\/p>\n<p> \u00ce\u021bi recomand\u0103m aceste videoclipuri <\/p>\n<p><img decoding=\"async\" src=\"https:\/\/static.infomusic.ro\/logo-slogan.svg\" alt=\"INFOMUSIC\" width=\"150\" height=\"150\"\/><\/p>\n<p>&#8230; <a class=\"echo_read_more\" href=\"https:\/\/www.infomusic.ro\/2026\/04\/behemoth-return-darkness-evil\/\" target=\"_blank\">\u00a0\u00bb\u00a0Cite\u0219te continuarea pe pagina autorului<\/a><\/p>\n","protected":false},"excerpt":{"rendered":"<p>Muzic\u0103 nou\u0103 Behemoth a lansat coverul piesei Bathory \u201eThe Return Of Darkness And Evil\u201d, ales drept imn oficial pentru Mystic Festival 2026. Trupa polonez\u0103 a publicat \u0219i videoclipul oficial al piesei, iar festivalul a confirmat separat anun\u021bul pe site-ul s\u0103u \u00een 8 aprilie 2026. Mystic Festival 2026 va avea loc \u00eentre 3 \u0219i 6 iunie, [&hellip;]<\/p>\n","protected":false},"author":1,"featured_media":15083,"comment_status":"open","ping_status":"open","sticky":false,"template":"","format":"standard","meta":{"_crdt_document":"","footnotes":""},"categories":[4],"tags":[],"class_list":["post-15082","post","type-post","status-publish","format-standard","has-post-thumbnail","hentry","category-noutati"],"_links":{"self":[{"href":"https:\/\/news-fm.ro\/index.php\/wp-json\/wp\/v2\/posts\/15082","targetHints":{"allow":["GET"]}}],"collection":[{"href":"https:\/\/news-fm.ro\/index.php\/wp-json\/wp\/v2\/posts"}],"about":[{"href":"https:\/\/news-fm.ro\/index.php\/wp-json\/wp\/v2\/types\/post"}],"author":[{"embeddable":true,"href":"https:\/\/news-fm.ro\/index.php\/wp-json\/wp\/v2\/users\/1"}],"replies":[{"embeddable":true,"href":"https:\/\/news-fm.ro\/index.php\/wp-json\/wp\/v2\/comments?post=15082"}],"version-history":[{"count":0,"href":"https:\/\/news-fm.ro\/index.php\/wp-json\/wp\/v2\/posts\/15082\/revisions"}],"wp:featuredmedia":[{"embeddable":true,"href":"https:\/\/news-fm.ro\/index.php\/wp-json\/wp\/v2\/media\/15083"}],"wp:attachment":[{"href":"https:\/\/news-fm.ro\/index.php\/wp-json\/wp\/v2\/media?parent=15082"}],"wp:term":[{"taxonomy":"category","embeddable":true,"href":"https:\/\/news-fm.ro\/index.php\/wp-json\/wp\/v2\/categories?post=15082"},{"taxonomy":"post_tag","embeddable":true,"href":"https:\/\/news-fm.ro\/index.php\/wp-json\/wp\/v2\/tags?post=15082"}],"curies":[{"name":"wp","href":"https:\/\/api.w.org\/{rel}","templated":true}]}}