{"id":15076,"date":"2026-04-09T04:09:19","date_gmt":"2026-04-09T04:09:19","guid":{"rendered":"https:\/\/news-fm.ro\/index.php\/2026\/04\/09\/stefan-j-doyle-finalist-x-factor-2021-este-invitat-in-concertul-laurei-bretan-de-la-bucuresti\/"},"modified":"2026-04-09T04:09:19","modified_gmt":"2026-04-09T04:09:19","slug":"stefan-j-doyle-finalist-x-factor-2021-este-invitat-in-concertul-laurei-bretan-de-la-bucuresti","status":"publish","type":"post","link":"https:\/\/news-fm.ro\/index.php\/2026\/04\/09\/stefan-j-doyle-finalist-x-factor-2021-este-invitat-in-concertul-laurei-bretan-de-la-bucuresti\/","title":{"rendered":"\u0218tefan J. Doyle, finalist X Factor 2021, este invitat \u00een concertul Laurei Bretan de la Bucure\u0219ti"},"content":{"rendered":"<p>La 10 ani de la momentul care a propulsat-o \u00een aten\u021bia publicului interna\u021bional la America&#8217;s Got Talent \u0219i Rom\u00e2nii au Talent,\u00a0Laura Bretan, artista american\u0103 de origine rom\u00e2n\u0103, marcheaz\u0103 o nou\u0103 etap\u0103 a carierei sale printr-un concert eveniment. Pe\u00a022 aprilie 2026, de la ora 20:00, artista va urca pe scena S\u0103lii Luceaf\u0103rul pentru spectacolul &#8220;Crossover the Ocean&#8221;. Laura Bretan va fi acompaniat\u0103 de Orchestra Filarmonicii Pite\u0219ti, sub bagheta dirijorului Tiberiu-Drago\u0219 Oprea.<\/p>\n<p>De-a lungul carierei sale de p\u00e2n\u0103 acum, Laura Bretan a urcat pe scen\u0103 \u0219i a avut colabor\u0103ri sau apari\u021bii speciale al\u0103turi de arti\u0219ti interna\u021bionali precum Michael Bolton, Il Volo, Jos\u00e9 Carreras, Il Divo, Lara Fabian, Garou, Al Bano, Matteo Bocelli, Steven Tyler, Toto Cutugno \u0219i Ricchi e Poveri, confirm\u00e2nd anvergura unui traseu artistic construit cu talent, disciplin\u0103 \u0219i maturitate scenic\u0103.<\/p>\n<p>\u0218tefan J. Doyle \u0219i Laura Bretan promit un moment muzical aparte<\/p>\n<p>\u0218tefan J. Doyle este unul dintre acei arti\u0219ti pe care publicul \u00eei re\u021bine nu doar pentru voce, ci \u0219i pentru autenticitate. N\u0103scut la Satu Mare, \u00een Rom\u00e2nia, \u0219i adoptat \u00een copil\u0103rie de o familie din Irlanda, artistul \u0219i-a construit identitatea \u00eentre dou\u0103 lumi, iar povestea sa a impresionat profund publicul \u00eenc\u0103 din perioada particip\u0103rii sale la X Factor Rom\u00e2nia 2021. Pe scena show-ului, \u0218tefan \u0219i-a \u00eent\u00e2lnit patru dintre fra\u021bi \u0219i surori, emo\u021bion\u00e2nd o \u021bar\u0103 \u00eentreag\u0103 \u0219i r\u0103m\u00e2n\u00e2nd \u00een memoria colectiv\u0103.<\/p>\n<\/p>\n<p>\u00cen ultimii ani, via\u021ba artistului a fost marcat\u0103 de o \u00eencercare major\u0103. Recent, \u0218tefan J. Doyle a vorbit public despre diagnosticul de scleroz\u0103 multipl\u0103, iar revenirea sa \u00een fa\u021ba publicului cap\u0103t\u0103, \u00een acest context, o semnifica\u021bie cu at\u00e2t mai profund\u0103. Apari\u021bia sa la Bucure\u0219ti este expresia unei voin\u021be extraordinare de a r\u0103m\u00e2ne aproape de scen\u0103, de muzic\u0103 \u0219i de oameni. \u00cen ciuda luptei dificile pe care o duce cu boala, \u0218tefan J. Doyle continu\u0103 s\u0103 se exprime artistic la un nivel remarcabil, at\u00e2t prin voce, c\u00e2t \u0219i la pian, cu sensibilitate, profunzime \u0219i un profesionalism autentic.<\/p>\n<p>\u0218tefan J. Doyle: &#8220;Posibilitatea de a c\u00e2nta \u00eempreun\u0103 cu Laura este un miracol!&#8221;<\/p>\n<p>\u0218tefan s-a declarat \u00eenc\u00e2ntat de invita\u021bia de a urca pe scen\u0103 al\u0103turi de Laura Bretan:<\/p>\n<p>&#8220;Nu ave\u021bi idee c\u00e2t de fericit m-a\u021bi f\u0103cut, dup\u0103 iadul prin care am trecut, posibilitatea de a c\u00e2nta \u00eempreun\u0103 cu Laura este un miracol!&#8221;<\/p>\n<p>Prezen\u021ba lui \u0218tefan J. Doyle la concertul Laurei Bretan adaug\u0103 serii de 22 aprilie o dimensiune uman\u0103 rar\u0103. Nu este doar un invitat obi\u0219nuit \u0219i nici despre o simpl\u0103 apari\u021bie, ci un artist care revine pe scen\u0103 cu vulnerabilitate, demnitate \u0219i curaj. \u00cen doar dou\u0103 piese, publicul va avea ocazia s\u0103 tr\u0103iasc\u0103 un moment care dep\u0103\u0219e\u0219te grani\u021ba unui concert \u0219i devine o \u00eent\u00e2lnire real\u0103 cu emo\u021bia autentic\u0103.<\/p>\n<p>&#8220;Am fost uimit\u0103 de talentul \u0219i puterea de transmisie artistic\u0103 \u0219i uman\u0103 a lui \u0218tefan. Voi \u00eencerca tot ce st\u0103 \u00een puterea mea pent&#8230;<\/p>\n<p> <a class=\"echo_read_more\" href=\"https:\/\/www.infomusic.ro\/2026\/04\/stefan-j-doyle-invitat-concert-laura-bretan-bucuresti-2026\/\" target=\"_blank\">\u00a0\u00bb\u00a0Cite\u0219te continuarea pe pagina autorului<\/a><\/p>\n","protected":false},"excerpt":{"rendered":"<p>La 10 ani de la momentul care a propulsat-o \u00een aten\u021bia publicului interna\u021bional la America&#8217;s Got Talent \u0219i Rom\u00e2nii au Talent,\u00a0Laura Bretan, artista american\u0103 de origine rom\u00e2n\u0103, marcheaz\u0103 o nou\u0103 etap\u0103 a carierei sale printr-un concert eveniment. Pe\u00a022 aprilie 2026, de la ora 20:00, artista va urca pe scena S\u0103lii Luceaf\u0103rul pentru spectacolul &#8220;Crossover the [&hellip;]<\/p>\n","protected":false},"author":1,"featured_media":15077,"comment_status":"open","ping_status":"open","sticky":false,"template":"","format":"standard","meta":{"_crdt_document":"","footnotes":""},"categories":[4],"tags":[],"class_list":["post-15076","post","type-post","status-publish","format-standard","has-post-thumbnail","hentry","category-noutati"],"_links":{"self":[{"href":"https:\/\/news-fm.ro\/index.php\/wp-json\/wp\/v2\/posts\/15076","targetHints":{"allow":["GET"]}}],"collection":[{"href":"https:\/\/news-fm.ro\/index.php\/wp-json\/wp\/v2\/posts"}],"about":[{"href":"https:\/\/news-fm.ro\/index.php\/wp-json\/wp\/v2\/types\/post"}],"author":[{"embeddable":true,"href":"https:\/\/news-fm.ro\/index.php\/wp-json\/wp\/v2\/users\/1"}],"replies":[{"embeddable":true,"href":"https:\/\/news-fm.ro\/index.php\/wp-json\/wp\/v2\/comments?post=15076"}],"version-history":[{"count":0,"href":"https:\/\/news-fm.ro\/index.php\/wp-json\/wp\/v2\/posts\/15076\/revisions"}],"wp:featuredmedia":[{"embeddable":true,"href":"https:\/\/news-fm.ro\/index.php\/wp-json\/wp\/v2\/media\/15077"}],"wp:attachment":[{"href":"https:\/\/news-fm.ro\/index.php\/wp-json\/wp\/v2\/media?parent=15076"}],"wp:term":[{"taxonomy":"category","embeddable":true,"href":"https:\/\/news-fm.ro\/index.php\/wp-json\/wp\/v2\/categories?post=15076"},{"taxonomy":"post_tag","embeddable":true,"href":"https:\/\/news-fm.ro\/index.php\/wp-json\/wp\/v2\/tags?post=15076"}],"curies":[{"name":"wp","href":"https:\/\/api.w.org\/{rel}","templated":true}]}}