{"id":15074,"date":"2026-04-08T20:09:38","date_gmt":"2026-04-08T20:09:38","guid":{"rendered":"https:\/\/news-fm.ro\/index.php\/2026\/04\/08\/ce-programe-speciale-de-paste-au-pregatit-televiziunile-din-romania\/"},"modified":"2026-04-08T20:09:38","modified_gmt":"2026-04-08T20:09:38","slug":"ce-programe-speciale-de-paste-au-pregatit-televiziunile-din-romania","status":"publish","type":"post","link":"https:\/\/news-fm.ro\/index.php\/2026\/04\/08\/ce-programe-speciale-de-paste-au-pregatit-televiziunile-din-romania\/","title":{"rendered":"Ce programe speciale de Pa\u0219te au preg\u0103tit televiziunile din Rom\u00e2nia"},"content":{"rendered":"<p>PRO TV<\/p>\n<p>Vineri, Vorbe\u0219te Lumea a preg\u0103tit momente speciale \u0219i invita\u021bi surpriz\u0103. De la ora 10:30, Lili Sandu, Bogdan Ciudoiu \u0219i \u0218urubel se vor \u00eent\u00e2lni cu p\u0103rintele Vasile Ioan\u0103 \u0219i vor vorbi despre cea mai trist\u0103 zi a cre\u0219tinismului: Vinerea Mare. Irina Loghin va dezv\u0103lui cum ar\u0103ta Pa\u0219tele \u00een familia ei \u0219i cum va s\u0103rb\u0103tori anul acesta. Seara, de la ora 20:30, o nou\u0103 edi\u021bie Rom\u00e2nii au Talent aduce momente incredibile puse \u00een scen\u0103 de cei mai talenta\u021bi rom\u00e2ni, \u00een sezonul 16 #devis. Iar de la miezul nop\u021bii, cei de acas\u0103 vor putea vedea filmul &#8220;Ultima ispit\u0103 a lui Iisus&#8221;.<\/p>\n<p>Ajunul Pa\u0219telui vine cu o serie de filme speciale, printre care anima\u021bia &#8220;\u00cemp\u0103ratul \u00eemp\u0103ra\u021bilor&#8221;, de la ora 11:00, &#8220;Ben-Hur&#8221;, de la ora 20:00, \u0219i &#8220;Iisus din Nazareth&#8221;, de la ora 22:30. Ca \u00een fiecare an, aproape de miezul nop\u021bii, de la ora 23:45, telespectatorii vor putea urm\u0103ri, \u00een direct, la PRO TV, slujba de \u00cenviere. Alex Dima va fi gazda transmisiunii de la M\u0103n\u0103stirea Antim.<\/p>\n<p>Duminic\u0103, \u00een ziua de Pa\u0219te, de la ora 18:00, la &#8220;Rom\u00e2nia, te iubesc!&#8221;, \u00eentr-o edi\u021bie special\u0103, Alex Dima ajunge \u00een Mun\u021bii Neam\u021bului pentru a descoperi oameni care au ales s\u0103 tr\u0103iasc\u0103 departe de lume. Seara se va \u00eencheia cu o serie de filme de excep\u021bie: &#8220;Taken 2: Teroare \u00een Istanbul&#8221; (ora 20:00), &#8220;Samaritan&#8221; (21:45) \u0219i &#8220;Reminiscen\u021ba&#8221; (23:45)<\/p>\n<p>A doua zi de Pa\u0219te vine cu surprize pentru telespectatori. O nou\u0103 edi\u021bie &#8220;Batem palma&#8221;, de la ora 18:00, iar de la 20:30, un nou episod din show-ul &#8220;Desafio: Aventura&#8221;. Seara se \u00eencheie cu filmul &#8220;Jaful perfect 2&#8221;, difuzat de la 23:30.<\/p>\n<p>Antena 1<\/p>\n<p>La &#8220;Super Neatza&#8221;, tradi\u021biile se p\u0103streaz\u0103, iar lumea se distreaz\u0103! Edi\u021biile speciale de Pa\u0219te vin cu ingredientele perfecte \u00een zi de s\u0103rb\u0103toare: provoc\u0103ri care vor \u021bine telespectatorii cu sufletul la gur\u0103, invita\u021bi care aduc energie pozitiv\u0103 \u0219i informa\u021bii pre\u021bioase, momente haioase, dar \u0219i inedite. Matinalii sunt preg\u0103ti\u021bi s\u0103 aduc\u0103 magia dimine\u021bilor perfecte!<\/p>\n<p>\u00cenc\u0103 din Vinerea Mare, de la ora 08:00, R\u0103zvan \u015fi Dani dau startul vacan\u021bei de Pa\u0219te cu informa\u021bii despre destina\u021biile alese de rom\u00e2ni pentru a-\u0219i petrece s\u0103rb\u0103torile \u015fi vedem \u0219i ce g\u0103sim \u00een pie\u021be pentru masa luat\u0103 \u00een familie. Ruxandra Manea, specialist \u00een educa\u021bie, vine cu idei de activit\u0103\u021bi pentru drumurile lungi, petrecute \u00een ma\u0219in\u0103, \u00een timp ce Simona Nicolaescu, psihoterapeut, le ofer\u0103 telespectatorilor sfaturi pentru a se reconecta \u00een aceast\u0103 perioad\u0103, prin gesturi simple. P\u0103rintele Florin Petre vorbe\u0219te despre semnifica\u021bia zilei, de la Biroul de Pres\u0103 al Patriarhiei Rom\u00e2ne. Ga\u0219ca Zurli \u0219i Profesorii Tr\u0103sni\u021bi aduc experimente amuzante \u0219i mult\u0103 joac\u0103 \u00een platoul Super Neatza. De asemenea, Claudiu Trandafir, expert \u00een credite, vine cu informa\u021bii despre cum se poate evita risipa de bani \u00een perioada s\u0103rb\u0103torilor.<\/p>\n<p>\u00cen prima zi de Pa\u0219te, de la ora 09:00, ga\u0219ca de weekend s\u0103rb\u0103tore\u0219te al\u0103turi de invita\u021bi speciali, \u00eentr-o edi\u021bie plin\u0103 de voie bun\u0103 \u0219i energie. Ilona Brezoianu, Radu Buc\u0103lae \u0219i Mane Voicu au ales s\u0103 \u00ee\u0219i petreac\u0103 Pa\u0219tele la Bucure\u0219ti, al\u0103turi de Florin Ristei, Cuza \u0219i Diana Munteanu. La \u00eent\u00e2lnire iau parte, bine\u00een\u021beles, telespectatorii, care se vor bucura de c\u0103ldura pe care o ofer\u0103 orice familie. \u00cen plus, reporterii &#8220;Super Neatza&#8221; vin cu destina\u021biile alese de rom\u00e2nii pentru aceast\u0103 mini-vacan\u021b\u0103 \u0219i \u00eei poart\u0103 pe telespectatori prin V\u00e2lcea \u0219i Poiana Bra\u0219ov, dar \u015fi cu informa\u021bii despre cum sunt f\u0103cute pralinele \u0219i figurinele din ciocolat\u0103. Amna, Jean de la Craiova \u0219i M\u0103lina Avasiloaie sunt invita\u021bii zilei, \u00eentr-o edi\u021bie de s\u0103rb\u0103toare, cu surprize \u0219i atmosfer\u0103 de Pa\u0219te.<\/p>\n<p>\u00cen a doua zi de Pa\u0219te, de la ora 08:00, marea familie &#8220;Super Neatza&#8221; aduce muzic\u0103, distrac\u021bie \u0219i un concurs de g\u0103tit care \u00eei va cuceri pe gurmanzi!<\/p>\n<p> <a class=\"echo_read_more\" href=\"https:\/\/www.infomusic.ro\/2026\/04\/programe-speciale-paste-televiziuni-romania\/\" target=\"_blank\">\u00a0\u00bb\u00a0Cite\u0219te continuarea pe pagina autorului<\/a><\/p>\n","protected":false},"excerpt":{"rendered":"<p>PRO TV Vineri, Vorbe\u0219te Lumea a preg\u0103tit momente speciale \u0219i invita\u021bi surpriz\u0103. De la ora 10:30, Lili Sandu, Bogdan Ciudoiu \u0219i \u0218urubel se vor \u00eent\u00e2lni cu p\u0103rintele Vasile Ioan\u0103 \u0219i vor vorbi despre cea mai trist\u0103 zi a cre\u0219tinismului: Vinerea Mare. Irina Loghin va dezv\u0103lui cum ar\u0103ta Pa\u0219tele \u00een familia ei \u0219i cum va s\u0103rb\u0103tori [&hellip;]<\/p>\n","protected":false},"author":1,"featured_media":15075,"comment_status":"open","ping_status":"open","sticky":false,"template":"","format":"standard","meta":{"_crdt_document":"","footnotes":""},"categories":[4],"tags":[],"class_list":["post-15074","post","type-post","status-publish","format-standard","has-post-thumbnail","hentry","category-noutati"],"_links":{"self":[{"href":"https:\/\/news-fm.ro\/index.php\/wp-json\/wp\/v2\/posts\/15074","targetHints":{"allow":["GET"]}}],"collection":[{"href":"https:\/\/news-fm.ro\/index.php\/wp-json\/wp\/v2\/posts"}],"about":[{"href":"https:\/\/news-fm.ro\/index.php\/wp-json\/wp\/v2\/types\/post"}],"author":[{"embeddable":true,"href":"https:\/\/news-fm.ro\/index.php\/wp-json\/wp\/v2\/users\/1"}],"replies":[{"embeddable":true,"href":"https:\/\/news-fm.ro\/index.php\/wp-json\/wp\/v2\/comments?post=15074"}],"version-history":[{"count":0,"href":"https:\/\/news-fm.ro\/index.php\/wp-json\/wp\/v2\/posts\/15074\/revisions"}],"wp:featuredmedia":[{"embeddable":true,"href":"https:\/\/news-fm.ro\/index.php\/wp-json\/wp\/v2\/media\/15075"}],"wp:attachment":[{"href":"https:\/\/news-fm.ro\/index.php\/wp-json\/wp\/v2\/media?parent=15074"}],"wp:term":[{"taxonomy":"category","embeddable":true,"href":"https:\/\/news-fm.ro\/index.php\/wp-json\/wp\/v2\/categories?post=15074"},{"taxonomy":"post_tag","embeddable":true,"href":"https:\/\/news-fm.ro\/index.php\/wp-json\/wp\/v2\/tags?post=15074"}],"curies":[{"name":"wp","href":"https:\/\/api.w.org\/{rel}","templated":true}]}}