{"id":15070,"date":"2026-04-08T12:09:55","date_gmt":"2026-04-08T12:09:55","guid":{"rendered":"https:\/\/news-fm.ro\/index.php\/2026\/04\/08\/celine-dion-si-a-suplimentat-rezidenta-din-paris-cu-inca-sase-concerte\/"},"modified":"2026-04-08T12:09:55","modified_gmt":"2026-04-08T12:09:55","slug":"celine-dion-si-a-suplimentat-rezidenta-din-paris-cu-inca-sase-concerte","status":"publish","type":"post","link":"https:\/\/news-fm.ro\/index.php\/2026\/04\/08\/celine-dion-si-a-suplimentat-rezidenta-din-paris-cu-inca-sase-concerte\/","title":{"rendered":"Celine Dion \u0219i-a suplimentat reziden\u021ba din Paris cu \u00eenc\u0103 \u0219ase concerte"},"content":{"rendered":"<p> Photoshoot Celine Dion pentru concertele din Paris \u2502 FOTO: Robin Galiegue <a href=\"https:\/\/paris.celinedion.com\/?lang=en\" rel=\"nofollow\" target=\"_blank\">paris.celinedion.com<\/a>\t\t<\/p>\n<p>Artista canadian\u0103 \u00ee\u0219i consolideaz\u0103 revenirea pe scen\u0103 printr-o serie ampl\u0103 de concerte \u00een capitala Fran\u021bei, num\u0103rul total al show-urilor ajung\u00e2nd acum la 16. Anun\u021bul a fost f\u0103cut de echipa sa pe re\u021belele sociale, amplific\u00e2nd entuziasmul fanilor care a\u0219teapt\u0103 de ani buni \u00eentoarcerea artistei \u00een lumina reflectoarelor.<\/p>\n<p>Revenirea marcheaz\u0103 un moment important \u00een cariera lui Celine Dion, dup\u0103 apari\u021bia sa emo\u021bionant\u0103 de la ceremonia de deschidere a Jocurile Olimpice de la Paris 2024, unde a c\u00e2ntat l\u00e2ng\u0103 Turnul Eiffel, \u00eentr-un moment considerat de mul\u021bi drept simbolic pentru reluarea activit\u0103\u021bii sale artistice.<\/p>\n<p><a href=\"https:\/\/www.infomusic.ro\/2026\/03\/celine-dion-confirma-concertele-din-paris\/\" target=\"_blank\" rel=\"noopener\">Confirmarea oficial\u0103<\/a> a reziden\u021bei a venit \u00een cadrul unui eveniment special organizat pe 30 martie la Cafe de l&#8217;Homme, chiar cu vedere c\u0103tre celebrul monument. De\u0219i artista nu a fost prezent\u0103 fizic, aceasta a transmis un mesaj video plin de emo\u021bie:<\/p>\n<p>&#8220;\u00cen ultimii ani, \u00een fiecare zi am sim\u021bit sprijinul vostru, bun\u0103tatea \u0219i dragostea voastr\u0103. M-a\u021bi ajutat \u00een moduri pe care nici nu le pot descrie. Anul acesta primesc cel mai frumos cadou: \u0219ansa de a v\u0103 revedea \u0219i de a c\u00e2nta din nou pentru voi la Paris&#8221;, a transmis artista.<\/p>\n<p>De\u0219i detaliile complete despre show-uri nu au fost \u00eenc\u0103 dezv\u0103luite, organizatorii promit un spectacol care va include cele mai iubite hituri ale artistei, at\u00e2t \u00een limba francez\u0103, c\u00e2t \u0219i \u00een englez\u0103 &#8211; un omagiu adus unei cariere care a marcat genera\u021bii \u00eentregi. Seria de concerte este produs\u0103 de Concerts West, AEG Presents \u0219i Inter Concerts, nume importante din industria global\u0103 de entertainment.<\/p>\n<p>Program concerte Celine Dion la Paris \u00een 2026<\/p>\n<ul>\n<li>12 septembrie &#8211; Paris, Arena La D\u00e9fense<\/li>\n<li>16 septembrie &#8211; Paris, Arena La D\u00e9fense<\/li>\n<li>19 septembrie &#8211; Paris, Arena La D\u00e9fense<\/li>\n<li>18 septembrie &#8211; Paris, Arena La D\u00e9fense<\/li>\n<li>23 septembrie &#8211; Paris, Arena La D\u00e9fense<\/li>\n<li>25 septembrie &#8211; Paris, Arena La D\u00e9fense<\/li>\n<li>26 septembrie &#8211; Paris, Arena La D\u00e9fense<\/li>\n<li>30 septembrie &#8211; Paris, Arena La D\u00e9fense<\/li>\n<li>2 octombrie &#8211; Paris, Arena La D\u00e9fense<\/li>\n<li>3 octombrie &#8211; Paris, Arena La D\u00e9fense<\/li>\n<li>7 octombrie &#8211; Paris, Arena La D\u00e9fense<\/li>\n<li>9 octombrie &#8211; Paris, Arena La D\u00e9fense<\/li>\n<li>10 octombrie &#8211; Paris, Arena La D\u00e9fense<\/li>\n<li>14 octombrie &#8211; Paris, Arena La D\u00e9fense<\/li>\n<li>16 octombrie &#8211; Paris, Arena La D\u00e9fense<\/li>\n<li>17 octombrie &#8211; Paris, Arena La D\u00e9fense<\/li>\n<\/ul>\n<p>R\u0103m\u00e2i al\u0103turi de noi, <a href=\"https:\/\/www.infomusic.ro\/newsletter\/\" rel=\"bookmark\" title=\"Aboneaz\u0103-te la newsletter\">aboneaz\u0103-te la newsletterul cu \u0219tiri \u0219i evenimente!<\/a><\/p>\n<p> \u00ce\u021bi recomand\u0103m aceste videoclipuri <\/p>\n<p><img decoding=\"async\" src=\"https:\/\/static.infomusic.ro\/logo-slogan.svg\" alt=\"INFOMUSIC\" width=\"150\" height=\"150\"\/><\/p>\n<p> <a href=\"https:\/\/www.infomusic.ro\/stiri\/muzica\/concerte-turnee\/\">Concerte &#038; turnee<\/a>Celine Dion a confirmat c\u0103 va concerta \u00een Paris anul acesta: &#8220;M\u0103 simt bine. Sunt puternic\u0103&#8221; <\/p>\n<p>Dup\u0103 mai multe specula\u021bii \u00een presa interna\u021bional\u0103, Celine Dion a anun\u021bat oficial c\u0103 \u00ee\u0219i pl\u0103nuie\u0219te revenirea pe scen\u0103 cu o serie de show-uri live la Arena La D\u00e9fense din Paris. \u00centregul mesaj al artistei este disponibil \u00een articol.<\/p>\n<p><img loading=\"lazy\" alt src=\"https:\/\/secure.gravatar.com\/avatar\/a088e08883d33ed9770d266ee8cf1b04789e2ef9e93eeeb1a3535dce2090b113?s=46&#038;d=blank&#038;r=g\"  height=\"46\" width=\"46\" loading=\"lazy\" decoding=\"async\"\/><\/p>\n<p>Publicat<\/p>\n<p>acum o s\u0103pt\u0103m\u00e2n\u0103<\/p>\n<p>pe<\/p>\n<p>31\/03\/2026<\/p>\n<p><img loading=\"lazy\" width=\"1000\" height=\"667\" src=\"https:\/\/static.infomusic.ro\/media\/2026\/03\/celine-dion-concerte-paris-2026-1000x667.jpg\" alt=\"Photoshoot Celine Dion pentru concertele din Paris\" decoding=\"async\" loading=\"lazy\"\/><\/p>\n<p> Photoshoot Celine Dion pentru concertele din Paris \u2502 FOTO: Robin Galiegue <a href=\"https:\/\/paris.celinedion.com\/?lang=en\" rel=\"nofollow\" target=\"_blank\">paris.celinedion.com<\/a> <\/p>\n<p>Pe 30 martie, chiar \u00een ziua \u00een care a \u00eemplinit 58 de ani, Celine Dion \u0219i-a surprins pl\u0103cut fanii cu un <a href=\"https:\/\/www.instagram.com\/p\/DWhPwHEkZce\/\" target=\"_blank\" rel=\"noopener\">mesaj video emo\u021bionant<\/a>, \u00een care a confirmat revenirea pe scen\u0103, asta dup\u0103 ce, \u00een urm\u0103 cu c\u00e2teva zile, au ie\u0219it suprafa\u021b\u0103 <a href=\"https:\/\/www.infomusic.ro\/2026\/03\/celine-dion-revine-pe-scena\/\" target=\"_blank\" rel=\"noopener\">zvonuri<\/a> care d\u0103deau de \u00een\u021beles c\u0103 artista ar urma s\u0103 sus\u021bin\u0103 c\u00e2teva concerte \u00een Paris \u00een perioada septembrie-octombrie.<\/p>\n<p> <a class=\"echo_read_more\" href=\"https:\/\/www.infomusic.ro\/2026\/04\/celine-dion-suplimentare-concerte-paris-2026\/\" target=\"_blank\">\u00a0\u00bb\u00a0Cite\u0219te continuarea pe pagina autorului<\/a><\/p>\n","protected":false},"excerpt":{"rendered":"<p>Photoshoot Celine Dion pentru concertele din Paris \u2502 FOTO: Robin Galiegue paris.celinedion.com Artista canadian\u0103 \u00ee\u0219i consolideaz\u0103 revenirea pe scen\u0103 printr-o serie ampl\u0103 de concerte \u00een capitala Fran\u021bei, num\u0103rul total al show-urilor ajung\u00e2nd acum la 16. Anun\u021bul a fost f\u0103cut de echipa sa pe re\u021belele sociale, amplific\u00e2nd entuziasmul fanilor care a\u0219teapt\u0103 de ani buni \u00eentoarcerea artistei [&hellip;]<\/p>\n","protected":false},"author":1,"featured_media":15071,"comment_status":"open","ping_status":"open","sticky":false,"template":"","format":"standard","meta":{"_crdt_document":"","footnotes":""},"categories":[4],"tags":[],"class_list":["post-15070","post","type-post","status-publish","format-standard","has-post-thumbnail","hentry","category-noutati"],"_links":{"self":[{"href":"https:\/\/news-fm.ro\/index.php\/wp-json\/wp\/v2\/posts\/15070","targetHints":{"allow":["GET"]}}],"collection":[{"href":"https:\/\/news-fm.ro\/index.php\/wp-json\/wp\/v2\/posts"}],"about":[{"href":"https:\/\/news-fm.ro\/index.php\/wp-json\/wp\/v2\/types\/post"}],"author":[{"embeddable":true,"href":"https:\/\/news-fm.ro\/index.php\/wp-json\/wp\/v2\/users\/1"}],"replies":[{"embeddable":true,"href":"https:\/\/news-fm.ro\/index.php\/wp-json\/wp\/v2\/comments?post=15070"}],"version-history":[{"count":0,"href":"https:\/\/news-fm.ro\/index.php\/wp-json\/wp\/v2\/posts\/15070\/revisions"}],"wp:featuredmedia":[{"embeddable":true,"href":"https:\/\/news-fm.ro\/index.php\/wp-json\/wp\/v2\/media\/15071"}],"wp:attachment":[{"href":"https:\/\/news-fm.ro\/index.php\/wp-json\/wp\/v2\/media?parent=15070"}],"wp:term":[{"taxonomy":"category","embeddable":true,"href":"https:\/\/news-fm.ro\/index.php\/wp-json\/wp\/v2\/categories?post=15070"},{"taxonomy":"post_tag","embeddable":true,"href":"https:\/\/news-fm.ro\/index.php\/wp-json\/wp\/v2\/tags?post=15070"}],"curies":[{"name":"wp","href":"https:\/\/api.w.org\/{rel}","templated":true}]}}