{"id":1507,"date":"2019-05-31T11:32:47","date_gmt":"2019-05-31T11:32:47","guid":{"rendered":"http:\/\/news-fm.ro\/?p=1507"},"modified":"2019-05-31T11:32:49","modified_gmt":"2019-05-31T11:32:49","slug":"urmareste-3-videoclipuri-noi-ale-innei-dintre-care-unul-lansat-in-exclusivitate-pe-billboard-video","status":"publish","type":"post","link":"https:\/\/news-fm.ro\/index.php\/2019\/05\/31\/urmareste-3-videoclipuri-noi-ale-innei-dintre-care-unul-lansat-in-exclusivitate-pe-billboard-video\/","title":{"rendered":"Urm\u0103re\u0219te 3 videoclipuri noi ale Innei, dintre care unul lansat \u00een exclusivitate pe Billboard &#8211; VIDEO"},"content":{"rendered":"\n<p class=\"wp-block-paragraph\"><strong>Inna continu\u0103 promovarea albumului &#8220;YO&#8221; lans\u00e2nd trei videoclipuri noi: &#8220;Te Vas&#8221;, &#8220;Fuego&#8221; \u0219i &#8220;Gitana&#8221;. Clipul piesei &#8220;Te Vas&#8221;, \u00een care o vedem pe artist\u0103 realiz\u00e2nd o coregrafie impresionant\u0103, a fost lansat \u00een exclusivitate cu reputata publica\u021bie american\u0103 Billboard.<\/strong><\/p>\n\n\n\n<figure class=\"wp-block-image\"><img decoding=\"async\" src=\"https:\/\/static.infomusic.ro\/media\/2019\/05\/inna-te-vas-gitana-fuego-800x533.jpg\" alt=\"Inna \u00een videoclipurile \u201dGitana\u201d, \u201dte Vas\u201d \u0219i \u201dFuego\u201d\" class=\"wp-image-124546\"\/><\/figure>\n\n\n\n<p class=\"wp-block-paragraph\"><strong>INNA<\/strong>&nbsp;lanseaz\u0103 ast\u0103zi (31 mai) albumul &#8220;<strong>YO<\/strong>&#8220;, un material sincer, intens, scris din suflet, cu mult\u0103 iubire \u0219i sinceritate. Cele 11 melodii de pe noul LP sunt compuse chiar de artist\u0103, produc\u021bia fiind semnat\u0103 de David Ciente, cu care INNA a mai colaborat pentru piesele &#8220;<a href=\"https:\/\/www.infomusic.ro\/videoclip\/inna-ruleta-feat-erik\/\">Ruleta<\/a>&#8220;, &#8220;<a href=\"https:\/\/www.infomusic.ro\/videoclip\/inna-gimme-gimme\/\">Gimme Gimme<\/a>&#8221; \u0219i &#8220;<a href=\"https:\/\/www.infomusic.ro\/videoclip\/inna-nirvana\/\">Nirvana<\/a>&#8220;.<\/p>\n\n\n\n<p class=\"wp-block-paragraph\">Lansarea discului &#8220;<strong>YO<\/strong>&#8221; este \u00eent\u00e2mpinat\u0103 de trei videoclipuri noi, realizate pentru piesele &#8220;<strong>Te Vas<\/strong>&#8220;, &#8220;<strong>Fuego<\/strong>&#8221; \u0219i &#8220;<strong>Gitana<\/strong>&#8220;. Ca \u0219i celelalte clipuri dezv\u0103luite de pe acest material, \u0219i noile video-uri au fost filmate \u0219i regizate de Alexandru Mure\u0219an \u0219i Bogdan P\u0103un de la NGM Creative.<\/p>\n\n\n\n<p class=\"wp-block-paragraph\">\u00cen videoclipul &#8220;<strong>Te Vas<\/strong>&#8220;, ce a fost lansat pe 30 mai \u00een exclusivitate pe&nbsp;<a href=\"https:\/\/www.billboard.com\/articles\/columns\/latin\/8513727\/inna-te-vas-video\" target=\"_blank\" rel=\"noreferrer noopener\">Billboard<\/a>,&nbsp;<strong>INNA<\/strong>\u0219i-a dorit s\u0103 danseze, astfel rezult\u00e2nd ni\u0219te imagini puternice, care sus\u021bin melodia \u0219i mesajul piesei prin mi\u0219c\u0103ri de dans contemporan. Coregrafia este realizat\u0103 \u00eempreun\u0103 cu Drago\u0219 Istvan, dansator \u0219i coregraf.<\/p>\n\n\n\n<blockquote class=\"wp-block-quote is-layout-flow wp-block-quote-is-layout-flow\"><p>&#8220;Este una dintre piesele mele de suflet (de\u0219i \u00eemi plac toate de pe acest album), o poveste pasional\u0103 de dragoste. Mi-am dorit ca videoclipul s\u0103 fie diferit fa\u021b\u0103 de altele de pe albumul &#8220;YO&#8221;. Sunt foarte bucuroas\u0103 de cum a ie\u0219it \u0219i le mul\u021bumesc celor de la NGM Creative, dar \u0219i lui Istvan&#8221;, a spus&nbsp;<strong>INNA<\/strong>.<\/p><\/blockquote>\n\n\n\n<h2 class=\"wp-block-heading\">VIDEOCLIP: INNA &#8211; &#8220;Te Vas&#8221;<\/h2>\n\n\n\n<figure><iframe width=\"800\" height=\"450\" src=\"https:\/\/www.youtube.com\/embed\/MpuZzJTt3LA?version=3&amp;rel=1&amp;fs=1&amp;autohide=2&amp;showsearch=0&amp;showinfo=1&amp;iv_load_policy=1&amp;wmode=transparent\" allowfullscreen=\"true\"><\/iframe><\/figure>\n\n\n\n<p class=\"wp-block-paragraph\">\u00cen videoclipul &#8220;<strong>Fuego<\/strong>&#8220;, INNA poart\u0103 o rochie superb\u0103 de la Dolce &amp; Gabbana, de inspira\u021bie latin\u0103, iar \u00een videoclipul &#8220;<strong>Gitana<\/strong>&#8220;, are o \u021binut\u0103 gipsy full Gucci.<\/p>\n\n\n\n<figure class=\"wp-block-image\"><img decoding=\"async\" src=\"https:\/\/core1.adunity.com\/x0?spgid=0&amp;__x1ts=&amp;uhad=[uhad]&amp;xcrid=746160&amp;pub=707120304599483&amp;site=707120304599483.ron_thinkdigital&amp;pagecat=707120304599483.\/0\/&amp;zone=707120304599483.TrackZone&amp;snocache=RANDOM_HERE\" alt=\"\"\/><\/figure>\n\n\n\n<h2 class=\"wp-block-heading\">VIDEOCLIP: INNA &#8211; &#8220;Gitana&#8221;<\/h2>\n\n\n\n<figure><iframe width=\"800\" height=\"450\" src=\"https:\/\/www.youtube.com\/embed\/0elY757vf1w?version=3&amp;rel=1&amp;fs=1&amp;autohide=2&amp;showsearch=0&amp;showinfo=1&amp;iv_load_policy=1&amp;wmode=transparent\" allowfullscreen=\"true\"><\/iframe><\/figure>\n\n\n\n<h2 class=\"wp-block-heading\">VIDEOCLIP: INNA &#8211; &#8220;Fuego&#8221;<\/h2>\n\n\n\n<figure><iframe width=\"800\" height=\"450\" src=\"https:\/\/www.youtube.com\/embed\/uxJaOpmAJvw?version=3&amp;rel=1&amp;fs=1&amp;autohide=2&amp;showsearch=0&amp;showinfo=1&amp;iv_load_policy=1&amp;wmode=transparent\" allowfullscreen=\"true\"><\/iframe><\/figure>\n\n\n\n<p class=\"wp-block-paragraph\">Albumul &#8220;<strong>YO<\/strong>&#8221; este \u00een limba spaniol\u0103 \u0219i este lansat cu ROC Nation, labelul lui Jay-Z, care reprezint\u0103 arti\u0219ti de top precum Rihanna, Shakira, Mariah Carey, Damien Marley, Miguel, Willow Smith.<\/p>\n\n\n\n<p class=\"wp-block-paragraph\">&#8220;YO&#8221;\u00a0include 11 piese, fiecare spun\u00e2nd povestea unui alt personaj \u0219i a unei alte st\u0103ri, pe care<strong>\u00a0INNA<\/strong>\u00a0simte c\u0103 le-a tr\u0103it \u00een alt\u0103 via\u021b\u0103. Piesele se numesc &#8220;RA&#8221;, &#8220;Contigo&#8221;, &#8220;Iguana&#8221;, &#8220;Si, Mama&#8221;, &#8220;Sin Ti&#8221;, &#8220;Locura&#8221;, &#8220;Fuego&#8221;, &#8220;Tu Manera&#8221;, &#8220;La Vida&#8221;, &#8220;Gitana&#8221;, &#8220;Te Vas&#8221;. Pentru fiecare dintre ele, artista a filmat c\u00e2te un videoclip cu NGM Creative (Bogdan P\u0103un \u2013 regizor \u0219i Alex Mure\u0219an \u2013 DoP), produc\u021bie video Loops Production.<\/p>\n\n\n\n<p class=\"wp-block-paragraph\">Sursa: infomusic.ro<\/p>\n","protected":false},"excerpt":{"rendered":"<p>Inna continu\u0103 promovarea albumului &#8220;YO&#8221; lans\u00e2nd trei videoclipuri noi: &#8220;Te Vas&#8221;, &#8220;Fuego&#8221; \u0219i &#8220;Gitana&#8221;. Clipul piesei &#8220;Te Vas&#8221;, \u00een care o vedem pe artist\u0103 realiz\u00e2nd o coregrafie impresionant\u0103, a fost lansat \u00een exclusivitate cu reputata publica\u021bie american\u0103 Billboard. INNA&nbsp;lanseaz\u0103 ast\u0103zi (31 mai) albumul &#8220;YO&#8220;, un material sincer, intens, scris din suflet, cu mult\u0103 iubire \u0219i [&hellip;]<\/p>\n","protected":false},"author":1,"featured_media":0,"comment_status":"open","ping_status":"open","sticky":false,"template":"","format":"standard","meta":{"_crdt_document":"","footnotes":""},"categories":[1],"tags":[],"class_list":["post-1507","post","type-post","status-publish","format-standard","hentry","category-diverse"],"_links":{"self":[{"href":"https:\/\/news-fm.ro\/index.php\/wp-json\/wp\/v2\/posts\/1507","targetHints":{"allow":["GET"]}}],"collection":[{"href":"https:\/\/news-fm.ro\/index.php\/wp-json\/wp\/v2\/posts"}],"about":[{"href":"https:\/\/news-fm.ro\/index.php\/wp-json\/wp\/v2\/types\/post"}],"author":[{"embeddable":true,"href":"https:\/\/news-fm.ro\/index.php\/wp-json\/wp\/v2\/users\/1"}],"replies":[{"embeddable":true,"href":"https:\/\/news-fm.ro\/index.php\/wp-json\/wp\/v2\/comments?post=1507"}],"version-history":[{"count":0,"href":"https:\/\/news-fm.ro\/index.php\/wp-json\/wp\/v2\/posts\/1507\/revisions"}],"wp:attachment":[{"href":"https:\/\/news-fm.ro\/index.php\/wp-json\/wp\/v2\/media?parent=1507"}],"wp:term":[{"taxonomy":"category","embeddable":true,"href":"https:\/\/news-fm.ro\/index.php\/wp-json\/wp\/v2\/categories?post=1507"},{"taxonomy":"post_tag","embeddable":true,"href":"https:\/\/news-fm.ro\/index.php\/wp-json\/wp\/v2\/tags?post=1507"}],"curies":[{"name":"wp","href":"https:\/\/api.w.org\/{rel}","templated":true}]}}