{"id":1501,"date":"2019-05-30T12:47:06","date_gmt":"2019-05-30T12:47:06","guid":{"rendered":"http:\/\/news-fm.ro\/?p=1501"},"modified":"2019-05-30T12:47:09","modified_gmt":"2019-05-30T12:47:09","slug":"videoclip-oficial-liviu-teodorescu-asculta","status":"publish","type":"post","link":"https:\/\/news-fm.ro\/index.php\/2019\/05\/30\/videoclip-oficial-liviu-teodorescu-asculta\/","title":{"rendered":"Videoclip oficial: Liviu Teodorescu &#8211; Ascult\u0103"},"content":{"rendered":"\n<p class=\"wp-block-paragraph\"><strong>Liviu Teodorescu este \u201dprins \u00eentre dou\u0103 femei\u201d \u00een videoclipul noului single \u201cAscult\u0103\u201d. Clipul a fost regizat de Criss Blaziny \u0219i filmat la Gura Porti\u021bei, \u00eentre Marea Neagr\u0103 \u0219i limanul Golovi\u021ba din Delta Dun\u0103rii.<\/strong><\/p>\n\n\n\n<figure><iframe width=\"805\" height=\"453\" src=\"https:\/\/www.youtube.com\/embed\/VJZ2Azfyc2c?version=3&amp;rel=1&amp;fs=1&amp;autohide=2&amp;showsearch=0&amp;showinfo=1&amp;iv_load_policy=1&amp;wmode=transparent\" allowfullscreen=\"true\"><\/iframe><\/figure>\n\n\n\n<p class=\"wp-block-paragraph\">Noul single &#8220;<strong>Ascult\u0103<\/strong>&#8221; este compus de&nbsp;<strong>Liviu Teodorescu<\/strong>&nbsp;\u0219i vorbe\u0219te \u00een versuri despre importan\u021ba iert\u0103rii.<\/p>\n\n\n\n<blockquote class=\"wp-block-quote is-layout-flow wp-block-quote-is-layout-flow\"><p>&#8220;S\u0103 ascul\u021bi scuzele cuiva care te-a f\u0103cut s\u0103 suferi e cel mai greu. S\u0103-l ier\u021bi e \u0219i mai greu. \u00cen piesa asta o fac s\u0103 sufere \u0219i \u00eencerc din r\u0103sputeri s\u0103 m\u0103 revansez, aduc\u00e2ndu-i o remorc\u0103 \u00eentreag\u0103 de flori. Dac\u0103 v\u0103 \u00eentreba\u021bi c\u00e2t de real\u0103 e povestea, ei bine, to\u021bi am trecut prin asta m\u0103car o dat\u0103. Eu am trecut sigur&#8221;, a declarat&nbsp;<strong>Liviu Teodorescu<\/strong>.<\/p><\/blockquote>\n\n\n\n<p class=\"wp-block-paragraph\">Videoclipul regizat de Criss Blaziny a fost filmat la Gura Porti\u021bei, \u00eentre Marea Neagr\u0103 \u0219i limanul Golovi\u021ba din Delta Dun\u0103rii. Plin de culoare, acesta \u00eel pune pe Liviu Teodorescu \u00eentre dou\u0103 femei.<\/p>\n\n\n\n<p class=\"wp-block-paragraph\"><strong>Liviu Teodorescu&nbsp;<\/strong>a cochetat \u00eenc\u0103 de mic cu teatrul, muzica, festivalurile \u0219i competi\u021biile muzicale, cele mai notabile performan\u021be publice, \u00een ultimii ani, fiind apari\u021biile sale \u00een serialul &#8220;Pariu cu via\u021ba&#8221; (Pro TV) \u0219i show-ul &nbsp;TV&nbsp;<strong>Vocea Rom\u00e2niei<\/strong>.<\/p>\n\n\n\n<figure class=\"wp-block-image\"><img decoding=\"async\" src=\"https:\/\/core1.adunity.com\/x0?spgid=0&amp;__x1ts=&amp;uhad=[uhad]&amp;xcrid=746160&amp;pub=707120304599483&amp;site=707120304599483.ron_thinkdigital&amp;pagecat=707120304599483.\/0\/&amp;zone=707120304599483.TrackZone&amp;snocache=RANDOM_HERE\" alt=\"\"\/><\/figure>\n\n\n\n<p class=\"wp-block-paragraph\">Dup\u0103 prima lui pies\u0103 din cariera solo, &#8220;<strong>Electronic Symphony<\/strong>&#8220;, au urmat &#8220;E\u0219ti Piesa&#8221;, &#8220;A\u0219a e dragostea&#8221; (cu Andra), &#8220;Tot ce mi-a r\u0103mas&#8221; (cu Robert Toma \u0219i Adda), &#8220;Un loc \u00een via\u021ba ta&#8221;, &#8220;\u00cen bra\u021bele tale&#8221;, &#8220;T\u00e2rziu&#8221; sau &#8220;\u00cen bra\u021bele tale&#8221;, artistul contribuind substan\u021bial at\u00e2t la text \u0219i la compozi\u021bia liniilor melodice, c\u00e2t \u0219i la produc\u021bia final\u0103.<\/p>\n\n\n\n<figure class=\"wp-block-image\"><img decoding=\"async\" src=\"https:\/\/news-fm.ro\/wp-content\/uploads\/2019\/04\/liviu-teodorescu-parasit-de-iubita-chiar-de-ziua-indragostitilor-508172.jpg\" alt=\"\" class=\"wp-image-1279\"\/><\/figure>\n\n\n\n<p class=\"wp-block-paragraph\"><strong>Liviu Teodorescu<\/strong>\u00a0este primul artist din Rom\u00e2nia care a colaborat pentru videoclipurile sale cu vloggeri \u0219i bloggeri. Pentru piesa \u201eCine m-a pus\u201d, acesta a apelat la S\u00e2nziana Negru, pentru single-ul \u201eObsesie\u201d la Cristina Ich, iar pentru videoclipul piesei \u201eA\u0219a e ea #Dulce\u201d la Marisa Paloma. Mai mult dec\u00e2t at\u00e2t, acesta a f\u0103cut un featuring pentru piesa \u201eFanele\u201d cu vlogger-ul Laura Giurcanu, pies\u0103 care are peste 46 de milioane de vizualiz\u0103ri, fiind \u00een top 5 al celor mai urm\u0103rite clipuri ale anului 2017.<\/p>\n\n\n\n<p class=\"wp-block-paragraph\">Sursa: infomusic.ro<\/p>\n","protected":false},"excerpt":{"rendered":"<p>Liviu Teodorescu este \u201dprins \u00eentre dou\u0103 femei\u201d \u00een videoclipul noului single \u201cAscult\u0103\u201d. Clipul a fost regizat de Criss Blaziny \u0219i filmat la Gura Porti\u021bei, \u00eentre Marea Neagr\u0103 \u0219i limanul Golovi\u021ba din Delta Dun\u0103rii. Noul single &#8220;Ascult\u0103&#8221; este compus de&nbsp;Liviu Teodorescu&nbsp;\u0219i vorbe\u0219te \u00een versuri despre importan\u021ba iert\u0103rii. &#8220;S\u0103 ascul\u021bi scuzele cuiva care te-a f\u0103cut s\u0103 suferi [&hellip;]<\/p>\n","protected":false},"author":1,"featured_media":0,"comment_status":"open","ping_status":"open","sticky":false,"template":"","format":"standard","meta":{"_crdt_document":"","footnotes":""},"categories":[1],"tags":[],"class_list":["post-1501","post","type-post","status-publish","format-standard","hentry","category-diverse"],"_links":{"self":[{"href":"https:\/\/news-fm.ro\/index.php\/wp-json\/wp\/v2\/posts\/1501","targetHints":{"allow":["GET"]}}],"collection":[{"href":"https:\/\/news-fm.ro\/index.php\/wp-json\/wp\/v2\/posts"}],"about":[{"href":"https:\/\/news-fm.ro\/index.php\/wp-json\/wp\/v2\/types\/post"}],"author":[{"embeddable":true,"href":"https:\/\/news-fm.ro\/index.php\/wp-json\/wp\/v2\/users\/1"}],"replies":[{"embeddable":true,"href":"https:\/\/news-fm.ro\/index.php\/wp-json\/wp\/v2\/comments?post=1501"}],"version-history":[{"count":0,"href":"https:\/\/news-fm.ro\/index.php\/wp-json\/wp\/v2\/posts\/1501\/revisions"}],"wp:attachment":[{"href":"https:\/\/news-fm.ro\/index.php\/wp-json\/wp\/v2\/media?parent=1501"}],"wp:term":[{"taxonomy":"category","embeddable":true,"href":"https:\/\/news-fm.ro\/index.php\/wp-json\/wp\/v2\/categories?post=1501"},{"taxonomy":"post_tag","embeddable":true,"href":"https:\/\/news-fm.ro\/index.php\/wp-json\/wp\/v2\/tags?post=1501"}],"curies":[{"name":"wp","href":"https:\/\/api.w.org\/{rel}","templated":true}]}}