{"id":1473,"date":"2019-05-15T11:03:17","date_gmt":"2019-05-15T11:03:17","guid":{"rendered":"http:\/\/news-fm.ro\/?p=1473"},"modified":"2019-05-15T11:03:19","modified_gmt":"2019-05-15T11:03:19","slug":"videoclip-oficial-taxi-feat-irina-rimes-supradoza-de-dor","status":"publish","type":"post","link":"https:\/\/news-fm.ro\/index.php\/2019\/05\/15\/videoclip-oficial-taxi-feat-irina-rimes-supradoza-de-dor\/","title":{"rendered":"Videoclip oficial: Taxi feat. Irina Rimes &#8211; Supradoz\u0103 de dor"},"content":{"rendered":"\n<p class=\"wp-block-paragraph\"><strong>Taxi lanseaz\u0103 \u00een colaborare cu Irina Rimes o pies\u0103 cu sensibil\u0103, cu rezonan\u021be pariziene. Diagnostigul a fost pus, avem de-a face cu o &#8220;Supradoz\u0103 de dor&#8221;.<\/strong><\/p>\n\n\n\n<figure><iframe width=\"800\" height=\"450\" src=\"https:\/\/www.youtube.com\/embed\/P80ct9Bycjg?version=3&amp;rel=1&amp;fs=1&amp;autohide=2&amp;showsearch=0&amp;showinfo=1&amp;iv_load_policy=1&amp;wmode=transparent\" allowfullscreen=\"true\"><\/iframe><\/figure>\n\n\n\n<p class=\"wp-block-paragraph\">De la &#8220;<strong>Supradoz\u0103 de dor<\/strong>&#8221; nu se moare, din p\u0103cate. A\u0219a ne spun\u00a0<strong>Taxi<\/strong>\u00a0\u0219i<strong>\u00a0Irina Rimes<\/strong>\u00a0\u00een versurile unei piese ce te r\u0103scole\u0219te de la prima not\u0103, p\u00e2n\u0103 la final.\u00a0<em>&#8220;N-a\u0219 suporta s\u0103 v\u0103d iubirea preling\u00e2ndu-se din mine&#8221;<\/em>, puncteaz\u0103\u00a0<strong>Dan Teodorescu<\/strong>\u0219i\u00a0<strong>Irina<\/strong>, capt\u00e2nd o stare emo\u021bional\u0103 intens\u0103, pe care mul\u021bi dintre noi am tr\u0103it-o.<\/p>\n\n\n\n<figure class=\"wp-block-image\"><img decoding=\"async\" src=\"https:\/\/news-fm.ro\/wp-content\/uploads\/2019\/05\/cdc00881-9d08-49e1-b543-3bc3340499ca.png\" alt=\"\" class=\"wp-image-1476\"\/><\/figure>\n\n\n\n<p class=\"wp-block-paragraph\">Noul single poart\u0103 amprenta stilistic\u0103 a lui&nbsp;<strong>Dan Teodorescu<\/strong>, solistul Taxi semn\u00e2nd at\u00e2t compozi\u021bia muzical\u0103, c\u00e2t \u0219i versurile. De produc\u021bia muzical\u0103 s-a ocupat \u0218erban Cazan, pe partea de video cei doi colabor\u00e2nd cu produc\u0103torii R\u0103zvan Dumitrescu \u0219i Andrei Dede.<\/p>\n\n\n\n<p class=\"wp-block-paragraph\"><strong>TAXI<\/strong>&nbsp;este una dintre cele mai iubite \u0219i mai respectate trupe de pop rock din Rom\u00e2nia, av\u00e2nd la activ nenum\u0103rate hituri, numeroase premii, albume, o participare la Eurovision chiar la \u00eenceput de carier\u0103, concerte proprii \u00een fa\u021ba a mii de spectatori \u0219i videoclipuri care au scris istorie (&#8220;Cele dou\u0103 cuvinte&#8221;, &#8220;NonStop&#8221;, &#8220;E\u0219ti iubibil\u0103&#8221;).<\/p>\n\n\n\n<p class=\"wp-block-paragraph\">Fie c\u0103 e vorba despre via\u021b\u0103 social\u0103 \u0219i politic\u0103 (&#8220;Strada mea cu-n singur bec&#8221;, &#8220;Criogenia salveaz\u0103 Rom\u00e2nia&#8221;, &#8220;E criza!&#8221;), fie c\u0103 e vorba despre dragoste (&#8220;Jum\u0103tatea mea&#8221;, &#8220;Mi-e dor \u0219i doare&#8221;, &#8220;Te v\u0103d \u00een toate femeile&#8221;), abordarea<strong>&nbsp;TAXI<\/strong>&nbsp;este \u00eentotdeauna original\u0103.<\/p>\n\n\n\n<p class=\"wp-block-paragraph\"><strong>Irina Rimes<\/strong>&nbsp;a cucerit publicul cu single-ul \u201d<strong>Visele<\/strong>\u201d, ce a ocupat prima pozi\u021bie \u00een topurile radio \u0219i TV din Rom\u00e2nia. Ulterior, artista a compus \u0219i lansat dou\u0103 trilogii, \u201dIubiri secrete\u201d \u0219i \u201dTrilogia II\u201d.<\/p>\n\n\n\n<p class=\"wp-block-paragraph\">\u00cen 2017, Irina a lansat primul ei album, &#8220;Despre el&#8221;. Bazat pe pove\u0219tile \u0219i tr\u0103irile Irinei, materialul con\u021bine 10 piese, completate de un scurtmetraj video.<\/p>\n\n\n\n<p class=\"wp-block-paragraph\">Anul 2018 marcheaz\u0103 debutul Irinei ca jurat la Vocea Rom\u00e2niei, precum \u0219i lansarea celui de-al doilea album,\u00a0<a href=\"https:\/\/www.infomusic.ro\/2018\/12\/irina-rimes-a-lansat-cartea-album-cosmos-un-joc-de-culori-al-dragostei-de-femeie-pentru-barbat-muzica-si-viata\/\">&#8220;Cosmos&#8221;<\/a>, o colec\u021bie de 12 piese lansate sub formatul unei c\u0103r\u021bi-album ce nu con\u021bine doar un simplu CD. Cartea prezint\u0103 un set de poezii scrise de Irina.<\/p>\n\n\n\n<p class=\"wp-block-paragraph\">Sursa: infomusic.ro<\/p>\n","protected":false},"excerpt":{"rendered":"<p>Taxi lanseaz\u0103 \u00een colaborare cu Irina Rimes o pies\u0103 cu sensibil\u0103, cu rezonan\u021be pariziene. Diagnostigul a fost pus, avem de-a face cu o &#8220;Supradoz\u0103 de dor&#8221;. De la &#8220;Supradoz\u0103 de dor&#8221; nu se moare, din p\u0103cate. A\u0219a ne spun\u00a0Taxi\u00a0\u0219i\u00a0Irina Rimes\u00a0\u00een versurile unei piese ce te r\u0103scole\u0219te de la prima not\u0103, p\u00e2n\u0103 la final.\u00a0&#8220;N-a\u0219 suporta s\u0103 [&hellip;]<\/p>\n","protected":false},"author":1,"featured_media":0,"comment_status":"open","ping_status":"open","sticky":false,"template":"","format":"standard","meta":{"_crdt_document":"","footnotes":""},"categories":[1],"tags":[],"class_list":["post-1473","post","type-post","status-publish","format-standard","hentry","category-diverse"],"_links":{"self":[{"href":"https:\/\/news-fm.ro\/index.php\/wp-json\/wp\/v2\/posts\/1473","targetHints":{"allow":["GET"]}}],"collection":[{"href":"https:\/\/news-fm.ro\/index.php\/wp-json\/wp\/v2\/posts"}],"about":[{"href":"https:\/\/news-fm.ro\/index.php\/wp-json\/wp\/v2\/types\/post"}],"author":[{"embeddable":true,"href":"https:\/\/news-fm.ro\/index.php\/wp-json\/wp\/v2\/users\/1"}],"replies":[{"embeddable":true,"href":"https:\/\/news-fm.ro\/index.php\/wp-json\/wp\/v2\/comments?post=1473"}],"version-history":[{"count":0,"href":"https:\/\/news-fm.ro\/index.php\/wp-json\/wp\/v2\/posts\/1473\/revisions"}],"wp:attachment":[{"href":"https:\/\/news-fm.ro\/index.php\/wp-json\/wp\/v2\/media?parent=1473"}],"wp:term":[{"taxonomy":"category","embeddable":true,"href":"https:\/\/news-fm.ro\/index.php\/wp-json\/wp\/v2\/categories?post=1473"},{"taxonomy":"post_tag","embeddable":true,"href":"https:\/\/news-fm.ro\/index.php\/wp-json\/wp\/v2\/tags?post=1473"}],"curies":[{"name":"wp","href":"https:\/\/api.w.org\/{rel}","templated":true}]}}