{"id":1459,"date":"2019-05-11T15:34:47","date_gmt":"2019-05-11T15:34:47","guid":{"rendered":"http:\/\/news-fm.ro\/?p=1459"},"modified":"2019-05-11T15:34:48","modified_gmt":"2019-05-11T15:34:48","slug":"sefa-de-la-achizitii-publice-se-lupta-cu-primaria-pentru-dreptul-de-proprietate-asupra-terenului-de-sub-blocul-sau","status":"publish","type":"post","link":"https:\/\/news-fm.ro\/index.php\/2019\/05\/11\/sefa-de-la-achizitii-publice-se-lupta-cu-primaria-pentru-dreptul-de-proprietate-asupra-terenului-de-sub-blocul-sau\/","title":{"rendered":"\u0218EFA DE LA ACHIZI\u021aII PUBLICE SE LUPT\u0102 CU PRIM\u0102RIA PENTRU DREPTUL DE PROPRIETATE ASUPRA TERENULUI DE SUB BLOCUL S\u0102U!"},"content":{"rendered":"\n<figure class=\"wp-block-image\"><img fetchpriority=\"high\" decoding=\"async\" width=\"1024\" height=\"653\" src=\"https:\/\/news-fm.ro\/wp-content\/uploads\/2019\/05\/laura-pascu-atv-6-mai-1-1024x653.jpg\" alt=\"\" class=\"wp-image-1460\" srcset=\"https:\/\/news-fm.ro\/wp-content\/uploads\/2019\/05\/laura-pascu-atv-6-mai-1-1024x653.jpg 1024w, https:\/\/news-fm.ro\/wp-content\/uploads\/2019\/05\/laura-pascu-atv-6-mai-1-300x191.jpg 300w, https:\/\/news-fm.ro\/wp-content\/uploads\/2019\/05\/laura-pascu-atv-6-mai-1-768x490.jpg 768w, https:\/\/news-fm.ro\/wp-content\/uploads\/2019\/05\/laura-pascu-atv-6-mai-1-500x319.jpg 500w, https:\/\/news-fm.ro\/wp-content\/uploads\/2019\/05\/laura-pascu-atv-6-mai-1.jpg 1600w\" sizes=\"(max-width: 1024px) 100vw, 1024px\" \/><\/figure>\n\n\n\n<p class=\"wp-block-paragraph\">Laura Pa\u0219cu, \u0219efa de la Achizi\u021bii Publice din cadrul Prim\u0103riei Pa\u0219cani, a ajuns \u00een situa\u021bia de a se lupta cu administra\u021bia local\u0103 pe mai multe fronturi.<\/p>\n\n\n\n<p class=\"wp-block-paragraph\">Dup\u0103 sesizarea prefectului cu privire la deciziile primarului Dumitru Pantazi de a delega atribu\u021biile privind achizi\u021biile publice c\u0103tre un func\u021bionar de la Compartimentul de Fonduri Europene \u0219i unei firme private, func\u021bionarul public are un r\u0103zboi juridic \u0219i pe plan personal cu administra\u021bia local\u0103.<\/p>\n\n\n\n<p class=\"wp-block-paragraph\">La mijloc este dreptul de proprietate al terenului situat sub blocurile din municipiul Pa\u0219cani. \u00cen acest sens, Laura Pa\u0219cu a reclamat \u00een instan\u021b\u0103 faptul c\u0103 terenul de sub blocul \u00een care locuie\u0219te- K1, de pe strada Gr\u0103dini\u021bei,\u00eei apar\u021bine ei \u0219i vecinilor s\u0103i,&nbsp;&nbsp;ob\u021binut tot de la prefectul jude\u021bului Ia\u0219i o decizie \u00een favoarea sa. Aceasta a fost atacat \u00een instan\u021b\u0103 de juri\u0219tii municipalit\u0103\u021bii, \u00eens\u0103 procesul a fost suspendat p\u00e2n\u0103 la judecarea definitiv\u0103 a altei cauze \u00een care administra\u021bia local\u0103 a atacat o \u00eencheiere de carte funciar\u0103 pentru acel teren.<ins><\/ins><\/p>\n\n\n\n<figure class=\"wp-block-image\"><img decoding=\"async\" src=\"http:\/\/newspascani.com\/images\/aaoana\/bloc%20k1_400_277.png\" alt=\"\"\/><\/figure>\n\n\n\n<p class=\"wp-block-paragraph\">Ieri, \u00eens\u0103, judec\u0103torii p\u0103\u0219c\u0103neni au respins aceast\u0103 ac\u021biune a Prim\u0103riei, men\u021bin\u00e2nd documenta\u021bia f\u0103cut\u0103 de ANCPI.<\/p>\n\n\n\n<p class=\"wp-block-paragraph\"><strong>\u201eEu am o\u021binut ordinul prefectului \u00een baza unui extras de carte funciar\u0103, \u00een care proprietar era statul. \u00centre timp Prim\u0103ria a \u00eenscris dreptul de proprietate \u00een favoarea lor, iar \u00een februarie 2019 a venit ordinul prefectului. L-au atacat pentru c\u0103 au avut un extras de carte funciar\u0103 \u00een care ei erau proprietari. Eu am luat cuno\u0219tin\u021b\u0103 de asta din dosar. Cum am aflat, am sesizat ANCPI Bucure\u0219ti \u0219i ei i-au obligat pe cei de la Pa\u0219cani, de la BCPI, s\u0103-mi comunice extrasul de carte funciar\u0103 ca s\u0103-l pot ataca \u00een instan\u021b\u0103. Dup\u0103 ce am primit extrasul, am f\u0103cut cerere de reexaminare, iar ANCPI a pus din nou statul proprietar pe teren, Prim\u0103ria a atacat aceast\u0103 decizie, \u00eens\u0103 instan\u021ba a respins. Procesul acesta este important , pentru c\u0103 de rezultatul s\u0103u \u021bine un alt proces, care este suspendat, \u00een care ordinul prefectului prin care s-a decis c\u0103 terenul de sub blocuri \u00eemi apar\u021bine mie, \u0219i vecinilor mei \u201d,<\/strong>&nbsp;a declarat Laura Pa\u0219cu.<\/p>\n\n\n\n<p class=\"wp-block-paragraph\">Reamintim c\u0103 decizia ca terenurile de sub blocurile din Pa\u0219cani s\u0103 fie trecute \u00een proprietatea municipiului a fost luat\u0103 de Consiliul Local din perioada 2008-2012.<\/p>\n","protected":false},"excerpt":{"rendered":"<p>Laura Pa\u0219cu, \u0219efa de la Achizi\u021bii Publice din cadrul Prim\u0103riei Pa\u0219cani, a ajuns \u00een situa\u021bia de a se lupta cu administra\u021bia local\u0103 pe mai multe fronturi. Dup\u0103 sesizarea prefectului cu privire la deciziile primarului Dumitru Pantazi de a delega atribu\u021biile privind achizi\u021biile publice c\u0103tre un func\u021bionar de la Compartimentul de Fonduri Europene \u0219i unei firme [&hellip;]<\/p>\n","protected":false},"author":1,"featured_media":1460,"comment_status":"open","ping_status":"open","sticky":false,"template":"","format":"standard","meta":{"_crdt_document":"","footnotes":""},"categories":[1],"tags":[],"class_list":["post-1459","post","type-post","status-publish","format-standard","has-post-thumbnail","hentry","category-diverse"],"_links":{"self":[{"href":"https:\/\/news-fm.ro\/index.php\/wp-json\/wp\/v2\/posts\/1459","targetHints":{"allow":["GET"]}}],"collection":[{"href":"https:\/\/news-fm.ro\/index.php\/wp-json\/wp\/v2\/posts"}],"about":[{"href":"https:\/\/news-fm.ro\/index.php\/wp-json\/wp\/v2\/types\/post"}],"author":[{"embeddable":true,"href":"https:\/\/news-fm.ro\/index.php\/wp-json\/wp\/v2\/users\/1"}],"replies":[{"embeddable":true,"href":"https:\/\/news-fm.ro\/index.php\/wp-json\/wp\/v2\/comments?post=1459"}],"version-history":[{"count":0,"href":"https:\/\/news-fm.ro\/index.php\/wp-json\/wp\/v2\/posts\/1459\/revisions"}],"wp:featuredmedia":[{"embeddable":true,"href":"https:\/\/news-fm.ro\/index.php\/wp-json\/wp\/v2\/media\/1460"}],"wp:attachment":[{"href":"https:\/\/news-fm.ro\/index.php\/wp-json\/wp\/v2\/media?parent=1459"}],"wp:term":[{"taxonomy":"category","embeddable":true,"href":"https:\/\/news-fm.ro\/index.php\/wp-json\/wp\/v2\/categories?post=1459"},{"taxonomy":"post_tag","embeddable":true,"href":"https:\/\/news-fm.ro\/index.php\/wp-json\/wp\/v2\/tags?post=1459"}],"curies":[{"name":"wp","href":"https:\/\/api.w.org\/{rel}","templated":true}]}}