{"id":1386,"date":"2019-04-17T12:36:14","date_gmt":"2019-04-17T12:36:14","guid":{"rendered":"http:\/\/news-fm.ro\/?p=1386"},"modified":"2019-04-17T12:36:16","modified_gmt":"2019-04-17T12:36:16","slug":"videoclip-oficial-europe-turn-to-dust","status":"publish","type":"post","link":"https:\/\/news-fm.ro\/index.php\/2019\/04\/17\/videoclip-oficial-europe-turn-to-dust\/","title":{"rendered":"Videoclip oficial: Europe &#8211; Turn To Dust"},"content":{"rendered":"\n<p class=\"wp-block-paragraph\"><strong>Trupa Europe lanseaz\u0103 primul lor clip animat pentru piesa &#8220;Turn to Dust&#8221;. Un videoclip plin de simbolism, pentru o pies\u0103 care vorbe\u0219te despre regretele \u0219i durerea din via\u021ba unui b\u0103rbat care nu a avut curaj s\u0103 spun\u0103 sau s\u0103 fac\u0103 lucrurile la timpul lor. R\u0103zboi, familie, vinov\u0103\u021bie \u0219i moarte, toate parte din epopeea vie\u021bii umane.<\/strong><\/p>\n\n\n\n<figure><iframe width=\"800\" height=\"450\" src=\"https:\/\/www.youtube.com\/embed\/a6h_FuxtFBM?version=3&amp;rel=1&amp;fs=1&amp;autohide=2&amp;showsearch=0&amp;showinfo=1&amp;iv_load_policy=1&amp;wmode=transparent\" allowfullscreen=\"true\"><\/iframe><\/figure>\n\n\n\n<p class=\"wp-block-paragraph\">Trupa\u00a0<strong>Europe<\/strong>\u00a0revine \u00een aten\u021bia publicului cu un nou videoclip pentru a treia pies\u0103 extras\u0103 de pe albumul\u00a0<strong>&#8220;Walk The Earth&#8221;\u00a0<\/strong>numit\u0103\u00a0<strong>&#8220;Turn to Dust&#8221;<\/strong>. Albumul, ap\u0103rut \u00een 2017, este cea de-a unsprezecea apari\u021bie discografic\u0103 a trupei iar piesa Turn to Dust \u00eencheie suita de 10 piese de pe album.<\/p>\n\n\n\n<figure class=\"wp-block-image is-resized\"><img fetchpriority=\"high\" decoding=\"async\" src=\"https:\/\/news-fm.ro\/wp-content\/uploads\/2019\/04\/5b1922f2dcd9788798c438aa817a31bb.png\" alt=\"\" class=\"wp-image-1388\" width=\"537\" height=\"360\"\/><\/figure>\n\n\n\n<p class=\"wp-block-paragraph\">Iat\u0103 ce declar\u0103 solistul&nbsp;<strong>Joey Tempest<\/strong>&nbsp;despre aceast\u0103 pies\u0103 \u0219i videoclipul s\u0103u:<\/p>\n\n\n\n<blockquote class=\"wp-block-quote is-layout-flow wp-block-quote-is-layout-flow\"><p>O idee original\u0103 a cl\u0103parului nostru&nbsp;<strong>Mic Michaeli<\/strong>, videoclipul avea ca scop s\u0103 ating\u0103 emo\u021bii \u0219i observa\u021bii legate de via\u021ba \u0219i moartea celor apropia\u021bi nou\u0103, cercul vie\u021bii dac\u0103 vre\u021bi. S-a dovedit a fi mult mai mult de at\u00e2t, ajung\u00e2nd s\u0103 urmeze povestea dramatic\u0103 a personajului de pe coperta albumului nostru.<\/p><\/blockquote>\n\n\n\n<p class=\"wp-block-paragraph\">Regizorul videoclipului este&nbsp;<strong>Craig Hooper<\/strong>, care s-a ocupat \u0219i de videoclipul piesei&nbsp;<a href=\"https:\/\/www.infomusic.ro\/videoclip\/deep-purple-the-surprising\/\"><strong>&#8220;The Surprising&#8221;<\/strong><\/a>&nbsp;a celor de la&nbsp;<strong>Deep Purple<\/strong>. Membrii trupei Europe se declar\u0103 foarte mul\u021bumi\u021bi de viziunea artistului \u0219i de primul lor videoclip animat. Iat\u0103 ce spune Craig Hooper despre acest proiect:<\/p>\n\n\n\n<blockquote class=\"wp-block-quote is-layout-flow wp-block-quote-is-layout-flow\"><p>Un astfel de videoclip este ceva dificil de a duce la cap\u0103t. C\u00e2ntecul este stratificat cu emo\u021bii \u0219i sensuri multiple, iar a surprinde asta \u00een imagini este cel pu\u021bin &#8220;tricky&#8221;. Trupa a decis ca singura manier\u0103 de a onora aceast\u0103 pies\u0103 este prin anima\u021bie, unde imaginile sunt limitate doar de imagina\u021bia fiec\u0103ruia.<\/p><\/blockquote>\n\n\n\n<p class=\"wp-block-paragraph\">Artistul vizual\u00a0<strong>Matt Rooke<\/strong>\u00a0a adus \u00een imagini viziunea regizorului asupra piesei, iar rezultatul este ceea ce pute\u021bi vedea \u00een videoclipul\u00a0<strong>Turn To Dust<\/strong>.<\/p>\n\n\n\n<p class=\"wp-block-paragraph\">Sursa: infomusic.ro<\/p>\n","protected":false},"excerpt":{"rendered":"<p>Trupa Europe lanseaz\u0103 primul lor clip animat pentru piesa &#8220;Turn to Dust&#8221;. Un videoclip plin de simbolism, pentru o pies\u0103 care vorbe\u0219te despre regretele \u0219i durerea din via\u021ba unui b\u0103rbat care nu a avut curaj s\u0103 spun\u0103 sau s\u0103 fac\u0103 lucrurile la timpul lor. R\u0103zboi, familie, vinov\u0103\u021bie \u0219i moarte, toate parte din epopeea vie\u021bii umane. [&hellip;]<\/p>\n","protected":false},"author":1,"featured_media":0,"comment_status":"open","ping_status":"open","sticky":false,"template":"","format":"standard","meta":{"_crdt_document":"","footnotes":""},"categories":[1],"tags":[],"class_list":["post-1386","post","type-post","status-publish","format-standard","hentry","category-diverse"],"_links":{"self":[{"href":"https:\/\/news-fm.ro\/index.php\/wp-json\/wp\/v2\/posts\/1386","targetHints":{"allow":["GET"]}}],"collection":[{"href":"https:\/\/news-fm.ro\/index.php\/wp-json\/wp\/v2\/posts"}],"about":[{"href":"https:\/\/news-fm.ro\/index.php\/wp-json\/wp\/v2\/types\/post"}],"author":[{"embeddable":true,"href":"https:\/\/news-fm.ro\/index.php\/wp-json\/wp\/v2\/users\/1"}],"replies":[{"embeddable":true,"href":"https:\/\/news-fm.ro\/index.php\/wp-json\/wp\/v2\/comments?post=1386"}],"version-history":[{"count":0,"href":"https:\/\/news-fm.ro\/index.php\/wp-json\/wp\/v2\/posts\/1386\/revisions"}],"wp:attachment":[{"href":"https:\/\/news-fm.ro\/index.php\/wp-json\/wp\/v2\/media?parent=1386"}],"wp:term":[{"taxonomy":"category","embeddable":true,"href":"https:\/\/news-fm.ro\/index.php\/wp-json\/wp\/v2\/categories?post=1386"},{"taxonomy":"post_tag","embeddable":true,"href":"https:\/\/news-fm.ro\/index.php\/wp-json\/wp\/v2\/tags?post=1386"}],"curies":[{"name":"wp","href":"https:\/\/api.w.org\/{rel}","templated":true}]}}