{"id":1361,"date":"2019-04-12T12:19:11","date_gmt":"2019-04-12T12:19:11","guid":{"rendered":"http:\/\/news-fm.ro\/?p=1361"},"modified":"2019-04-12T12:19:13","modified_gmt":"2019-04-12T12:19:13","slug":"videoclip-oficial-carlas-dreams-te-ascund-in-vise","status":"publish","type":"post","link":"https:\/\/news-fm.ro\/index.php\/2019\/04\/12\/videoclip-oficial-carlas-dreams-te-ascund-in-vise\/","title":{"rendered":"Videoclip oficial: Carla\u2019s Dreams &#8211; Te-ascund \u00een vise"},"content":{"rendered":"\n<p class=\"wp-block-paragraph\"><strong>Carla&#8217;s Dreams revine cu o nou\u0103 pies\u0103 de pe &#8220;Nocturn&#8221;, intitulat\u0103 &#8220;Te-ascund \u00een vise&#8221;. Melodia a fost compus\u0103 \u0219i produs\u0103 de Carla&#8217;s Dreams, iar videoclipul a fost filmat \u0219i regizat de BRFilms (George Secrieru \u0219i Roman Burlaca).<\/strong><\/p>\n\n\n\n<figure><iframe width=\"805\" height=\"453\" src=\"https:\/\/www.youtube.com\/embed\/7ZUnL0UUJ6c?version=3&amp;rel=1&amp;fs=1&amp;autohide=2&amp;showsearch=0&amp;showinfo=1&amp;iv_load_policy=1&amp;wmode=transparent\" allowfullscreen=\"true\"><\/iframe><\/figure>\n\n\n\n<p class=\"wp-block-paragraph\">Seria&nbsp;<strong>Nocturn<\/strong>&nbsp;este un proiect muzical \u0219i video \u00een 10 acte ini\u021biat de Carla&#8217;s Dreams. Marele final \u0219i re\u00eentregirea buc\u0103\u021bilor de puzzle va avea loc pe&nbsp;<strong>18 mai la concertul de la Romexpo<\/strong>. \u00cen fiecare dintre videoclipuri urm\u0103rim c\u00e2te o fr\u00e2ntur\u0103 din trei pove\u0219ti de dragoste care se desf\u0103\u0219oar\u0103 \u00een paralel. Pe parcursul seriei am v\u0103zut cum trei prieteni se \u00eendr\u0103gostesc de trei femei frumoase \u0219i evolueaz\u0103 \u00een rela\u021bii cu ele.<\/p>\n\n\n\n<p class=\"wp-block-paragraph\">Videoclipul este produs \u0219i regizat de aceea\u0219i echip\u0103 fidel\u0103 Carla&#8217;s Dreams,\u00a0<strong>BRFilms<\/strong>\u00a0(George Secrieru \u0219i Roman Burlaca). Angoasa tr\u0103it\u0103 de personajul masculin din acest episod al seriei\u00a0<strong>Nocturn<\/strong>\u00a0este cea de a-\u0219i vedea femeia iubit\u0103 cum flirteaz\u0103 cu al\u021bi b\u0103rba\u021bi.<\/p>\n\n\n\n<figure class=\"wp-block-image\"><img decoding=\"async\" src=\"https:\/\/news-fm.ro\/wp-content\/uploads\/2019\/04\/354254.jpg\" alt=\"\" class=\"wp-image-1363\"\/><\/figure>\n\n\n\n<p class=\"wp-block-paragraph\">De la pasiune la suferin\u021b\u0103, cu tot tac\u00e2mul, fiecare dintre pove\u0219ti are nuan\u021ba sa, pun\u00e2nd \u00een eviden\u021b\u0103 diferite emo\u021bii intense \u0219i tr\u0103iri ale personajelor masculine \u00een raport cu femeile. Iat\u0103 ce declar\u0103&nbsp;<strong>Carla&#8217;s Dreams<\/strong>despre piesa &#8220;Te-ascund \u00een vise&#8221;:<\/p>\n\n\n\n<blockquote class=\"wp-block-quote is-layout-flow wp-block-quote-is-layout-flow\"><p>Aceasta este o pies\u0103 adresat\u0103 memoriei mele mediocre, slabe. Care a furat o parte at\u00e2t de mare din mine, o parte at\u00e2t de mare din trecut, din oameni, din muzic\u0103 \u0219i literatur\u0103. Sau poate&#8230; este adresat\u0103 soartei care a transformat o femeie exemplar\u0103 \u00eentr-o u\u0219uratic\u0103, cu scopuri superficiale, goale, de\u0219i at\u00e2t de simplu de atins. Sau poate&#8230;<\/p><p>Despre o amintire&#8230; aici nu voi spune cui \u00eei e adresat\u0103, e at\u00e2t de evident. Despre cineva care doar \u00een vise mai poate exista. Dar pe ea&#8230; literatura, femeia \u0219i un suflet pereche&#8230; o voi ascunde \u00een vise.<\/p><p>Noaptea noastr\u0103 va avea 10 episoade. Acesta este al VI-lea. Deci \u00eenc\u0103 4 p\u00e2n\u0103 la concertul de pe 18 mai de la RomExpo! Va fi cu voi, va fi cu noi, deci va fi mare \u0219i frumos<\/p><\/blockquote>\n\n\n\n<p class=\"wp-block-paragraph\"><strong>Carla&#8217;s Dreams<\/strong>&nbsp;preg\u0103te\u0219te primul mare concert de anvergur\u0103 al proiectului &#8211; &#8220;<strong>Nocturn<\/strong>&#8220;, programat s\u0103 aib\u0103 loc pe 18 mai la Romexpo.&nbsp;<strong>Delia<\/strong>&nbsp;este cel mai recent invitat special anun\u021bat. Artista are o colaborare str\u00e2ns\u0103 cu Carla&#8217;s Dreams, lucr\u00e2nd \u00eempreun\u0103 pentru piese precum &#8220;<a href=\"https:\/\/www.infomusic.ro\/videoclip\/carlas-dreams-delia-cum-ne-noi\/\">Cum ne noi<\/a>&#8220;, &#8220;<a href=\"https:\/\/www.infomusic.ro\/videoclip\/videoclip-carlas-dreams-delia-inima\/\">Inima<\/a>&#8220;, &#8220;<a href=\"https:\/\/www.infomusic.ro\/videoclip\/delia-da-mama-carlas-dreams\/\">Da, mam\u0103<\/a>&#8220;, &#8220;<a href=\"https:\/\/www.infomusic.ro\/videoclip\/delia-fata-lu-tata-carlas-dreams\/\">Fata lui tata<\/a>&#8220;, \u0219i fiind totodat\u0103 colegi \u00een juriul show-ului&nbsp;<strong>X Factor Rom\u00e2nia<\/strong>.<\/p>\n\n\n\n<p class=\"wp-block-paragraph\">Delia a lansat de cur\u00e2nd piesa &#8220;<a href=\"https:\/\/www.infomusic.ro\/videoclip\/delia-feat-the-motans-ramai\/\">R\u0103m\u00e2i<\/a>&#8221; cu&nbsp;<strong>The Motans<\/strong>, care se men\u021bine pe primul loc \u00een topul YouTube Trending, \u0219i se afl\u0103 \u00een turneu na\u021bional cu show-ul &#8220;Acadelia&#8221;, dup\u0103 cele trei seri de&nbsp;<a href=\"https:\/\/www.infomusic.ro\/2018\/11\/sala-palatului-acadelia-delia-poze\/\">evenimente de la Sala Palatului<\/a>&nbsp;din toamna anului trecut.<\/p>\n\n\n\n<p class=\"wp-block-paragraph\">La show-ul\u00a0<a href=\"https:\/\/www.infomusic.ro\/agenda\/carlas-dreams-nocturn-concert-romexpo-mai-2019\/\">&#8220;<strong>Nocturn<\/strong>&#8220;<\/a>\u00a0de la Romexpo vor mai fi invita\u021bi ANTONIA, Mark Stam \u0219i Vanotek. Biletele pentru concert au fost puse \u00een v\u00e2nzare la pre\u021buri cuprinse \u00eentre 59 \u0219i 300 de lei.<\/p>\n\n\n\n<p class=\"wp-block-paragraph\">Sursa: infomusic.ro<\/p>\n","protected":false},"excerpt":{"rendered":"<p>Carla&#8217;s Dreams revine cu o nou\u0103 pies\u0103 de pe &#8220;Nocturn&#8221;, intitulat\u0103 &#8220;Te-ascund \u00een vise&#8221;. Melodia a fost compus\u0103 \u0219i produs\u0103 de Carla&#8217;s Dreams, iar videoclipul a fost filmat \u0219i regizat de BRFilms (George Secrieru \u0219i Roman Burlaca). Seria&nbsp;Nocturn&nbsp;este un proiect muzical \u0219i video \u00een 10 acte ini\u021biat de Carla&#8217;s Dreams. Marele final \u0219i re\u00eentregirea buc\u0103\u021bilor [&hellip;]<\/p>\n","protected":false},"author":1,"featured_media":0,"comment_status":"open","ping_status":"open","sticky":false,"template":"","format":"standard","meta":{"_crdt_document":"","footnotes":""},"categories":[1],"tags":[],"class_list":["post-1361","post","type-post","status-publish","format-standard","hentry","category-diverse"],"_links":{"self":[{"href":"https:\/\/news-fm.ro\/index.php\/wp-json\/wp\/v2\/posts\/1361","targetHints":{"allow":["GET"]}}],"collection":[{"href":"https:\/\/news-fm.ro\/index.php\/wp-json\/wp\/v2\/posts"}],"about":[{"href":"https:\/\/news-fm.ro\/index.php\/wp-json\/wp\/v2\/types\/post"}],"author":[{"embeddable":true,"href":"https:\/\/news-fm.ro\/index.php\/wp-json\/wp\/v2\/users\/1"}],"replies":[{"embeddable":true,"href":"https:\/\/news-fm.ro\/index.php\/wp-json\/wp\/v2\/comments?post=1361"}],"version-history":[{"count":0,"href":"https:\/\/news-fm.ro\/index.php\/wp-json\/wp\/v2\/posts\/1361\/revisions"}],"wp:attachment":[{"href":"https:\/\/news-fm.ro\/index.php\/wp-json\/wp\/v2\/media?parent=1361"}],"wp:term":[{"taxonomy":"category","embeddable":true,"href":"https:\/\/news-fm.ro\/index.php\/wp-json\/wp\/v2\/categories?post=1361"},{"taxonomy":"post_tag","embeddable":true,"href":"https:\/\/news-fm.ro\/index.php\/wp-json\/wp\/v2\/tags?post=1361"}],"curies":[{"name":"wp","href":"https:\/\/api.w.org\/{rel}","templated":true}]}}