{"id":1357,"date":"2019-04-12T12:01:23","date_gmt":"2019-04-12T12:01:23","guid":{"rendered":"http:\/\/news-fm.ro\/?p=1357"},"modified":"2019-04-12T12:01:24","modified_gmt":"2019-04-12T12:01:24","slug":"videoclip-oficial-the-motans-feat-irina-rimes-poem","status":"publish","type":"post","link":"https:\/\/news-fm.ro\/index.php\/2019\/04\/12\/videoclip-oficial-the-motans-feat-irina-rimes-poem\/","title":{"rendered":"Videoclip oficial: The Motans feat. Irina Rimes &#8211; POEM"},"content":{"rendered":"\n<p class=\"wp-block-paragraph\"><strong>The Motans lanseaz\u0103 &#8220;Poem&#8221; \u00eempreun\u0103 cu Irina Rimes, o nou\u0103 pies\u0103 \u00een care se vor reg\u0103si multe cupluri. Videoclipul \u00eei surprinde pe Irina \u0219i pe Denis \u00een ipostaza unor tineri \u00eendr\u0103gosti\u021bi, relatia lor evolu\u00e2nd firesc de la doi necunoscu\u021bi ale c\u0103ror destine se \u00eent\u00e2lnesc, p\u00e2n\u0103 la \u00eendr\u0103gosti\u021bi ce tr\u0103iesc la intensitate maxim\u0103 toate momentele de care au parte \u00eempreun\u0103, iar fericirea li se poate citi \u00een priviri.<\/strong><\/p>\n\n\n\n<figure><iframe width=\"805\" height=\"453\" src=\"https:\/\/www.youtube.com\/embed\/6HCnT_NqrQI?version=3&amp;rel=1&amp;fs=1&amp;autohide=2&amp;showsearch=0&amp;showinfo=1&amp;iv_load_policy=1&amp;wmode=transparent\" allowfullscreen=\"true\"><\/iframe><\/figure>\n\n\n\n<p class=\"wp-block-paragraph\">Piesa a fost scris\u0103 \u0219i compus\u0103 de Denis Roabe\u0219, Marcel Botezan, Sebastian Barac \u0219i Irina Rimes, iar de produc\u021bia ei s-au ocupat Marco &amp; Seba.<\/p>\n\n\n\n<h2 class=\"wp-block-heading\">&#8220;\u00cemi place s\u0103 lucrez cu Denis. \u00cemi place s\u0103-i c\u00e2nt versurile&#8221;<\/h2>\n\n\n\n<blockquote class=\"wp-block-quote is-layout-flow wp-block-quote-is-layout-flow\"><p>&#8220;&#8221;<strong>Poem<\/strong>&#8221; este o pies\u0103 pe care am scris-o cu mare drag. La film\u0103ri a fost o energie aparte, ne-am sim\u021bit foarte bine cu to\u021bii. Este al doilea featuring cu Irina \u0219i cred c\u0103 a ie\u0219it ceva tare frumos! Sper c\u0103 publicul se va reg\u0103si \u00een mesajul acestei melodii \u0219i c\u0103 aceasta va aduce z\u00e2mbete pe buzele multora&#8221;, a declarat artistul&nbsp;<strong>The Motans<\/strong>.<\/p><p>&#8220;\u00cemi place s\u0103 lucrez cu Denis. \u00cemi place s\u0103-i c\u00e2nt versurile. C\u00e2nd am auzit piesa, am \u0219tiut c\u0103 voi c\u00e2nta pe ea, am sim\u021bit de la \u00eenceput. Sper s\u0103 v\u0103 plac\u0103 \u0219i vou\u0103 cum ne plac \u0219i nou\u0103 at\u00e2t piesa, c\u00e2t \u0219i clipul video&#8221;, a declarat&nbsp;<strong>Irina Rimes<\/strong>.<\/p><\/blockquote>\n\n\n\n<h2 class=\"wp-block-heading\">Evolu\u021bia The Motans<\/h2>\n\n\n\n<p class=\"wp-block-paragraph\"><strong>The Motans<\/strong>&nbsp;este Denis, un t\u00e2n\u0103r din Republica Moldova care a decis s\u0103 \u00ee\u0219i urmeze pasiunea de a compune muzic\u0103 sub un pseudonim, \u00een urm\u0103 cu 3 ani. Prima pies\u0103 lansat\u0103 a fost \u201d<a href=\"https:\/\/www.infomusic.ro\/videoclip\/the-motans-versus\/\">Versus<\/a>&#8220;. Colaborarea cu Delia pentru piesa &#8220;<a href=\"https:\/\/www.infomusic.ro\/videoclip\/motans-feat-delia-weekend\/\">Weekend<\/a>&#8220;, dar \u0219i una dintre cele mai \u00eendr\u0103gite piese ale verii anului 2017, &#8220;August&#8221;, au propulsat&nbsp;<strong>The Motans<\/strong>&nbsp;printre numele cele mai apreciate ale industriei muzicale din Rom\u00e2nia.<\/p>\n\n\n\n<p class=\"wp-block-paragraph\">Cele mai recente single-uri lansate de el, &#8220;<a href=\"https:\/\/www.infomusic.ro\/videoclip\/the-motans-inainte-sa-ne-fi-nascut\/\">\u00cenainte s\u0103 ne fi n\u0103scut<\/a>&#8221; (aproape 14 milioane de vizualiz\u0103ri pe YouTube) \u0219i &#8220;<a href=\"https:\/\/www.infomusic.ro\/videoclip\/the-motans-invitat\/\">Invitat<\/a>&#8221; au \u00eenregistrat un succes uria\u0219, at\u00e2t \u00een mediul digital, c\u00e2t \u0219i pe radio, unde au ocupat pozi\u021bii de top.<\/p>\n\n\n\n<p class=\"wp-block-paragraph\">&#8220;<a href=\"https:\/\/www.infomusic.ro\/videoclip\/delia-feat-the-motans-ramai\/\">R\u0103m\u00e2i<\/a>&#8220;, piesa lansat\u0103 s\u0103pt\u0103m\u00e2na trecut\u0103 \u00eempreun\u0103 cu&nbsp;<strong>Delia<\/strong>, care a ocupat prima pozi\u021bie \u00een Trending YouTube \u00eenc\u0103 din prima zi dup\u0103 lansare, cumuleaz\u0103 deja peste 4 milioane de vizualiz\u0103ri \u0219i este deja prezent\u0103 pe posturile radio \u0219i TV.<\/p>\n\n\n\n<p class=\"wp-block-paragraph\"><strong>Denis Roabe\u0219<\/strong>\u00a0preg\u0103te\u0219te \u00een prezent &#8220;<a href=\"https:\/\/www.infomusic.ro\/2019\/01\/the-motans-grand-concert-primul-concert-la-arenele-romane\/\">The Motans Grand Concert<\/a>&#8220;, un show suprarealist care va avea loc pe\u00a0<a href=\"https:\/\/www.infomusic.ro\/agenda\/the-motans-grand-concert-arenele-romane-2019\/\">31 mai, la Arenele Romane din Bucure\u0219ti<\/a>. Fanii vor avea parte de multe surprize \u00een cadrul show-ului unde\u00a0<a href=\"https:\/\/www.infomusic.ro\/2019\/04\/irina-rimes-invitat-special-concert-the-motans-arenele-romane\/\"><strong>Irina Rimes<\/strong>\u00a0este invitat special<\/a>.<\/p>\n\n\n\n<figure class=\"wp-block-image\"><img decoding=\"async\" src=\"https:\/\/news-fm.ro\/wp-content\/uploads\/2019\/04\/un-poem-doi-artisti-the-motans-si-irina-rimes-lanseaza-un-nou-duet-1_3_size24-1024x576.jpg\" alt=\"\" class=\"wp-image-1358\"\/><\/figure>\n\n\n\n<h2 class=\"wp-block-heading\">Evolu\u021bia Irinei Rimes<\/h2>\n\n\n\n<p class=\"wp-block-paragraph\"><strong>Irina Rimes<\/strong>&nbsp;a cucerit publicul cu single-ul \u201d<strong>Visele<\/strong>\u201d, ce a ocupat prima pozi\u021bie \u00een topurile radio \u0219i TV din Rom\u00e2nia. Ulterior, artista a compus \u0219i lansat dou\u0103 trilogii, \u201dIubiri secrete\u201d \u0219i \u201dTrilogia II\u201d.<\/p>\n\n\n\n<p class=\"wp-block-paragraph\">\u00cen 2017, Irina a lansat primul ei album, &#8220;Despre el&#8221;. Bazat pe pove\u0219tile \u0219i tr\u0103irile Irinei, materialul con\u021bine 10 piese, completate de un scurtmetraj video. Pe album s-au reg\u0103sit single-urile: \u201d<a href=\"https:\/\/www.infomusic.ro\/videoclip\/irina-rimes-feat-killa-fonic-bandana\/\">Bandana<\/a>\u201d feat. KillaFonic, \u201d<a href=\"https:\/\/www.infomusic.ro\/videoclip\/irina-rimes-bolnavi-amandoi\/\">Bolnavi am\u00e2ndoi<\/a>\u201d, \u201d<a href=\"https:\/\/www.infomusic.ro\/videoclip\/videoclip-irina-rimes-cosmos\/\">Cosmos<\/a>\u201d, \u201d<a href=\"https:\/\/www.infomusic.ro\/videoclip\/irina-rimes-octombrie-rosu\/\">Octombrie Ro\u0219u<\/a>\u201d \u0219i \u201c<a href=\"https:\/\/www.infomusic.ro\/videoclip\/irina-rimes-eroii-pieselor-noastre\/\">Eroii pieselor noastre<\/a>\u201d. Toate acestea s-au clasat \u00een topul c\u0103ut\u0103rilor YouTube \u00eenc\u0103 din ziua lans\u0103rii, iar \u201eBolnavi am\u00e2ndoi\u201d a ocupat mai multe s\u0103pt\u0103m\u00e2ni la r\u00e2nd prima pozi\u021bie a topurilor radio \u0219i TV.<\/p>\n\n\n\n<p class=\"wp-block-paragraph\">Anul 2018 marcheaz\u0103 debutul Irinei ca jurat la Vocea Rom\u00e2niei, precum \u0219i lansarea celui de-al doilea album,\u00a0<a href=\"https:\/\/www.infomusic.ro\/2018\/12\/irina-rimes-a-lansat-cartea-album-cosmos-un-joc-de-culori-al-dragostei-de-femeie-pentru-barbat-muzica-si-viata\/\">&#8220;Cosmos&#8221;<\/a>, o colec\u021bie de 12 piese lansate sub formatul unei c\u0103r\u021bi-album ce nu con\u021bine doar un simplu CD. Cartea prezint\u0103 un set de poezii scrise de Irina \u00eens\u0103\u0219i, \u00eenso\u021bite de o serie de fotografii exclusive cu artista. Irina Rimes este un artist complet, ce a reu\u0219it s\u0103 cucereasc\u0103 inimile rom\u00e2nilor de pretutindeni.<\/p>\n\n\n\n<p class=\"wp-block-paragraph\">Sursa: infomusic.ro<\/p>\n","protected":false},"excerpt":{"rendered":"<p>The Motans lanseaz\u0103 &#8220;Poem&#8221; \u00eempreun\u0103 cu Irina Rimes, o nou\u0103 pies\u0103 \u00een care se vor reg\u0103si multe cupluri. Videoclipul \u00eei surprinde pe Irina \u0219i pe Denis \u00een ipostaza unor tineri \u00eendr\u0103gosti\u021bi, relatia lor evolu\u00e2nd firesc de la doi necunoscu\u021bi ale c\u0103ror destine se \u00eent\u00e2lnesc, p\u00e2n\u0103 la \u00eendr\u0103gosti\u021bi ce tr\u0103iesc la intensitate maxim\u0103 toate momentele de [&hellip;]<\/p>\n","protected":false},"author":1,"featured_media":0,"comment_status":"open","ping_status":"open","sticky":false,"template":"","format":"standard","meta":{"_crdt_document":"","footnotes":""},"categories":[1],"tags":[],"class_list":["post-1357","post","type-post","status-publish","format-standard","hentry","category-diverse"],"_links":{"self":[{"href":"https:\/\/news-fm.ro\/index.php\/wp-json\/wp\/v2\/posts\/1357","targetHints":{"allow":["GET"]}}],"collection":[{"href":"https:\/\/news-fm.ro\/index.php\/wp-json\/wp\/v2\/posts"}],"about":[{"href":"https:\/\/news-fm.ro\/index.php\/wp-json\/wp\/v2\/types\/post"}],"author":[{"embeddable":true,"href":"https:\/\/news-fm.ro\/index.php\/wp-json\/wp\/v2\/users\/1"}],"replies":[{"embeddable":true,"href":"https:\/\/news-fm.ro\/index.php\/wp-json\/wp\/v2\/comments?post=1357"}],"version-history":[{"count":0,"href":"https:\/\/news-fm.ro\/index.php\/wp-json\/wp\/v2\/posts\/1357\/revisions"}],"wp:attachment":[{"href":"https:\/\/news-fm.ro\/index.php\/wp-json\/wp\/v2\/media?parent=1357"}],"wp:term":[{"taxonomy":"category","embeddable":true,"href":"https:\/\/news-fm.ro\/index.php\/wp-json\/wp\/v2\/categories?post=1357"},{"taxonomy":"post_tag","embeddable":true,"href":"https:\/\/news-fm.ro\/index.php\/wp-json\/wp\/v2\/tags?post=1357"}],"curies":[{"name":"wp","href":"https:\/\/api.w.org\/{rel}","templated":true}]}}