{"id":13567,"date":"2026-02-27T13:12:39","date_gmt":"2026-02-27T13:12:39","guid":{"rendered":"https:\/\/news-fm.ro\/index.php\/2026\/02\/27\/tania-turtureanu-sustine-primul-concert-la-sala-palatului-pe-8-mai\/"},"modified":"2026-02-27T13:12:39","modified_gmt":"2026-02-27T13:12:39","slug":"tania-turtureanu-sustine-primul-concert-la-sala-palatului-pe-8-mai","status":"publish","type":"post","link":"https:\/\/news-fm.ro\/index.php\/2026\/02\/27\/tania-turtureanu-sustine-primul-concert-la-sala-palatului-pe-8-mai\/","title":{"rendered":"Tania Turtureanu sus\u021bine primul concert la Sala Palatului pe 8 mai"},"content":{"rendered":"<p><a href=\"https:\/\/www.infomusic.ro\/stiri\/muzica\/concerte-turnee\/\">Concerte &#038; turnee<\/a>T\u00e2rgul Lights of the Village 2025 de la Muzeul Satului B\u0103n\u0103\u021bean are \u00een program concerte The Motans \u0219i Subcarpa\u021bi <\/p>\n<p>\u00cen perioada 6 &#8211; 21 decembrie, la Muzeul Satului B\u0103n\u0103\u021bean din Timi\u0219oara, va avea loc T\u00e2rgul de Cr\u0103ciun Lights of the Village 2025. Publicul se va putea bucura de instala\u021bii spectaculoase \u0219i concerte cu intrare gratuit\u0103. Pe lista arti\u0219tilor confirma\u021bi \u00een programul artistic se afl\u0103 nume precum Subcarpa\u021bi, The Motans, Vunk \u0219i Mircea Baniciu.<\/p>\n<p><img loading=\"lazy\" alt src=\"https:\/\/secure.gravatar.com\/avatar\/fc95fe2baff59157fc4a45c2420b12012132afaad378497b27770f2e04b630ac?s=46&#038;d=blank&#038;r=g\"  height=\"46\" width=\"46\" loading=\"lazy\" decoding=\"async\"\/><\/p>\n<p>Publicat<\/p>\n<p>acum 3 luni<\/p>\n<p>pe<\/p>\n<p>26\/11\/2025<\/p>\n<p><img loading=\"lazy\" width=\"1000\" height=\"667\" src=\"https:\/\/static.infomusic.ro\/media\/2025\/11\/lights-of-the-village-2025-muzeul-satului-banatean-timisoara-afis-1000x667.jpg\" alt=\"\"Lights of The Village 2025\", T\u00e2rgul de Cr\u0103ciun de la Muzeul Satului B\u0103n\u0103\u021bean\" decoding=\"async\" loading=\"lazy\"\/><\/p>\n<p> &#8220;Lights of The Village 2025&#8221;, T\u00e2rgul de Cr\u0103ciun de la Muzeul Satului B\u0103n\u0103\u021bean \u2502 FOTO: Colaj afi\u0219 oficial <\/p>\n<p>T\u00e2rgul de Cr\u0103ciun de la Muzeul Satului B\u0103n\u0103\u021bean revine dup\u0103 doi ani de pauz\u0103. Consiliul Jude\u021bean Timi\u0219 a anun\u021bat c\u0103 \u00een 2025 evenimentul se va numi Lights of the Village \u0219i se va desf\u0103\u0219ura \u00een perioada 6 &#8211; 21 decembrie. Printre atrac\u021biile t\u00e2rgului se vor num\u0103ra decoruri speciale de Cr\u0103ciun cu instala\u021bii spectaculoase, un patinoar, show-uri cu lasere \u0219i concerte cu intrare gratuit\u0103. The Motans, Subcarpa\u021bi, Vunk \u0219i Mircea Baniciu sunt pe lista arti\u0219tilor confirma\u021bi la T\u00e2rgul Lights of the Village 2025.<\/p>\n<p>&#8220;Transform\u0103m Muzeul Satului B\u0103n\u0103\u021bean \u00eentr-o scen\u0103 uria\u0219\u0103, unde lumina, sunetul \u0219i energia dau via\u021b\u0103 celui mai important eveniment al iernii din Timi\u0219.<\/p>\n<p>\u00cen perioada 6 &#8211; 21 decembrie, muzeul se reinventeaz\u0103. Devine un parc sc\u0103ldat \u00een mii de lumini \u0219i va g\u0103zdui instala\u021bii spectaculoase \u0219i decoruri g\u00e2ndite special pentru a completa magia s\u0103rb\u0103torilor.<\/p>\n<p>Vizitatorii se vor bucura de un patinoar, de zone de m\u00e2ncare, instala\u021bii vizuale cu efecte speciale \u0219i show-uri cu lasere care vor redefini atmosfera.<\/p>\n<p>\u00cen fiecare weekend, \u00een inima muzeului, vor avea loc concerte&#8221;, a anun\u021bat \u00eentr-o <a href=\"https:\/\/www.facebook.com\/photo\/?fbid=1372964417617226&#038;set=a.418939136353097\" target=\"_blank\" rel=\"noopener\">postare online<\/a> Pre\u0219edintele Consiliului Jude\u0163ean Timi\u015f, Alfred Simonis.<\/p>\n<p>Potrivit mesajului transmis de pre\u0219edintele CJ Timi\u0219, intrarea va fi gratuit\u0103 inclusiv la patinoar.<\/p>\n<p>&#8220;\u00cen luna decembrie, cea mai vesel\u0103 din an, Muzeul Satului B\u0103n\u0103\u021bean va fi cuprins de farmecul s\u0103rb\u0103torilor \u0219i se transform\u0103 \u00eentr-un spa\u021biu plin de lumin\u0103 \u0219i de bucurie, \u00een care tu e\u0219ti a\u0219teptat s\u0103 faci parte din spectacol&#8221;, \u0219i-a \u00eencheiat mesajul conducerea CJ Timi\u0219.<\/p>\n<p>Ce arti\u0219ti concerteaz\u0103 la T\u00e2rgul de Cr\u0103ciun Lights of the Village 2025:<\/p>\n<ul>\n<li>Subcarpa\u021bi,<\/li>\n<li>The Motans,<\/li>\n<li>Vunk,<\/li>\n<li>Damian &#038; Brothers,<\/li>\n<li>Tania Turtureanu,<\/li>\n<li>Argatu,<\/li>\n<li>Mircea Baniciu<\/li>\n<li>Phaser<\/li>\n<\/ul>\n<p>Programul detaliat Lights of the Village 2025, cu zilele \u0219i orele fiec\u0103rui concert, va fi comunicat \u00een perioada urm\u0103toare.<\/p>\n<p> <a href=\"https:\/\/www.infomusic.ro\/stiri\/muzica\/concerte-turnee\/\">Concerte &#038; turnee<\/a>CODRU Festival 2025 &#8211; Acces \u0219i programul pe zile, ore \u0219i scene <\/p>\n<p>Cea de-a cincea edi\u021bie CODRU Festival din Timi\u0219oara \u00ee\u0219i deschide por\u021bile \u00een perioada 29 &#8211; 31 august. Akua Naru, Subcarpa\u021bi, Vi\u021ba de Vie, Coma, Deliric \u0219i Mircea Baniciu se num\u0103r\u0103 printre arti\u0219tii din lineup. Consult\u0103 detaliile despre acces \u0219i programul pe zile, ore \u0219i scene al festivalului CODRU 2025.<\/p>\n<p><img loading=\"lazy\" alt src=\"https:\/\/secure.gravatar.com\/avatar\/fc95fe2baff59157fc4a45c2420b12012132afaad378497b27770f2e04b630ac?s=46&#038;d=blank&#038;r=g\"  height=\"46\" width=\"46\" loading=\"lazy\" decoding=\"async\"\/><\/p>\n<p>Publicat<\/p>\n<p>acum 6 luni<\/p>\n<p>pe<\/p>\n<p>29\/08\/2025<\/p>\n<p><img loading=\"lazy\" width=\"800\" height=\"533\" src=\"https:\/\/static.infomusic.ro\/media\/2018\/08\/awake-festival-2018-5926-800x533.jpg\" alt decoding=\"async\" loading=\"lazy\"\/><\/p>\n<p> Akua Naru la Festivalul Awake 2018 \u2502 FOTO: Alexandru Dragoi \/ InfoMusic.ro <\/p>\n<p>\u00cenc\u0103 de la prima edi\u021bie, CODRU Festival a fost mai mult dec\u00e2t scene \u0219i lumini. CODRU este despre oameni, despre grija fa\u021b\u0103 de natur\u0103, despre art\u0103, comunitate \u0219i sprijin reciproc.<\/p>\n<p>La cea de-a 5-a edi\u021bie CODRU vor urca pe cele \u0219ase scene ale festivalului arti\u0219ti care inspir\u0103, care ne fac s\u0103 dans\u0103m \u0219i s\u0103 z\u00e2mbim.<\/p>\n<p> <a class=\"echo_read_more\" href=\"https:\/\/www.infomusic.ro\/2026\/02\/tania-turtureanu-primul-concert-sala-palatului-8-mai\/\" target=\"_blank\">\u00a0\u00bb\u00a0Cite\u0219te continuarea pe pagina autorului<\/a><\/p>\n","protected":false},"excerpt":{"rendered":"<p>Concerte &#038; turneeT\u00e2rgul Lights of the Village 2025 de la Muzeul Satului B\u0103n\u0103\u021bean are \u00een program concerte The Motans \u0219i Subcarpa\u021bi \u00cen perioada 6 &#8211; 21 decembrie, la Muzeul Satului B\u0103n\u0103\u021bean din Timi\u0219oara, va avea loc T\u00e2rgul de Cr\u0103ciun Lights of the Village 2025. Publicul se va putea bucura de instala\u021bii spectaculoase \u0219i concerte cu [&hellip;]<\/p>\n","protected":false},"author":1,"featured_media":13568,"comment_status":"open","ping_status":"open","sticky":false,"template":"","format":"standard","meta":{"_crdt_document":"","footnotes":""},"categories":[4],"tags":[],"class_list":["post-13567","post","type-post","status-publish","format-standard","has-post-thumbnail","hentry","category-noutati"],"_links":{"self":[{"href":"https:\/\/news-fm.ro\/index.php\/wp-json\/wp\/v2\/posts\/13567","targetHints":{"allow":["GET"]}}],"collection":[{"href":"https:\/\/news-fm.ro\/index.php\/wp-json\/wp\/v2\/posts"}],"about":[{"href":"https:\/\/news-fm.ro\/index.php\/wp-json\/wp\/v2\/types\/post"}],"author":[{"embeddable":true,"href":"https:\/\/news-fm.ro\/index.php\/wp-json\/wp\/v2\/users\/1"}],"replies":[{"embeddable":true,"href":"https:\/\/news-fm.ro\/index.php\/wp-json\/wp\/v2\/comments?post=13567"}],"version-history":[{"count":0,"href":"https:\/\/news-fm.ro\/index.php\/wp-json\/wp\/v2\/posts\/13567\/revisions"}],"wp:featuredmedia":[{"embeddable":true,"href":"https:\/\/news-fm.ro\/index.php\/wp-json\/wp\/v2\/media\/13568"}],"wp:attachment":[{"href":"https:\/\/news-fm.ro\/index.php\/wp-json\/wp\/v2\/media?parent=13567"}],"wp:term":[{"taxonomy":"category","embeddable":true,"href":"https:\/\/news-fm.ro\/index.php\/wp-json\/wp\/v2\/categories?post=13567"},{"taxonomy":"post_tag","embeddable":true,"href":"https:\/\/news-fm.ro\/index.php\/wp-json\/wp\/v2\/tags?post=13567"}],"curies":[{"name":"wp","href":"https:\/\/api.w.org\/{rel}","templated":true}]}}