{"id":13497,"date":"2026-02-26T21:09:27","date_gmt":"2026-02-26T21:09:27","guid":{"rendered":"https:\/\/news-fm.ro\/index.php\/2026\/02\/26\/tudor-chirila-este-nominalizat-la-premiile-uniter-2026-vezi-lista-completa-a-nominalizarilor\/"},"modified":"2026-02-26T21:09:27","modified_gmt":"2026-02-26T21:09:27","slug":"tudor-chirila-este-nominalizat-la-premiile-uniter-2026-vezi-lista-completa-a-nominalizarilor","status":"publish","type":"post","link":"https:\/\/news-fm.ro\/index.php\/2026\/02\/26\/tudor-chirila-este-nominalizat-la-premiile-uniter-2026-vezi-lista-completa-a-nominalizarilor\/","title":{"rendered":"Tudor Chiril\u0103 este nominalizat la Premiile UNITER 2026; Vezi lista complet\u0103 a nominaliz\u0103rilor"},"content":{"rendered":"<p>Vestea nominaliz\u0103rii a fost primit\u0103 de Tudor Chiril\u0103 cu bucurie \u0219i recuno\u0219tin\u021b\u0103. Actorul a postat online un mesaj de mul\u021bumire.<\/p>\n<p>&#8220;Am fost nominalizat de juriul UNITER la categoria &#8211; cel mai bun actor \u00een rol principal &#8211; pentru rolul B\u00e9renger din spectacolul Rinocerii de Eug\u00e8ne Ionesco la Teatrul de Comedie \u00een regia lui Vlad Massaci care a fost nominalizat \u0219i el pentru cea mai bun\u0103 regie tot cu acest spectacol.<\/p>\n<p>M\u0103 bucur \u0219i mul\u021bumesc frumos. Nominalizarea \u00een sine e o recunoa\u0219tere a muncii mele la acest rol, dar \u0219i a trupei noastre. (&#8230;)<\/p>\n<p>Io mai vreau s\u0103 zic c\u0103 sunt bucuros c\u0103 suntem o trup\u0103 foarte mi\u0219to la Comedie \u0219i c\u0103 Rinocerii a fost un proiect la care repeti\u021biile au fost cel pu\u021bin la fel de intense ca spectacolul&#8221;, a spus Tudor \u00een <a href=\"https:\/\/www.facebook.com\/photo?fbid=1457738242381498&#038;set=a.205569494265052\" target=\"_blank\" rel=\"noopener\">mesajul s\u0103u<\/a>.<\/p>\n<p>Pentru a XXXIV-a edi\u021bie a Galei Premiilor UNITER, juriul de nominaliz\u0103ri a fost alc\u0103tuit din criticii de teatru Oana Bor\u0219, Mihai Brezeanu \u0219i Iulia Popovici. Spectacolele care au intrat \u00een aten\u0163ia juriului sunt cele care au avut premiera \u00een perioada 1 ianuarie \u2013 31 decembrie 2025.<\/p>\n<p>Nominaliz\u0103rile pentru anul teatral 2025Cel mai bun debut<\/p>\n<ul>\n<li>Maria Elena Morar pentru rolurile din spectacolul \u201eLalele, p\u0103s\u0103ri \u0219i beton\u201d<\/li>\n<li>Larisa Popa pentru regia spectacolului \u201eAcest loc blestemat\u201d<\/li>\n<li>Ada-Maria Zaharia pentru scenografia spectacolului \u201eNoi, lupii\u201d<\/li>\n<\/ul>\n<p>Cel mai bun spectacol de teatru radiofonic<\/p>\n<ul>\n<li>1984 de George Orwell, adaptarea \u0219i regia Alexandru Unguru, Voxa<\/li>\n<li>Fereastra care n-avea somn de Selma Drago\u0219, adaptarea radiofonic\u0103 \u0219i regia Mihnea Chelaru, Societatea Rom\u00e2n\u0103 de Radiodifuziune<\/li>\n<li>heteroS\u0103l\u0103jan, dramaturgia R\u0103zvan Omot\u0103, regia Robert Kocsis, AUZIT.Teatru Radiofonic<\/li>\n<li>Oedip la Colonos de Sofocle, regia Gavriil Pinte, Societatea Rom\u00e2n\u0103 de Radiodifuziune<\/li>\n<\/ul>\n<p>Cea mai bun\u0103 scenografie<\/p>\n<ul>\n<li>Gabi Albu pentru scenografia spectacolului \u201e\u00cen zori, lumina e mai aspr\u0103\u201d de Mihaela Michailov, regia Radu Apostol<\/li>\n<li>Gyop\u00e1r Bocskai pentru scenografia spectacolului \u201eI am the wind\u201d de Jon Fosse, regia G\u00e1bor Tompa<\/li>\n<li>Oana Micu pentru scenografia spectacolului \u201eLivada de vi\u0219ini\u201d de A.P. Cehov, regia Andrei M\u0103jeri<\/li>\n<li>Irina Moscu pentru scenografia spectacolului \u201eProorocul Ilie\u201d de Tadeusz S\u0142obodzianek, regia Botond Nagy<\/li>\n<li>Be\u00e1ta V.S\u00f3s \u0219i S\u00e1ra Katalin Mih\u00e1ly pentru scenografia spectacolului \u201eMaestrul \u0219i Margareta\u201d dup\u0103 Mihail Bulgakov, regia Sardar Tagirovski<\/li>\n<\/ul>\n<p>Cel mai bun actor \u00een rol secundar<\/p>\n<ul>\n<li>George Albert Costea pentru rolul Evgheni Konstantinovici Lvov din spectacolul \u201eIvanov\u201d de A.P. Cehov<\/li>\n<li>\u0218tefan Iancu pentru rolul Arti din spectacolul \u201eClub 27\u201d de C\u0103t\u0103lina Mihai<\/li>\n<li>Sorin Leoveanu pentru rolurile Lady Margaret\/Clarence din spectacolul \u201eRichard al III-lea\u201d de William Shakespeare<\/li>\n<li>Csongor Zsolt Nagy pentru rolurile Dinis\/Ver\u0219inin\/Harpagon\/Doctorul din spectacolul \u201eSopro \u2013 \u0218oapte din umbr\u0103\u201d de Tiago Rodrigues<\/li>\n<li>Tibor P\u00e1lffy pentru rolul Jean din spectacolul \u201eRinocerii\u201d de Eug\u00e8ne Ionesco<\/li>\n<\/ul>\n<p>Cea mai bun\u0103 actri\u021b\u0103 \u00een rol secundar<\/p>\n<ul>\n<li>Alexandra Caras pentru rolul Mica din spectacolul \u201eDealul florilor\u201d de Cali\u021ba Nantu<\/li>\n<li>Blanca Doba pentru rolul Jim Curry din spectacolul \u201eOmul care aduce ploaia\u201d de Richard Nash<\/li>\n<li>Elena Emandi pentru rolurile Izabela, narator \u0219i \u00eengerul din spectacolul \u201eVia\u021ba, moartea \u0219i \u00eenvierea domnului Valentin Ionescu\u201d de Radu Horghidan<\/li>\n<li>Ioana Iacob pentru rolul Mariedl din spectacolul \u201e\u0218efele\u201d de Werner Schwab<\/li>\n<li>Blanka Moldov\u00e1n pentru rolurile Directoarea\/Izabel\/Olga\/Antigona\/Berenice din spectacolul \u201eSopro \u2013 \u0218oapte din umbr\u0103\u201d de Tiago Rodrigues<\/li>\n<\/ul>\n<p>Cel mai bun actor \u00een rol principal<\/p>\n<ul>\n<li>Tudor Chiril\u0103 pentru rolul B\u00e9renger din spectacolul \u201eRinocerii\u201d de Eug\u00e8ne Ionesco<\/li>\n<li>Bence K\u00f3nya-\u00dct\u0151 pentru rolul B\u00e9renger din spectacolul \u201eRinocerii\u201d de Eug\u00e8ne Ionesco<\/li>\n<li>Csaba L\u00e1szl\u00f3 pentru rolul Both Karola,<\/li>\n<\/ul>\n<p> <a class=\"echo_read_more\" href=\"https:\/\/www.infomusic.ro\/2026\/02\/tudor-chirila-nominalizat-premiile-uniter-2026-lista-completa-nominalizari\/\" target=\"_blank\">\u00a0\u00bb\u00a0Cite\u0219te continuarea pe pagina autorului<\/a><\/p>\n","protected":false},"excerpt":{"rendered":"<p>Vestea nominaliz\u0103rii a fost primit\u0103 de Tudor Chiril\u0103 cu bucurie \u0219i recuno\u0219tin\u021b\u0103. Actorul a postat online un mesaj de mul\u021bumire. &#8220;Am fost nominalizat de juriul UNITER la categoria &#8211; cel mai bun actor \u00een rol principal &#8211; pentru rolul B\u00e9renger din spectacolul Rinocerii de Eug\u00e8ne Ionesco la Teatrul de Comedie \u00een regia lui Vlad Massaci [&hellip;]<\/p>\n","protected":false},"author":1,"featured_media":13498,"comment_status":"open","ping_status":"open","sticky":false,"template":"","format":"standard","meta":{"_crdt_document":"","footnotes":""},"categories":[4],"tags":[],"class_list":["post-13497","post","type-post","status-publish","format-standard","has-post-thumbnail","hentry","category-noutati"],"_links":{"self":[{"href":"https:\/\/news-fm.ro\/index.php\/wp-json\/wp\/v2\/posts\/13497","targetHints":{"allow":["GET"]}}],"collection":[{"href":"https:\/\/news-fm.ro\/index.php\/wp-json\/wp\/v2\/posts"}],"about":[{"href":"https:\/\/news-fm.ro\/index.php\/wp-json\/wp\/v2\/types\/post"}],"author":[{"embeddable":true,"href":"https:\/\/news-fm.ro\/index.php\/wp-json\/wp\/v2\/users\/1"}],"replies":[{"embeddable":true,"href":"https:\/\/news-fm.ro\/index.php\/wp-json\/wp\/v2\/comments?post=13497"}],"version-history":[{"count":0,"href":"https:\/\/news-fm.ro\/index.php\/wp-json\/wp\/v2\/posts\/13497\/revisions"}],"wp:featuredmedia":[{"embeddable":true,"href":"https:\/\/news-fm.ro\/index.php\/wp-json\/wp\/v2\/media\/13498"}],"wp:attachment":[{"href":"https:\/\/news-fm.ro\/index.php\/wp-json\/wp\/v2\/media?parent=13497"}],"wp:term":[{"taxonomy":"category","embeddable":true,"href":"https:\/\/news-fm.ro\/index.php\/wp-json\/wp\/v2\/categories?post=13497"},{"taxonomy":"post_tag","embeddable":true,"href":"https:\/\/news-fm.ro\/index.php\/wp-json\/wp\/v2\/tags?post=13497"}],"curies":[{"name":"wp","href":"https:\/\/api.w.org\/{rel}","templated":true}]}}