{"id":1346,"date":"2019-04-10T12:20:30","date_gmt":"2019-04-10T12:20:30","guid":{"rendered":"http:\/\/news-fm.ro\/?p=1346"},"modified":"2019-04-10T12:20:32","modified_gmt":"2019-04-10T12:20:32","slug":"videoclip-oficial-marina-to-be-human","status":"publish","type":"post","link":"https:\/\/news-fm.ro\/index.php\/2019\/04\/10\/videoclip-oficial-marina-to-be-human\/","title":{"rendered":"Videoclip oficial: MARINA &#8211; To Be Human"},"content":{"rendered":"\n<p class=\"wp-block-paragraph\"><strong>Marina ne propune s\u0103 reflect\u0103m asupra ideii de umanitate printr-un videoclip ce surprinde momente istorice de referin\u021b\u0103. Noul single &#8220;To Be Human&#8221; aduce \u00een discu\u021bie importan\u021ba unit\u0103\u021bii \u00eentr-un climat politic tulbure.<\/strong><\/p>\n\n\n\n<figure><iframe width=\"800\" height=\"450\" src=\"https:\/\/www.youtube.com\/embed\/DM8Tm9ycGz4?version=3&amp;rel=1&amp;fs=1&amp;autohide=2&amp;showsearch=0&amp;showinfo=1&amp;iv_load_policy=1&amp;wmode=transparent\" allowfullscreen=\"true\"><\/iframe><\/figure>\n\n\n\n<blockquote class=\"wp-block-quote is-layout-flow wp-block-quote-is-layout-flow\"><p>&#8220;&#8221;<strong>To Be Human<\/strong>&#8221; este probabil cea mai important\u0103 pies\u0103 de pe acest album pentru mine, pentru c\u0103 din punct de vedere tematic \u00eensumeaz\u0103 lucrurile la care m-am g\u00e2ndit \u00een ultimii 3 ani. Cred c\u0103 acest subiect este foarte important, e vorba despre unitate. Amintesc \u00een versuri de multe locuri din lume: S\u00e3o Paulo, Verona, Angola, Chicago, Kyoto, Hiroshima, Grecia. C\u00e2nd le-am scris am vrut s\u0103 creez imaginea de ansamblu a umanit\u0103\u021bii, pentru c\u0103 \u00een climatul politic actual ni se spune mereu s\u0103-i vedem pe cei din jurul nostru ca pe &#8220;ceilal\u021bi&#8221;. A\u0219a c\u0103 am scris piesa g\u00e2ndindu-m\u0103 la asta \u0219i din acest motiv e o parte central\u0103 a albumului&#8221;, a detaliat&nbsp;<strong>Marina<\/strong>.<\/p><\/blockquote>\n\n\n\n<h2 class=\"wp-block-heading\">&#8220;Nu cred c\u0103 ne permitem s\u0103 nu ne implic\u0103m \u00een subiectul \u0103sta&#8221;<\/h2>\n\n\n\n<p class=\"wp-block-paragraph\">\u00centr-un interviu pentru Billboard, Marina a indicat c\u0103 piesa &#8220;<strong>To Be Human<\/strong>&#8221; este cea mai politic\u0103 melodie a sa de p\u00e2n\u0103 acum, compun\u00e2nd-o din dorin\u021ba de a-\u0219i exprima opinia cu privire la societate \u00een ansamblu, la nivel mondial.<\/p>\n\n\n\n<blockquote class=\"wp-block-quote is-layout-flow wp-block-quote-is-layout-flow\"><p>&#8220;Nu cred c\u0103 ne permitem s\u0103 nu ne implic\u0103m \u00een subiectul \u0103sta. Cu to\u021bii avem nevoie de provoc\u0103ri, iar dac\u0103 nimeni nu ne prezint\u0103 idei diferite, cum vom putea s\u0103 evolu\u0103m \u0219i s\u0103 \u00eenv\u0103\u021b\u0103m?&#8221;<\/p><\/blockquote>\n\n\n\n<p class=\"wp-block-paragraph\">Piesa &#8220;<strong>To Be Human<\/strong>&#8221; este produs\u0103 de Joel Little \u0219i se reg\u0103se\u0219te pe albumul &#8220;<strong>LOVE + FEAR<\/strong>&#8220;, a\u0219teptat pe pia\u021b\u0103 pe 26 aprilie. Marina a \u00eenregistrat acest material \u00een Londra, Suedia \u0219i Los Angeles. Discul marcheaz\u0103 o nou\u0103 etap\u0103 \u00een cariera artistei, dup\u0103 o pauz\u0103 \u00eendelungat\u0103 \u00een care\u00a0<em>&#8220;s-a redescoperit pe sine&#8221;<\/em>. \u00cen anii de absen\u021b\u0103, Marina s-a \u00eentors la \u0219coal\u0103 pentru a studia despre diferitele tipuri de personalitate \u0219i teoria ata\u0219amentului.<\/p>\n\n\n\n<figure class=\"wp-block-image\"><img decoding=\"async\" src=\"https:\/\/news-fm.ro\/wp-content\/uploads\/2019\/04\/MARINA-To-Be-Human-Lyrics-1024x576.jpg\" alt=\"\" class=\"wp-image-1350\"\/><\/figure>\n\n\n\n<p class=\"wp-block-paragraph\"><strong>Marina and the Diamonds<\/strong>\u00a0a devenit cunoscut\u0103 pe plan interna\u021bional\u00a0odat\u0103 cu ocuparea locului\u00a0al doilea la\u00a0BBC Sound of 2010. \u00cen acela\u0219i an a fost nominalizat\u0103 la Brit Awards \u0219i a c\u00e2\u0219tigat la MTV Europe Music Awards premiul categoriei Best UK &amp; Irish Act. Cele mai cunoscute piese din repertoriul\u00a0<strong>Marina and the Diamonds<\/strong>\u00a0sunt \u201ePrimadonna\u201d,\u00a0\u201eHow to Be a Heartbreaker\u201d \u0219i \u201eHollywood\u201d.<\/p>\n\n\n\n<p class=\"wp-block-paragraph\">Sursa: infomusic.ro<\/p>\n","protected":false},"excerpt":{"rendered":"<p>Marina ne propune s\u0103 reflect\u0103m asupra ideii de umanitate printr-un videoclip ce surprinde momente istorice de referin\u021b\u0103. Noul single &#8220;To Be Human&#8221; aduce \u00een discu\u021bie importan\u021ba unit\u0103\u021bii \u00eentr-un climat politic tulbure. &#8220;&#8221;To Be Human&#8221; este probabil cea mai important\u0103 pies\u0103 de pe acest album pentru mine, pentru c\u0103 din punct de vedere tematic \u00eensumeaz\u0103 lucrurile [&hellip;]<\/p>\n","protected":false},"author":1,"featured_media":0,"comment_status":"open","ping_status":"open","sticky":false,"template":"","format":"standard","meta":{"_crdt_document":"","footnotes":""},"categories":[1],"tags":[],"class_list":["post-1346","post","type-post","status-publish","format-standard","hentry","category-diverse"],"_links":{"self":[{"href":"https:\/\/news-fm.ro\/index.php\/wp-json\/wp\/v2\/posts\/1346","targetHints":{"allow":["GET"]}}],"collection":[{"href":"https:\/\/news-fm.ro\/index.php\/wp-json\/wp\/v2\/posts"}],"about":[{"href":"https:\/\/news-fm.ro\/index.php\/wp-json\/wp\/v2\/types\/post"}],"author":[{"embeddable":true,"href":"https:\/\/news-fm.ro\/index.php\/wp-json\/wp\/v2\/users\/1"}],"replies":[{"embeddable":true,"href":"https:\/\/news-fm.ro\/index.php\/wp-json\/wp\/v2\/comments?post=1346"}],"version-history":[{"count":0,"href":"https:\/\/news-fm.ro\/index.php\/wp-json\/wp\/v2\/posts\/1346\/revisions"}],"wp:attachment":[{"href":"https:\/\/news-fm.ro\/index.php\/wp-json\/wp\/v2\/media?parent=1346"}],"wp:term":[{"taxonomy":"category","embeddable":true,"href":"https:\/\/news-fm.ro\/index.php\/wp-json\/wp\/v2\/categories?post=1346"},{"taxonomy":"post_tag","embeddable":true,"href":"https:\/\/news-fm.ro\/index.php\/wp-json\/wp\/v2\/tags?post=1346"}],"curies":[{"name":"wp","href":"https:\/\/api.w.org\/{rel}","templated":true}]}}