{"id":13440,"date":"2026-02-26T13:09:14","date_gmt":"2026-02-26T13:09:14","guid":{"rendered":"https:\/\/news-fm.ro\/index.php\/2026\/02\/26\/theo-rose-ramane-in-juriul-vocea-romaniei-nici-nu-s-a-pus-vreodata-problema-sa-plec\/"},"modified":"2026-02-26T13:09:14","modified_gmt":"2026-02-26T13:09:14","slug":"theo-rose-ramane-in-juriul-vocea-romaniei-nici-nu-s-a-pus-vreodata-problema-sa-plec","status":"publish","type":"post","link":"https:\/\/news-fm.ro\/index.php\/2026\/02\/26\/theo-rose-ramane-in-juriul-vocea-romaniei-nici-nu-s-a-pus-vreodata-problema-sa-plec\/","title":{"rendered":"Theo Rose r\u0103m\u00e2ne \u00een juriul Vocea Rom\u00e2niei: &#8220;Nici nu s-a pus vreodat\u0103 problema s\u0103 plec&#8221;"},"content":{"rendered":"<p>Cu o voce puternic\u0103 \u0219i o personalitate care a ajutat-o s\u0103 se exprime liber pe scen\u0103, Alessia Pop a reu\u0219it s\u0103-i surprind\u0103 pe antrenori \u00eenc\u0103 de la primele acorduri c\u00e2ntate \u00een acest sezon c\u00e2nd a \u00eentors toate scaunele. Cei de acas\u0103 au vibrat la fiecare interpretare \u0219i i-au oferit votul. \u00cen marea final\u0103, a reu\u0219it s\u0103 impresioneze cu trei momente pe care le-a transformat \u00eentr-un adev\u0103rat spectacol. Pe l\u00e2ng\u0103 trofeul Vocea Rom\u00e2niei \u0219i premiul \u00een valoare de 100.000 de euro, Alessia Pop va avea \u0219ansa s\u0103 c\u00e2nte \u00een 2026 pe scena Electric Castle.<\/p>\n<p>&#8220;M\u0103 simt extraordinar, am avut foarte multe emo\u021bii \u0219i m\u0103 bucur enorm c\u0103 am reu\u0219it s\u0103 le gestionez \u00een a\u0219a fel \u00eenc\u00e2t s\u0103 pot transmite \u0219i la televizor. Am avut o onoare extraordinar de mare s\u0103 m\u0103 aflu pe aceast\u0103 scen\u0103. Le mul\u021bumesc tuturor celor de acas\u0103 care m-au votat \u0219i care au fost al\u0103turi de mine, \u00eemi doresc mult s\u0103 fie al\u0103turi de mine \u0219i \u00een continuare, pentru c\u0103 cel mai probabil o s\u0103 am un proiect foarte frumos, pe care \u00eemi doresc s\u0103-l \u00eemp\u0103rt\u0103\u0219esc c\u00e2t de cur\u00e2nd&#8221;, a spus Alessia imediat dup\u0103 c\u00e2\u0219tigarea trofeului.<\/p>\n<p>Clasamentul final Vocea Rom\u00e2niei 2025<\/p>\n<ul>\n<li>Locul 1:\u00a0Alessia Pop<\/li>\n<li>Locul 2:\u00a0Anita Petruescu<\/li>\n<li>Locul 3: Raisa Radu<\/li>\n<li>Locul 4: Eva Nicolescu<\/li>\n<\/ul>\n<p>Rezumatul finalei Vocea Rom\u00e2niei 2025<\/p>\n<p>Ultima edi\u021bie din competi\u021bia Vocea Rom\u00e2niei a \u00eenceput cu un duet emo\u021bionant marca Irina Rimes \u0219i Raisa Radu. Cele dou\u0103 au interpretat piesa &#8220;P\u0103dure&#8221;.<\/p>\n<p>&#8220;Parc\u0103 sunte\u021bi f\u0103cute una pentru alta. Mi-a pl\u0103cut foarte mult varianta asta! Mi se pare c\u0103 Raisa are ceva din vocea Irinei. Foarte mi\u0219to momentul, foarte mi\u0219to armonizat! Mi-a pl\u0103cut foarte mult!&#8221;, a fost de p\u0103rere Tudor Chiril\u0103.<\/p>\n<p>Irina a l\u0103udat-o din nou pe Raisa, apreciindu-i toate calit\u0103\u021bile care au adus-o p\u00e2n\u0103 \u00een finala Vocea Rom\u00e2niei 2025. Artista a ad\u0103ugat:<\/p>\n<p>&#8220;E\u0219ti un copil minunat! Eu dac\u0103 o sa am un copil, vreau s\u0103 am un copil ca tine.&#8221;<\/p>\n<\/p>\n<p>Primul solo al finalei a fost sus\u021binut de Eva Nicolescu, din echipa Theo Rose \u0219i Horia Brenciu. Concurenta \u0219i-a c\u00e2ntat povestea muzical\u0103 cu piesa &#8220;The Impossible Dream&#8221;.<\/p>\n<p>&#8220;Foarte bun momentul t\u0103u! Ai o voce impresionant\u0103 \u0219i ai \u0219i o putere interioar\u0103 impresionant\u0103. Sunt \u0219ocat de c\u00e2t de serio\u0219i a\u021bi fost to\u021bi. E o presiune extrem de mare s\u0103 faci fa\u021b\u0103 unei s\u0103pt\u0103m\u00e2ni at\u00e2t de intense. E\u0219ti pachetul complet, din punctul meu de vedere&#8221;, a declarat Smiley.<\/p>\n<p>Irina a ad\u0103ugat:<\/p>\n<p>&#8220;E\u0219ti o voce de liga I! Ai avut o pies\u0103 mare \u0219i dac\u0103 ai putut s\u0103 o c\u00e2n\u021bi \u00eenseamn\u0103 c\u0103 e\u0219ti o voce mare! Vreau s\u0103 ne \u00eent\u00e2lnim la concerte. Ideal ar fi s\u0103 ies de pe scen\u0103 \u0219i tu s\u0103 intri.&#8221;<\/p>\n<p>Pe l\u00e2ng\u0103 aprecierea pentru momentul Evei, Tudor a vorbit despre c\u00e2t de important\u0103 este sus\u021binerea genera\u021biilor tinere. Av\u00e2nd \u00een vedere c\u0103 trei dintre finaliste au 17 ani, vocile care vin din urm\u0103 au multe de ar\u0103tat \u0219i au nevoie de \u00eencredere pentru a se deschide \u00een totalitate.<\/p>\n<\/p>\n<p>Anita Petruescu \u0219i grupul Jazzapella au preg\u0103tit un moment special cu &#8220;Bohemian Rhapsody&#8221;. Smiley a fost de p\u0103rere c\u0103 este \u00een top 5 cele mai grele piese.<\/p>\n<\/p>\n<p>Urm\u0103torul moment solo a venit din echipa lui Tudor Chiril\u0103. Alessia Pop a c\u00e2ntat &#8220;Purple Rain&#8221;, <em>&#8220;o piesa mare, o pies\u0103 de final\u0103&#8221;<\/em>, dup\u0103 cum a decris-o antrenorul s\u0103u.<\/p>\n<p>&#8220;E\u0219ti extraordinar\u0103! Pari o fat\u0103 foarte ambi\u021bioas\u0103 E\u0219ti foarte talentat\u0103! Mi se pare c\u0103 ai crescut foarte mult \u00een concursul asta&#8221;,<\/p>\n<p> <a class=\"echo_read_more\" href=\"https:\/\/www.infomusic.ro\/2026\/02\/theo-rose-juriu-vocea-romaniei-nu-s-a-pus-problema-sa-plec\/\" target=\"_blank\">\u00a0\u00bb\u00a0Cite\u0219te continuarea pe pagina autorului<\/a><\/p>\n","protected":false},"excerpt":{"rendered":"<p>Cu o voce puternic\u0103 \u0219i o personalitate care a ajutat-o s\u0103 se exprime liber pe scen\u0103, Alessia Pop a reu\u0219it s\u0103-i surprind\u0103 pe antrenori \u00eenc\u0103 de la primele acorduri c\u00e2ntate \u00een acest sezon c\u00e2nd a \u00eentors toate scaunele. Cei de acas\u0103 au vibrat la fiecare interpretare \u0219i i-au oferit votul. \u00cen marea final\u0103, a reu\u0219it [&hellip;]<\/p>\n","protected":false},"author":1,"featured_media":13441,"comment_status":"open","ping_status":"open","sticky":false,"template":"","format":"standard","meta":{"_crdt_document":"","footnotes":""},"categories":[4],"tags":[],"class_list":["post-13440","post","type-post","status-publish","format-standard","has-post-thumbnail","hentry","category-noutati"],"_links":{"self":[{"href":"https:\/\/news-fm.ro\/index.php\/wp-json\/wp\/v2\/posts\/13440","targetHints":{"allow":["GET"]}}],"collection":[{"href":"https:\/\/news-fm.ro\/index.php\/wp-json\/wp\/v2\/posts"}],"about":[{"href":"https:\/\/news-fm.ro\/index.php\/wp-json\/wp\/v2\/types\/post"}],"author":[{"embeddable":true,"href":"https:\/\/news-fm.ro\/index.php\/wp-json\/wp\/v2\/users\/1"}],"replies":[{"embeddable":true,"href":"https:\/\/news-fm.ro\/index.php\/wp-json\/wp\/v2\/comments?post=13440"}],"version-history":[{"count":0,"href":"https:\/\/news-fm.ro\/index.php\/wp-json\/wp\/v2\/posts\/13440\/revisions"}],"wp:featuredmedia":[{"embeddable":true,"href":"https:\/\/news-fm.ro\/index.php\/wp-json\/wp\/v2\/media\/13441"}],"wp:attachment":[{"href":"https:\/\/news-fm.ro\/index.php\/wp-json\/wp\/v2\/media?parent=13440"}],"wp:term":[{"taxonomy":"category","embeddable":true,"href":"https:\/\/news-fm.ro\/index.php\/wp-json\/wp\/v2\/categories?post=13440"},{"taxonomy":"post_tag","embeddable":true,"href":"https:\/\/news-fm.ro\/index.php\/wp-json\/wp\/v2\/tags?post=13440"}],"curies":[{"name":"wp","href":"https:\/\/api.w.org\/{rel}","templated":true}]}}