{"id":1288,"date":"2019-04-03T13:33:04","date_gmt":"2019-04-03T13:33:04","guid":{"rendered":"http:\/\/news-fm.ro\/?p=1288"},"modified":"2019-04-03T13:33:06","modified_gmt":"2019-04-03T13:33:06","slug":"edward-sanda-lanseaza-o-piesa-inspirata-din-viata-sa-inimi-pierdute","status":"publish","type":"post","link":"https:\/\/news-fm.ro\/index.php\/2019\/04\/03\/edward-sanda-lanseaza-o-piesa-inspirata-din-viata-sa-inimi-pierdute\/","title":{"rendered":"Edward Sanda lanseaz\u0103 o pies\u0103 inspirat\u0103 din via\u021ba sa: &#8220;Inimi Pierdute&#8221;"},"content":{"rendered":"\n<p class=\"wp-block-paragraph\">\n\nEdward Sanda a lansat o nou\u0103 pies\u0103.<\/p>\n\n\n\n<p class=\"wp-block-paragraph\">Dup\u0103 succesul de care s-a bucurat piesa &#8220;\u00cen Palma Ta&#8221;, ce a dep\u0103\u0219it 35 de milioane de vizualiz\u0103ri pe Youtube \u0219i a ajuns pe locul doi \u00een topul celor mai difuzate piese rom\u00e2ne\u0219ti la radio, Edward Sanda revine cu un nou single compus \u0219i produs de el.<\/p>\n\n\n\n<p class=\"wp-block-paragraph\"><em>\u201cAbia a\u0219teptam s\u0103 lansez aceast\u0103 pies\u0103 \u00een care am pus mult suflet. \u00cen ultima perioad\u0103 am \u00eenceput s\u0103 experimentez \u0219i aceast\u0103 latur\u0103, petrec mai mult timp \u00een studio \u0219i am descoperit c\u0103 \u00eemi place foarte mult s\u0103 compun. E un sentiment special s\u0103-\u021bi pui amprenta asupra unei piese, iar Inimi Pierdute se bazeaz\u0103 pe lucruri pe care \u0219i eu la r\u00e2ndul meu le-am tr\u0103it. Sper din suflet s\u0103 v\u0103 plac\u0103!\u201d\u00a0<\/em>Edward Sanda<\/p>\n\n\n\n<figure class=\"wp-block-image\"><img decoding=\"async\" src=\"https:\/\/news-fm.ro\/wp-content\/uploads\/2019\/04\/maxresdefault-1024x576.jpg\" alt=\"\" class=\"wp-image-1291\"\/><\/figure>\n\n\n\n<p class=\"wp-block-paragraph\">Pe l\u00e2ng\u0103 ipostaza de solist, Edward Sanda a demonstrat c\u0103 \u0219i ipostaza de compozitor i se potrive\u0219te, odat\u0103 cu lansarea primei piese compuse de c\u0103tre el,&nbsp;<strong>\u201e\u00cen palma ta\u201d<\/strong>. De asemenea, artistul a mai lansat o pies\u0103 compus\u0103 de c\u0103tre el,&nbsp;<strong>\u201eCozonac\u201d<\/strong>, featuring Cleopatra Stratan.<\/p>\n\n\n\n<figure><iframe allowfullscreen=\"\" height=\"394\" src=\"https:\/\/www.youtube.com\/embed\/H6nx4HBxPIs\" width=\"700\"><\/iframe><\/figure>\n\n\n\n<p class=\"wp-block-paragraph\"><strong>Inimi Pierdute<\/strong>&nbsp;p\u0103streaz\u0103 stilul caracteristic pieselor lansate p\u00e2n\u0103 acum, descriind o poveste de iubire aflat\u0103 la final de drum.&nbsp;<\/p>\n\n\n\n<p class=\"wp-block-paragraph\">Piesa este \u00eenregistrat\u0103 \u0219i compus\u0103 \u00een studiourile Famous Production, iar videoclipul este realizat \u00een totalitate de c\u0103tre echipa #famous. Este un videoclip de imagine, care \u00eel arat\u0103 pe artist \u00een ipostaze de \u00eendr\u0103gostit, al\u0103turi de protagonista clipului.<\/p>\n\n\n\n<p class=\"wp-block-paragraph\">Sursa: protv.ro<\/p>\n","protected":false},"excerpt":{"rendered":"<p>Edward Sanda a lansat o nou\u0103 pies\u0103. Dup\u0103 succesul de care s-a bucurat piesa &#8220;\u00cen Palma Ta&#8221;, ce a dep\u0103\u0219it 35 de milioane de vizualiz\u0103ri pe Youtube \u0219i a ajuns pe locul doi \u00een topul celor mai difuzate piese rom\u00e2ne\u0219ti la radio, Edward Sanda revine cu un nou single compus \u0219i produs de el. \u201cAbia [&hellip;]<\/p>\n","protected":false},"author":1,"featured_media":0,"comment_status":"open","ping_status":"open","sticky":false,"template":"","format":"standard","meta":{"_crdt_document":"","footnotes":""},"categories":[1],"tags":[],"class_list":["post-1288","post","type-post","status-publish","format-standard","hentry","category-diverse"],"_links":{"self":[{"href":"https:\/\/news-fm.ro\/index.php\/wp-json\/wp\/v2\/posts\/1288","targetHints":{"allow":["GET"]}}],"collection":[{"href":"https:\/\/news-fm.ro\/index.php\/wp-json\/wp\/v2\/posts"}],"about":[{"href":"https:\/\/news-fm.ro\/index.php\/wp-json\/wp\/v2\/types\/post"}],"author":[{"embeddable":true,"href":"https:\/\/news-fm.ro\/index.php\/wp-json\/wp\/v2\/users\/1"}],"replies":[{"embeddable":true,"href":"https:\/\/news-fm.ro\/index.php\/wp-json\/wp\/v2\/comments?post=1288"}],"version-history":[{"count":0,"href":"https:\/\/news-fm.ro\/index.php\/wp-json\/wp\/v2\/posts\/1288\/revisions"}],"wp:attachment":[{"href":"https:\/\/news-fm.ro\/index.php\/wp-json\/wp\/v2\/media?parent=1288"}],"wp:term":[{"taxonomy":"category","embeddable":true,"href":"https:\/\/news-fm.ro\/index.php\/wp-json\/wp\/v2\/categories?post=1288"},{"taxonomy":"post_tag","embeddable":true,"href":"https:\/\/news-fm.ro\/index.php\/wp-json\/wp\/v2\/tags?post=1288"}],"curies":[{"name":"wp","href":"https:\/\/api.w.org\/{rel}","templated":true}]}}