{"id":1273,"date":"2019-04-02T13:25:59","date_gmt":"2019-04-02T13:25:59","guid":{"rendered":"http:\/\/news-fm.ro\/?p=1273"},"modified":"2019-04-02T13:26:01","modified_gmt":"2019-04-02T13:26:01","slug":"videoclip-oficial-delia-feat-the-motans-ramai","status":"publish","type":"post","link":"https:\/\/news-fm.ro\/index.php\/2019\/04\/02\/videoclip-oficial-delia-feat-the-motans-ramai\/","title":{"rendered":"Videoclip oficial: Delia feat. The Motans &#8211; R\u0103m\u00e2i"},"content":{"rendered":"\n<p class=\"wp-block-paragraph\"><strong>Delia \u015fi The Motans au intrat direct \u00een Trending cu noua pies\u0103 &#8220;R\u0103m\u00e2i&#8221;. A sosit de 1 aprilie, dar nu e nici o p\u0103c\u0103leal\u0103 la mijloc. Acesta este un c\u00e2ntec de dragoste elegant, de o puritate deosebit\u0103 \u015fi prime\u015fte un videoclip \u00een care arti\u015ftii par s\u0103 reconstituie un bal de liceu. V\u0103 invit\u0103m s\u0103 viziona\u0163i clipul \u00een articol.<\/strong><\/p>\n\n\n\n<figure><iframe width=\"800\" height=\"450\" src=\"https:\/\/www.youtube.com\/embed\/Le9jRdfPVBA?version=3&amp;rel=1&amp;fs=1&amp;autohide=2&amp;showsearch=0&amp;showinfo=1&amp;iv_load_policy=1&amp;wmode=transparent\" allowfullscreen=\"true\"><\/iframe><\/figure>\n\n\n\n<p class=\"wp-block-paragraph\">\u00cen&nbsp;<strong>&#8220;R\u0103m\u00e2i&#8221;<\/strong>&nbsp;arti\u015ftii doresc s\u0103 opreasc\u0103 timpul pe vecie, pentru a prinde acea secund\u0103 de dans special, de \u00eenl\u0103n\u0163uire uman\u0103. Single-ul oscileaz\u0103 \u00eentre trip-hop \u015fi un pop melodramatic cu accente psihedelice. Videoclipul \u00eei prinde pe<a href=\"https:\/\/www.infomusic.ro\/videoclip\/motans-feat-delia-weekend\/\">&nbsp;Denis Roabe\u015f \u015fi Delia<\/a>&nbsp;\u00eenl\u0103n\u0163ui\u0163i \u00een dans, cu corpurile str\u00e2ns lipite \u015fi un pahar de b\u0103utur\u0103 gata s\u0103 fie v\u0103rsat.<\/p>\n\n\n\n<p class=\"wp-block-paragraph\">Sunt \u015fi secven\u0163e slow motion cu confetti, iar piesa se sf\u00e2r\u015fe\u015fte dramatic&#8230; ca de obicei pentru The Motans, erou al tragismului muzical autohton \u015fi de peste Prut. Exact c\u00e2nd eram gata s\u0103 m\u0103 declar fascinat de faptul c\u0103&nbsp;<a href=\"https:\/\/www.infomusic.ro\/video\/delia-traieste-frumos\/\">Delia<\/a>&nbsp;\u015fi Denis abordeaz\u0103 un gen apropiat de trip-hop, la final \u00ee\u015fi face apari\u0163ia un solo pentru a blura trecerea \u00eentre genuri \u015fi mai mult, vir\u00e2nd spre rock chiar.<\/p>\n\n\n\n<p class=\"wp-block-paragraph\"><strong>Delia<\/strong>\u00a0lanseaz\u0103 aceast\u0103 colaborare cu The Motans \u00een vreme ce se afl\u0103 \u00een plin turneu na\u0163ional &#8220;Acadelia&#8221;. &#8220;R\u0103m\u00e2i&#8221; este o compozi\u0163ie marca Delia Matache\/ The Motans, iar de produc\u0163ie s-a ocupat Alex Cotoi, care a colaborat cu cei doi arti\u015fti pe hituri ca\u00a0<a href=\"https:\/\/www.infomusic.ro\/videoclip\/delia-x-grasu-xxl-despablito\/\">&#8220;Despablito&#8221;<\/a>, &#8220;Da, mam\u0103&#8221;, &#8220;R\u0103m\u00e2i cu bine&#8221;, &#8220;Versus&#8221;, &#8220;Friend Zone&#8221; sau &#8220;\u00cenainte s\u0103 ne fi n\u0103scut&#8221;.<\/p>\n\n\n\n<figure class=\"wp-block-image\"><img decoding=\"async\" src=\"https:\/\/news-fm.ro\/wp-content\/uploads\/2019\/04\/Delia.jpg\" alt=\"\" class=\"wp-image-1275\"\/><\/figure>\n\n\n\n<p class=\"wp-block-paragraph\">Videoclipul a fost filmat \u015fi regizat de Bogdan P\u0103un \u015fi Alexandru Mure\u015fan de la NGM Creative, dup\u0103 un concept The Motans. Delia \u015fi-a \u00eenc\u00e2ntat fanii la o serie de concerte \u00een cadrul primului turneu na\u0163ional &#8220;Acadelia&#8221;. E vorba despre o serie de concerte care au fost sold out \u00een Timi\u015foara, Craiova, Ia\u015fi, Bra\u015fov, Gala\u0163i, Bac\u0103u, Piatra Neam\u0163 \u015fi T\u00e2rgu-Jiu. Delia venea de asemenea dup\u0103 3 evenimente cu casa \u00eenchis\u0103 care au avut loc toamna trecut\u0103 la Sala Palatului, \u00een Bucure\u015fti.<\/p>\n\n\n\n<p class=\"wp-block-paragraph\"><strong>The Motans<\/strong>\u00a0le preg\u0103te\u015fte fanilor un concert de anvergur\u0103, &#8220;The Motans Grand Concert&#8221;, pe 31 mai la Arenele Romane. Evenimentul va include piese hit ca &#8220;Versus&#8221;, dar \u015fi &#8220;Jackpot&#8221; sau &#8220;Weekend&#8221;. Printre invita\u0163ii speciali ai lui Denis Roabes se num\u0103r\u0103 Irina Rimes \u015fi\u00a0<a href=\"https:\/\/www.infomusic.ro\/2019\/03\/lucia-in-deschidere-concert-the-motans-arenele-romane\/\">Lucia<\/a>.<\/p>\n\n\n\n<p class=\"wp-block-paragraph\">Sursa: infomusic.ro<\/p>\n","protected":false},"excerpt":{"rendered":"<p>Delia \u015fi The Motans au intrat direct \u00een Trending cu noua pies\u0103 &#8220;R\u0103m\u00e2i&#8221;. A sosit de 1 aprilie, dar nu e nici o p\u0103c\u0103leal\u0103 la mijloc. Acesta este un c\u00e2ntec de dragoste elegant, de o puritate deosebit\u0103 \u015fi prime\u015fte un videoclip \u00een care arti\u015ftii par s\u0103 reconstituie un bal de liceu. V\u0103 invit\u0103m s\u0103 viziona\u0163i [&hellip;]<\/p>\n","protected":false},"author":1,"featured_media":0,"comment_status":"open","ping_status":"open","sticky":false,"template":"","format":"standard","meta":{"_crdt_document":"","footnotes":""},"categories":[1],"tags":[],"class_list":["post-1273","post","type-post","status-publish","format-standard","hentry","category-diverse"],"_links":{"self":[{"href":"https:\/\/news-fm.ro\/index.php\/wp-json\/wp\/v2\/posts\/1273","targetHints":{"allow":["GET"]}}],"collection":[{"href":"https:\/\/news-fm.ro\/index.php\/wp-json\/wp\/v2\/posts"}],"about":[{"href":"https:\/\/news-fm.ro\/index.php\/wp-json\/wp\/v2\/types\/post"}],"author":[{"embeddable":true,"href":"https:\/\/news-fm.ro\/index.php\/wp-json\/wp\/v2\/users\/1"}],"replies":[{"embeddable":true,"href":"https:\/\/news-fm.ro\/index.php\/wp-json\/wp\/v2\/comments?post=1273"}],"version-history":[{"count":0,"href":"https:\/\/news-fm.ro\/index.php\/wp-json\/wp\/v2\/posts\/1273\/revisions"}],"wp:attachment":[{"href":"https:\/\/news-fm.ro\/index.php\/wp-json\/wp\/v2\/media?parent=1273"}],"wp:term":[{"taxonomy":"category","embeddable":true,"href":"https:\/\/news-fm.ro\/index.php\/wp-json\/wp\/v2\/categories?post=1273"},{"taxonomy":"post_tag","embeddable":true,"href":"https:\/\/news-fm.ro\/index.php\/wp-json\/wp\/v2\/tags?post=1273"}],"curies":[{"name":"wp","href":"https:\/\/api.w.org\/{rel}","templated":true}]}}