{"id":1266,"date":"2019-03-22T14:33:20","date_gmt":"2019-03-22T14:33:20","guid":{"rendered":"http:\/\/news-fm.ro\/?p=1266"},"modified":"2019-03-22T14:33:22","modified_gmt":"2019-03-22T14:33:22","slug":"jean-gavril-si-feli-ii-aduc-un-tribut-lui-dan-spataru-si-dedica-piesa-iti-pare-rau","status":"publish","type":"post","link":"https:\/\/news-fm.ro\/index.php\/2019\/03\/22\/jean-gavril-si-feli-ii-aduc-un-tribut-lui-dan-spataru-si-dedica-piesa-iti-pare-rau\/","title":{"rendered":"Jean Gavril \u0219i Feli \u00eei aduc un tribut lui Dan Sp\u0103taru \u0219i dedic\u0103 piesa \u201c\u00ce\u021bi pare r\u0103u\u201d"},"content":{"rendered":"\n<figure class=\"wp-block-image\"><img decoding=\"async\" src=\"https:\/\/assets.sport.ro\/assets\/protv\/2019\/03\/20\/image_galleries\/64314\/jean-gavril-si-feli-ii-aduc-un-tribut-lui-dan-spataru-si-dedica-piesa-iti-pare-rau-1_size24.jpg\" alt=\"Jean Gavril \u0219i Feli \u00eei aduc un tribut lui Dan Sp\u0103taru \u0219i dedic\u0103 piesa  \u00ce\u021bi pare r\u0103u\"\/><\/figure>\n\n\n\n<p class=\"wp-block-paragraph\">Jean Gavril \u0219i Feli lanseaz\u0103 \u201c\u00ce\u021bi pare r\u0103u\u201d, o varianta personal\u0103, sensibil\u0103 \u0219i plin\u0103 de emo\u021bie a piesei interpretate \u00een versiunea s\u0103 original\u0103 de marele artist Dan Sp\u0103taru care anul acesta ar fi \u00eemplinit 80 de ani.<\/p>\n\n\n\n<p class=\"wp-block-paragraph\">Cuceri\u021bi de pies\u0103 \u0219i de povestea pe care o transmite, Jean \u0219i Feli \u0219i-au dorit c\u0103 prima care ascult\u0103 versiunea interpretat\u0103 de ei s\u0103 fie Sidonia Sp\u0103taru, so\u021bia lui Dan Sp\u0103taru.&nbsp;<em>\u201cParc\u0103 ne doream cumva girul lui Dan Sp\u0103taru \u0219i ne-am g\u00e2ndit c\u0103 e firesc c\u0103 primul ascult\u0103tor al versiunii noastre s\u0103 fie cel mai apropiat om al artistului, femeia puternic\u0103 din spatele legendei, \u0219i a\u0219a am ajuns cu pies\u0103 la doamna Sp\u0103taru c\u0103reia \u00eei \u0219i dedic\u0103m interpretarea noastr\u0103\u201d<\/em>, poveste\u0219te Jean care a primit cu emo\u021bie un&nbsp;<strong>\u201cbravo\u201d<\/strong>&nbsp;din partea so\u021biei lui Dan Sp\u0103taru pentru pies\u0103 reprodus\u0103 \u00een studiourile HaHaHa Production.&nbsp;<em>\u201cM-a impresionat mult \u0219i \u00eemi venea s\u0103 m\u0103 fac mic-mic de recuno\u0219tin\u021b\u0103 c\u00e2nd ne-a spus c\u0103 probabil \u0219i lui Dan Sp\u0103taru i-ar fi pl\u0103cut mult cum sun\u0103 melodia \u00een interpretarea noastr\u0103\u201d<\/em>.<\/p>\n\n\n\n<figure><iframe allowfullscreen=\"\" height=\"335\" src=\"https:\/\/www.youtube.com\/embed\/CqCmAlV22rY\" width=\"789\"><\/iframe><\/figure>\n\n\n\n<p class=\"wp-block-paragraph\">Jean a ascultat pentru prima dat\u0103 pies\u0103&nbsp;<strong>\u201c\u00ce\u021bi pare r\u0103u\u201d&nbsp;<\/strong>\u00een urm\u0103 cu doi ani \u0219i de atunci l-a marcat, i-a sunat \u00een urechi \u0219i \u00een suflet non-stop p\u00e2n\u0103 c\u00e2nd s-a hot\u0103r\u00e2t s\u0103-i dea \u0219i glas al\u0103turi de Feli:&nbsp;<em>\u201cAm intrat \u00een studio \u0219i am tras pies\u0103 dintr-o suflare. Versiunea aceast\u0103 pe care am lansat-o acum este acea prima interpretare a mea, nicio alt\u0103 varianta pe care am tras-o dup\u0103 aceea nu a avut aceea\u0219i emo\u021bie c\u0103 acea prima \u00eent\u00e2lnire a mea cu pies\u0103 \u00een fa\u021b\u0103 unui microfon. Pies\u0103 aceast\u0103 este toat\u0103 o emo\u021bie, de la \u00eenceput p\u00e2n\u0103 la sf\u00e2r\u0219it\u201d.<\/em>&nbsp; &nbsp; &nbsp;<\/p>\n\n\n\n<figure class=\"wp-block-image\"><img decoding=\"async\" src=\"https:\/\/assets.sport.ro\/assets\/protv\/2019\/03\/20\/image_galleries\/64314\/jean-gavril-si-feli-ii-aduc-un-tribut-lui-dan-spataru-si-dedica-piesa-iti-pare-rau-1_1.png\" alt=\"\"\/><\/figure>\n\n\n\n<figure class=\"wp-block-image\"><img decoding=\"async\" src=\"https:\/\/assets.sport.ro\/assets\/protv\/2019\/03\/20\/image_galleries\/64314\/jean-gavril-si-feli-ii-aduc-un-tribut-lui-dan-spataru-si-dedica-piesa-iti-pare-rau-1.png\" alt=\"\"\/><\/figure>\n\n\n\n<p class=\"wp-block-paragraph\">Odat\u0103 cu\u00a0<strong>\u201c\u00ce\u021bi pare r\u0103u\u201d<\/strong>, Feli tr\u0103ie\u0219te parc\u0103 poezia iubirilor de alt\u0103dat\u0103 care se g\u0103sesc din ce \u00een ce mai rar \u00een ziua de ast\u0103zi:\u00a0<em>\u201cSunt foarte \u00eenc\u00e2ntat\u0103 c\u0103 \u00een sf\u00e2r\u0219it cant un duet cu Jean \u0219i mai ales o a\u0219a pies\u0103 a marelui Dan Sp\u0103taru. C\u00e2nd &#8220;ne-a lovit&#8221; ideea de a reface \u201c\u00ce\u021bi pare r\u0103u\u201d, am fost at\u00e2t de entuziasma\u021bi \u00eenc\u00e2t repede am intrat \u00een studio \u0219i am tras pies\u0103! \u00cemi da o stare de nedescris \u0219i m\u0103 duce cu g\u00e2ndul la iubirile REALE &#8220;din vremuri&#8221;, iubiri care ast\u0103zi foarte rar se tr\u0103iesc!\u201d.\u00a0 \u00a0<br>\u00a0 \u00a0\u00a0<\/em><\/p>\n\n\n\n<p class=\"wp-block-paragraph\">Sursa: protv.ro<\/p>\n","protected":false},"excerpt":{"rendered":"<p>Jean Gavril \u0219i Feli lanseaz\u0103 \u201c\u00ce\u021bi pare r\u0103u\u201d, o varianta personal\u0103, sensibil\u0103 \u0219i plin\u0103 de emo\u021bie a piesei interpretate \u00een versiunea s\u0103 original\u0103 de marele artist Dan Sp\u0103taru care anul acesta ar fi \u00eemplinit 80 de ani. Cuceri\u021bi de pies\u0103 \u0219i de povestea pe care o transmite, Jean \u0219i Feli \u0219i-au dorit c\u0103 prima care [&hellip;]<\/p>\n","protected":false},"author":1,"featured_media":0,"comment_status":"open","ping_status":"open","sticky":false,"template":"","format":"standard","meta":{"_crdt_document":"","footnotes":""},"categories":[1],"tags":[],"class_list":["post-1266","post","type-post","status-publish","format-standard","hentry","category-diverse"],"_links":{"self":[{"href":"https:\/\/news-fm.ro\/index.php\/wp-json\/wp\/v2\/posts\/1266","targetHints":{"allow":["GET"]}}],"collection":[{"href":"https:\/\/news-fm.ro\/index.php\/wp-json\/wp\/v2\/posts"}],"about":[{"href":"https:\/\/news-fm.ro\/index.php\/wp-json\/wp\/v2\/types\/post"}],"author":[{"embeddable":true,"href":"https:\/\/news-fm.ro\/index.php\/wp-json\/wp\/v2\/users\/1"}],"replies":[{"embeddable":true,"href":"https:\/\/news-fm.ro\/index.php\/wp-json\/wp\/v2\/comments?post=1266"}],"version-history":[{"count":0,"href":"https:\/\/news-fm.ro\/index.php\/wp-json\/wp\/v2\/posts\/1266\/revisions"}],"wp:attachment":[{"href":"https:\/\/news-fm.ro\/index.php\/wp-json\/wp\/v2\/media?parent=1266"}],"wp:term":[{"taxonomy":"category","embeddable":true,"href":"https:\/\/news-fm.ro\/index.php\/wp-json\/wp\/v2\/categories?post=1266"},{"taxonomy":"post_tag","embeddable":true,"href":"https:\/\/news-fm.ro\/index.php\/wp-json\/wp\/v2\/tags?post=1266"}],"curies":[{"name":"wp","href":"https:\/\/api.w.org\/{rel}","templated":true}]}}