{"id":1247,"date":"2019-03-20T14:09:04","date_gmt":"2019-03-20T14:09:04","guid":{"rendered":"http:\/\/news-fm.ro\/?p=1247"},"modified":"2019-03-20T14:09:06","modified_gmt":"2019-03-20T14:09:06","slug":"a-fost-lansat-noul-clip-de-promovare-a-romaniei-video","status":"publish","type":"post","link":"https:\/\/news-fm.ro\/index.php\/2019\/03\/20\/a-fost-lansat-noul-clip-de-promovare-a-romaniei-video\/","title":{"rendered":"A fost lansat noul clip de promovare a Rom\u00e2niei &#8211; VIDEO"},"content":{"rendered":"\n<p class=\"wp-block-paragraph\"><strong>Ministerul Turismului a lansat noul clip de promovare a Rom\u00e2niei ca destina\u0163ie pentru 365 de zile de vacan\u0163\u0103 pe an, care cuprinde imagini reprezentative pentru toate formele de turism din \u0163ar\u0103, informeaz\u0103 institu\u0163ia pintr-un comunicat remis AGERPRES.<\/strong><\/p>\n\n\n\n<p class=\"wp-block-paragraph\">&#8220;Clipul pune accent pe senza\u0163iile \u015fi experien\u0163ele tr\u0103ite de turi\u015ftii care accept\u0103 invita\u0163ia de a vizita Rom\u00e2nia. Prin intermediul unor obiective simbolice pentru \u0163ara noastr\u0103, poten\u0163ialii turi\u015fti au ocazia s\u0103 experimenteze tr\u0103iri inedite \u015fi autentice oferite de destina\u0163ia turistic\u0103 Rom\u00e2nia. Film\u0103rile clipului au fost f\u0103cute \u00een toate regiunile \u0163\u0103rii \u015fi au surprins destina\u0163ii emblematice \u015fi locuri unice din Rom\u00e2nia&#8221;, se precizeaz\u0103 \u00een documentul citat.\n\n<\/p>\n\n\n\n<figure><iframe src=\"https:\/\/www.facebook.com\/plugins\/video.php?href=https%3A%2F%2Fwww.facebook.com%2FMinisterulTurismuluiMT%2Fvideos%2F316003712434973%2F&amp;show_text=0&amp;width=560\" width=\"560\" height=\"315\" allowfullscreen=\"allowfullscreen\"><\/iframe><\/figure>\n\n\n\n<p class=\"wp-block-paragraph\">Obiectivul realiz\u0103rii noului film a fost de a promova destina\u0163ia turistic\u0103 Rom\u00e2nia prin accentuarea avantajelor sale competitive. Clipul cuprinde imagini relevante pentru tot ce \u015fi-ar putea dori un turist care dore\u015fte s\u0103 descopere o nou\u0103 destina\u0163ie.<\/p>\n\n\n\n<figure class=\"wp-block-image\"><img decoding=\"async\" src=\"https:\/\/news-fm.ro\/wp-content\/uploads\/2019\/03\/maxresdefault-1-1024x576.jpg\" alt=\"\" class=\"wp-image-1257\"\/><\/figure>\n\n\n\n<p class=\"wp-block-paragraph\">&#8220;Sunt numeroase destina\u0163ii turistice prezentate \u00een clip! Nu am uitat niciun domeniu care ar putea atrage turi\u015ftii \u00een Rom\u00e2nia! Avem de la imagini cu monumente UNESCO, la obiective unice \u00een lume, peisaje de vis \u015fi chiar cadre care ilustreaz\u0103 perfect felul de a fi jovial al rom\u00e2nului, pus pe distrac\u0163ie! Acest proiect a fost un obiectiv pe care mi l-am propus \u00eenc\u0103 de la primele zile ca ministru al Turismului. Clipul este doar \u00eenceputul unei campanii de promovare integrate, care va pune Rom\u00e2nia \u00een prim-planul aten\u0163iei tuturor&#8221;, a declarat ministrul Turismului, Bogdan Trif.<\/p>\n\n\n\n<p class=\"wp-block-paragraph\">Filmul a fost creat pentru a fi utilizat \u00een campaniile de promovare ale Ministerului Turismului, precum campanii TV \u015fi marketing online. \u00cen aceea\u015fi m\u0103sur\u0103 clipul va fi promovat \u015fi cu ocazia unor evenimente interne \u015fi externe.<\/p>\n\n\n\n<p class=\"wp-block-paragraph\">Ministerul Turismului a mai realizat, la sf\u00e2r\u015fitul anului trecut, un film de promovare a turismului cultural \u015fi de city-break care va fi folosit, de asemenea, \u00een cadrul viitoarelor campanii de promovare. <\/p>\n\n\n\n<p class=\"wp-block-paragraph\">Sursa: AGERPRES.ro<\/p>\n","protected":false},"excerpt":{"rendered":"<p>Ministerul Turismului a lansat noul clip de promovare a Rom\u00e2niei ca destina\u0163ie pentru 365 de zile de vacan\u0163\u0103 pe an, care cuprinde imagini reprezentative pentru toate formele de turism din \u0163ar\u0103, informeaz\u0103 institu\u0163ia pintr-un comunicat remis AGERPRES. &#8220;Clipul pune accent pe senza\u0163iile \u015fi experien\u0163ele tr\u0103ite de turi\u015ftii care accept\u0103 invita\u0163ia de a vizita Rom\u00e2nia. Prin [&hellip;]<\/p>\n","protected":false},"author":1,"featured_media":0,"comment_status":"open","ping_status":"open","sticky":false,"template":"","format":"standard","meta":{"_crdt_document":"","footnotes":""},"categories":[1],"tags":[],"class_list":["post-1247","post","type-post","status-publish","format-standard","hentry","category-diverse"],"_links":{"self":[{"href":"https:\/\/news-fm.ro\/index.php\/wp-json\/wp\/v2\/posts\/1247","targetHints":{"allow":["GET"]}}],"collection":[{"href":"https:\/\/news-fm.ro\/index.php\/wp-json\/wp\/v2\/posts"}],"about":[{"href":"https:\/\/news-fm.ro\/index.php\/wp-json\/wp\/v2\/types\/post"}],"author":[{"embeddable":true,"href":"https:\/\/news-fm.ro\/index.php\/wp-json\/wp\/v2\/users\/1"}],"replies":[{"embeddable":true,"href":"https:\/\/news-fm.ro\/index.php\/wp-json\/wp\/v2\/comments?post=1247"}],"version-history":[{"count":0,"href":"https:\/\/news-fm.ro\/index.php\/wp-json\/wp\/v2\/posts\/1247\/revisions"}],"wp:attachment":[{"href":"https:\/\/news-fm.ro\/index.php\/wp-json\/wp\/v2\/media?parent=1247"}],"wp:term":[{"taxonomy":"category","embeddable":true,"href":"https:\/\/news-fm.ro\/index.php\/wp-json\/wp\/v2\/categories?post=1247"},{"taxonomy":"post_tag","embeddable":true,"href":"https:\/\/news-fm.ro\/index.php\/wp-json\/wp\/v2\/tags?post=1247"}],"curies":[{"name":"wp","href":"https:\/\/api.w.org\/{rel}","templated":true}]}}