{"id":1196,"date":"2019-02-22T13:13:32","date_gmt":"2019-02-22T13:13:32","guid":{"rendered":"http:\/\/news-fm.ro\/?p=1196"},"modified":"2019-02-22T13:13:33","modified_gmt":"2019-02-22T13:13:33","slug":"videoclip-oficial-andra-supereroi","status":"publish","type":"post","link":"https:\/\/news-fm.ro\/index.php\/2019\/02\/22\/videoclip-oficial-andra-supereroi\/","title":{"rendered":"Videoclip oficial: Andra &#8211; Supereroi"},"content":{"rendered":"\n<p class=\"wp-block-paragraph\"><strong>Andra lanseaz\u0103 un nou single \u00een limba rom\u00e2n\u0103, o pies\u0103 de dragoste intitulat\u0103 \u201dSupereroi\u201c. Melodia este compus\u0103 de Irina Rimes \u0219i vine acompaniat\u0103 de un videoclip \u00een care Ilie Dumitrescu Jr. joac\u0103 rolul iubitului Andrei.<\/strong><\/p>\n\n\n\n<figure><iframe width=\"800\" height=\"450\" src=\"https:\/\/www.youtube.com\/embed\/4OH3JZyLVJE?version=3&amp;rel=1&amp;fs=1&amp;autohide=2&amp;showsearch=0&amp;showinfo=1&amp;iv_load_policy=1&amp;wmode=transparent\" allowfullscreen=\"true\"><\/iframe><\/figure>\n\n\n\n<p class=\"wp-block-paragraph\">Videoclipul piesei \u201d<strong>Supereroi<\/strong>\u201d a fost filmat \u00eentr-un decor spectaculos, \u00een Palatul Ghica Victoria, din Bucure\u0219ti. Regizorul Roman Burlaca a g\u00e2ndit produc\u021bia ca o poveste de dragoste contemporan\u0103 \u0219i, \u00een acela\u0219i timp, atemporal\u0103, pun\u00e2nd accent pe momentele dificile, desprinse din realitate, care definesc o rela\u021bie autentic\u0103 de dragoste.<\/p>\n\n\n\n<h2 class=\"wp-block-heading\">\u00cen videoclipul \u201dSupereroi\u201d apare&nbsp;Ilie Dumitrescu Jr<\/h2>\n\n\n\n<p class=\"wp-block-paragraph\"><strong>Andra<\/strong>&nbsp;apare \u00een clip al\u0103turi de Ilie Dumitrescu Jr., fiul fostului mare fotbalist<strong>&nbsp;Ilie Dumitrescu<\/strong>, cunoscut drept Toto. T\u00e2n\u0103rul actor, care s-a remarcat cu rolurile sale din \u201dUn pas \u00een urma serafimilor\u201d \u0219i \u201dHackerville\u201d, este student la actorie \u00een Londra \u0219i a zburat de pe o zi pe alta la Bucure\u0219ti ca s\u0103 filmeze al\u0103turi de Andra.<\/p>\n\n\n\n<blockquote class=\"wp-block-quote is-layout-flow wp-block-quote-is-layout-flow\"><p>\u201dA fost o pl\u0103cere s\u0103 lucrez cu Andra, ea \u0219i C\u0103t\u0103lin sunt doi oameni minuna\u021bi. Melodia este foarte frumoas\u0103, vocea Andrei fiind perfect pus\u0103 \u00een valoare. Mesajul transmis e c\u0103 trebuie s\u0103 ne g\u0103sim puterea de a merge mai departe chiar \u0219i atunci c\u00e2nd lucrurile \u00eentr-o rela\u021bie tind s\u0103 nu mearg\u0103 \u00een direc\u021bia \u00een care trebuie\u201d, a m\u0103rturisit&nbsp;<strong>Toto<\/strong>.<\/p><\/blockquote>\n\n\n\n<p class=\"wp-block-paragraph\">Film\u0103rile au durat o zi \u0219i\u00a0<strong>Andra<\/strong>\u00a0a schimbat trei \u021binute, dar \u0219i mai multe coafuri, care \u00eei pun \u00een valoare feminitatea \u0219i senzualitatea.<\/p>\n\n\n\n<figure class=\"wp-block-image\"><img decoding=\"async\" src=\"https:\/\/news-fm.ro\/wp-content\/uploads\/2019\/02\/Andra-si-Toto-Dumitrescu-in-Supereroi-1024x574.png\" alt=\"\" class=\"wp-image-1197\"\/><\/figure>\n\n\n\n<blockquote class=\"wp-block-quote is-layout-flow wp-block-quote-is-layout-flow\"><p>\u201dOrice rela\u021bie are parte de provoc\u0103ri \u0219i cu to\u021bii suntem, de fapt, \u201dSupereroi\u201d c\u00e2nd iubim \u0219i facem povestea de dragoste s\u0103 mearg\u0103 mai departe, indiferent de greut\u0103\u021bi. Eu nu cred c\u0103 dragostea dureaz\u0103 trei ani, ci c\u00e2t o facem noi s\u0103 reziste, chiar dac\u0103 exist\u0103 momente de nelini\u0219te, de suspin, de \u00eentreb\u0103ri, dar \u0219i de gust amar. Iubirea ne arunc\u0103 la p\u0103m\u00e2nt, dar tot ea ne ridic\u0103\u201d, a declarat&nbsp;<strong>Andra<\/strong>.<\/p><\/blockquote>\n\n\n\n<p class=\"wp-block-paragraph\">Anterior acestei melodii,\u00a0<strong>Andra<\/strong>\u00a0a lansat \u00een colaborare cu Descemer Bueno, Enrique Iglesias \u0219i El Micha piesa \u201d<a href=\"https:\/\/www.infomusic.ro\/videoclip\/andra-nos-fuimos-lejos-piesa-lui-enrique-iglesias-versiunea-in-romana\/\">Nos Fuimos Lejos<\/a>\u201c. Melodia a ocupat mult timp locul 1 \u00een trending pe YouTube \u0219i a str\u00e2ns peste 43 de milioane de vizualiz\u0103ri \u00een doar cinci luni de la lansare, fiind difuzat\u0103 \u0219i \u00een str\u0103in\u0103tate: \u00een Anglia, Spania, Italia sau Columbia, dar \u0219i \u00een Japonia.<\/p>\n\n\n\n<p class=\"wp-block-paragraph\">Sursa: infomusic.ro<\/p>\n","protected":false},"excerpt":{"rendered":"<p>Andra lanseaz\u0103 un nou single \u00een limba rom\u00e2n\u0103, o pies\u0103 de dragoste intitulat\u0103 \u201dSupereroi\u201c. Melodia este compus\u0103 de Irina Rimes \u0219i vine acompaniat\u0103 de un videoclip \u00een care Ilie Dumitrescu Jr. joac\u0103 rolul iubitului Andrei. Videoclipul piesei \u201dSupereroi\u201d a fost filmat \u00eentr-un decor spectaculos, \u00een Palatul Ghica Victoria, din Bucure\u0219ti. Regizorul Roman Burlaca a g\u00e2ndit [&hellip;]<\/p>\n","protected":false},"author":1,"featured_media":0,"comment_status":"open","ping_status":"open","sticky":false,"template":"","format":"standard","meta":{"_crdt_document":"","footnotes":""},"categories":[1],"tags":[],"class_list":["post-1196","post","type-post","status-publish","format-standard","hentry","category-diverse"],"_links":{"self":[{"href":"https:\/\/news-fm.ro\/index.php\/wp-json\/wp\/v2\/posts\/1196","targetHints":{"allow":["GET"]}}],"collection":[{"href":"https:\/\/news-fm.ro\/index.php\/wp-json\/wp\/v2\/posts"}],"about":[{"href":"https:\/\/news-fm.ro\/index.php\/wp-json\/wp\/v2\/types\/post"}],"author":[{"embeddable":true,"href":"https:\/\/news-fm.ro\/index.php\/wp-json\/wp\/v2\/users\/1"}],"replies":[{"embeddable":true,"href":"https:\/\/news-fm.ro\/index.php\/wp-json\/wp\/v2\/comments?post=1196"}],"version-history":[{"count":0,"href":"https:\/\/news-fm.ro\/index.php\/wp-json\/wp\/v2\/posts\/1196\/revisions"}],"wp:attachment":[{"href":"https:\/\/news-fm.ro\/index.php\/wp-json\/wp\/v2\/media?parent=1196"}],"wp:term":[{"taxonomy":"category","embeddable":true,"href":"https:\/\/news-fm.ro\/index.php\/wp-json\/wp\/v2\/categories?post=1196"},{"taxonomy":"post_tag","embeddable":true,"href":"https:\/\/news-fm.ro\/index.php\/wp-json\/wp\/v2\/tags?post=1196"}],"curies":[{"name":"wp","href":"https:\/\/api.w.org\/{rel}","templated":true}]}}