{"id":11678,"date":"2026-01-09T20:08:56","date_gmt":"2026-01-09T20:08:56","guid":{"rendered":"https:\/\/news-fm.ro\/index.php\/2026\/01\/09\/horia-brenciu-sustine-doua-concerte-fac-ce-mi-spune-inima-la-sala-palatului\/"},"modified":"2026-01-09T20:08:56","modified_gmt":"2026-01-09T20:08:56","slug":"horia-brenciu-sustine-doua-concerte-fac-ce-mi-spune-inima-la-sala-palatului","status":"publish","type":"post","link":"https:\/\/news-fm.ro\/index.php\/2026\/01\/09\/horia-brenciu-sustine-doua-concerte-fac-ce-mi-spune-inima-la-sala-palatului\/","title":{"rendered":"Horia Brenciu sus\u021bine dou\u0103 concerte &#8220;Fac ce-mi spune inima&#8221; la Sala Palatului"},"content":{"rendered":"<p>Noile concerte pe care Horia Brenciu le va sus\u021bine la Sala Palatului la sf\u00e2r\u0219itul lui 2026 poart\u0103 denumirea uneia dintre cele mai populare piese din cariera sa: &#8220;Fac ce-mi spune inima&#8221;. Pe 21 \u0219i 22 noiembrie, \u00eendr\u0103gitul artist \u0219i trupa sa, HB Orchestra, vor c\u00e2nta cele mai iubite c\u00e2ntece din repertoriu, promi\u021b\u00e2nd un show senza\u021bional.<\/p>\n<p>Conceptul artistic nu doar c\u0103 va pune \u00een lumin\u0103 portofoliul muzical al lui Brenciu, dar va prezenta evolu\u021bia acestuia, de la emisiuni de televiziune la cariera de c\u00e2nt\u0103re\u021b, de la concerte la musicaluri, de la c\u00e2nt\u0103ri \u00een cluburi la concerte desf\u0103\u0219urate la Sala Palatului.<\/p>\n<\/p>\n<p>Horia Brenciu\u00a0este un entertainer \u00eenn\u0103scut care de-a lungul timpului a cucerit publicul din postura de solist vocal, actor sau gazd\u0103 a unor emisiuni TV. \u00cen anul 2002, Horia Brenciu a \u00eenfiin\u021bat trupa HB Orchestra al\u0103turi de care a sus\u021binut concerte de excep\u021bie prin toat\u0103 \u021bara. Primul album a ie\u0219it la lumin\u0103 sub numele de &#8220;35&#8221; \u0219i a dat lumii cunoscutele piese ca &#8220;Funky Party&#8221;, &#8220;Cine e\u0219ti tu?&#8221;, &#8220;Septembrie, luni&#8221; sau &#8220;Prolog&#8221;. Au urmat discurile &#8220;37&#8221; \u0219i &#8220;40+&#8221;.<\/p>\n<p>Artistul a revenit \u00een 2025 pe micile ecrane \u00een cadrul celui de-al 13-lea sezon Vocea Rom\u00e2niei, f\u0103c\u00e2nd din nou echip\u0103 cu Theo Rose. Cei doi au ajuns \u00een marea final\u0103 a emisiunii cu <a href=\"https:\/\/www.infomusic.ro\/2025\/12\/finalista-eva-nicolescu-vocea-romaniei-2025\/\" target=\"_blank\" rel=\"noopener\">Eva Nicolescu.<\/a><\/p>\n<p>Pre\u021buri bilete concerte Horia Brenciu &#8220;Fac ce-mi spune inima&#8221; la Sala Palatului<\/p>\n<p>Biletele de acces sunt disponibile online, la pre\u021buri cuprinse \u00eentre 119 lei \u0219i 359 lei \u00een func\u021bie de categorie. Pentru mai multe detalii despre bilete \u0219i modalitatea de achizi\u021bionare, acceseaz\u0103 <a href=\"https:\/\/www.infomusic.ro\/agenda\/horia-brenciu-concert-sala-palatului-2026\/\" target=\"_blank\" rel=\"noopener\">agenda InfoMusic.<\/a><\/p>\n<p>Info acces concert Horia Brenciu &#8220;Fac ce-mi spune inima&#8221; la Sala Palatului<\/p>\n<ul>\n<li>Accesul copiilor sub 7 ani este gratuit, f\u0103r\u0103 loc asigurat, doar \u00eenso\u021bit de cel pu\u021bin un p\u0103rinte cu bilet valabil.<\/li>\n<li>Accesul copiilor peste 7 ani se face numai pe baza unui bilet valabil.<\/li>\n<\/ul>\n<p>R\u0103m\u00e2i al\u0103turi de noi, <a href=\"https:\/\/www.infomusic.ro\/newsletter\/\" rel=\"bookmark\" title=\"Aboneaz\u0103-te la newsletter\">aboneaz\u0103-te la newsletterul cu \u0219tiri \u0219i evenimente!<\/a><\/p>\n<p> \u00ce\u021bi recomand\u0103m aceste videoclipuri <\/p>\n<p><img decoding=\"async\" src=\"https:\/\/static.infomusic.ro\/logo-slogan.svg\" alt=\"INFOMUSIC\" width=\"150\" height=\"150\"\/><\/p>\n<p> <a href=\"https:\/\/www.infomusic.ro\/stiri\/muzica\/emisiuni-muzica\/\">Emisiuni radio-tv<\/a>Alessia Pop i-a adus lui Tudor Chiril\u0103 a opta victorie de la Vocea Rom\u00e2niei <\/p>\n<p>Tudor Chiril\u0103 a stabilit un nou record \u00een istoria Vocea Rom\u00e2niei odat\u0103 cu victoria Alessiei Pop \u00een marea final\u0103 a celui de-al 13-lea sezon. Artistul are acum \u00een palmares opt trofee, ce \u00eei reconfirm\u0103 statutul de mentor cu o intui\u021bie bun\u0103 \u0219i cu o capacitate remarcabil\u0103 de a transforma voci tinere \u00een pove\u0219ti de succes.<\/p>\n<p><img loading=\"lazy\" alt src=\"https:\/\/secure.gravatar.com\/avatar\/a088e08883d33ed9770d266ee8cf1b04789e2ef9e93eeeb1a3535dce2090b113?s=46&#038;d=blank&#038;r=g\"  height=\"46\" width=\"46\" loading=\"lazy\" decoding=\"async\"\/><\/p>\n<p>Publicat<\/p>\n<p>acum 3 s\u0103pt\u0103m\u00e2ni<\/p>\n<p>pe<\/p>\n<p>20\/12\/2025<\/p>\n<p><img loading=\"lazy\" width=\"800\" height=\"533\" src=\"https:\/\/static.infomusic.ro\/media\/2025\/12\/alessia-pop-tudor-chirila-vocea-romaniei-2025.jpg\" alt=\"Alessia Pop \u0219i Tudor Chiril\u0103 la Vocea Rom\u00e2niei 2025\" decoding=\"async\" loading=\"lazy\"\/><\/p>\n<p> Alessia Pop \u0219i Tudor Chiril\u0103 la Vocea Rom\u00e2niei 2025 \u2502 FOTO: PRO TV <\/p>\n<p>Cu emo\u021bie, maturitate artistic\u0103 \u0219i o voce care a ajuns direct la inimile celor de acas\u0103, Alessia Pop a c\u00e2\u0219tigat marele trofeu Vocea Rom\u00e2niei 2025, marc\u00e2nd totodat\u0103 a opta victorie pentru antrenorul Tudor Chiril\u0103. Finala a adus fa\u021b\u0103 \u00een fa\u021b\u0103 experien\u021ba unui mentor consacrat \u0219i prospe\u021bimea unei voci tinere, rezultatul fiind o trilogie de interpret\u0103ri din mai multe genuri muzicale.<\/p>\n<p>&#8220;E foarte greu s\u0103 nu te lup\u021bi pentru un concurent, s\u0103 nu te bucuri, pentru c\u0103 to\u021bi, \u00een fiecare an, vin cu o speran\u021b\u0103 nou\u0103, practic, e un joc pe care \u00eel iei de la zero. Sunt bucuros pentru Alessia. Nu pentru orgoliul meu personal, ci pentru faptul c\u0103 \u00een momentul \u00een care a venit \u00een echipa mea \u0219i a \u00eenceput s\u0103 munceasc\u0103 cot la cot cu ceilal\u021bi concuren\u021bi, \u0219i apoi ajung\u00e2nd \u00een final\u0103, probabil a vrut o confirmare \u0219i a a\u0219teptat ca implicarea mea s\u0103 fie la nivelul unui antrenor care nu a luat niciun trofeu,<\/p>\n<p> <a class=\"echo_read_more\" href=\"https:\/\/www.infomusic.ro\/2026\/01\/concerte-horia-brenciu-fac-ce-mi-spune-inima-sala-palatului-2026\/\" target=\"_blank\">\u00a0\u00bb\u00a0Cite\u0219te continuarea pe pagina autorului<\/a><\/p>\n","protected":false},"excerpt":{"rendered":"<p>Noile concerte pe care Horia Brenciu le va sus\u021bine la Sala Palatului la sf\u00e2r\u0219itul lui 2026 poart\u0103 denumirea uneia dintre cele mai populare piese din cariera sa: &#8220;Fac ce-mi spune inima&#8221;. Pe 21 \u0219i 22 noiembrie, \u00eendr\u0103gitul artist \u0219i trupa sa, HB Orchestra, vor c\u00e2nta cele mai iubite c\u00e2ntece din repertoriu, promi\u021b\u00e2nd un show senza\u021bional. [&hellip;]<\/p>\n","protected":false},"author":1,"featured_media":11679,"comment_status":"open","ping_status":"open","sticky":false,"template":"","format":"standard","meta":{"_crdt_document":"","footnotes":""},"categories":[4],"tags":[],"class_list":["post-11678","post","type-post","status-publish","format-standard","has-post-thumbnail","hentry","category-noutati"],"_links":{"self":[{"href":"https:\/\/news-fm.ro\/index.php\/wp-json\/wp\/v2\/posts\/11678","targetHints":{"allow":["GET"]}}],"collection":[{"href":"https:\/\/news-fm.ro\/index.php\/wp-json\/wp\/v2\/posts"}],"about":[{"href":"https:\/\/news-fm.ro\/index.php\/wp-json\/wp\/v2\/types\/post"}],"author":[{"embeddable":true,"href":"https:\/\/news-fm.ro\/index.php\/wp-json\/wp\/v2\/users\/1"}],"replies":[{"embeddable":true,"href":"https:\/\/news-fm.ro\/index.php\/wp-json\/wp\/v2\/comments?post=11678"}],"version-history":[{"count":0,"href":"https:\/\/news-fm.ro\/index.php\/wp-json\/wp\/v2\/posts\/11678\/revisions"}],"wp:featuredmedia":[{"embeddable":true,"href":"https:\/\/news-fm.ro\/index.php\/wp-json\/wp\/v2\/media\/11679"}],"wp:attachment":[{"href":"https:\/\/news-fm.ro\/index.php\/wp-json\/wp\/v2\/media?parent=11678"}],"wp:term":[{"taxonomy":"category","embeddable":true,"href":"https:\/\/news-fm.ro\/index.php\/wp-json\/wp\/v2\/categories?post=11678"},{"taxonomy":"post_tag","embeddable":true,"href":"https:\/\/news-fm.ro\/index.php\/wp-json\/wp\/v2\/tags?post=11678"}],"curies":[{"name":"wp","href":"https:\/\/api.w.org\/{rel}","templated":true}]}}